{"id":380815,"date":"2025-08-29T01:27:15","date_gmt":"2025-08-29T01:27:15","guid":{"rendered":"https:\/\/www.europesays.com\/de\/380815\/"},"modified":"2025-08-29T01:27:15","modified_gmt":"2025-08-29T01:27:15","slug":"fc-augsburg-spielertunnel-im-roemerlook-neugestaltet","status":"publish","type":"post","link":"https:\/\/www.europesays.com\/de\/380815\/","title":{"rendered":"FC Augsburg: Spielertunnel im R\u00f6merlook neugestaltet"},"content":{"rendered":"<p class=\"mb-6 text-xs md:text-m lg:text-l font-serif group-[.font-sans]:font-sans \">\n    Am Samstag steigt nicht nur das erste Heimspiel der Saison in der WWK-Arena, der neue Spielertunnel im R\u00f6merlook wird bei <a href=\"https:\/\/www.augsburger-allgemeine.de\/sport\/fc-augsburg-vs-fc-bayern-alle-spiele-highlights-wie-oft-hat-bayern-gegen-den-fca-verloren-110655208\" target=\"_self\" class=\"underline \" rel=\"nofollow noopener\">dem Zusammentreffen des FC Augsburg und des FC Bayern <\/a>eingeweiht. Wie bereits <a href=\"https:\/\/www.augsburger-allgemeine.de\/sport\/fc-augsburg\/roy-bianco-interview-ueber-die-liebe-zum-fc-augsburg-eine-lieblingsband-ist-wie-eine-lieblingsmannschaft-110617677\" target=\"_self\" class=\"underline \" rel=\"nofollow noopener\">die beiden R\u00f6mertrikots des FCA<\/a> lehnt sich die Gestaltung des Tunnels an die <a href=\"https:\/\/www.augsburger-allgemeine.de\/augsburg\/von-den-roemern-bis-zur-wehrmacht-augsburg-war-immer-wieder-garnisonsstadt-109027523\" target=\"_self\" class=\"underline \" rel=\"nofollow noopener\">Geschichte der Stadt Augsburg<\/a> an.\n  <\/p>\n<p class=\"mb-6 text-xs md:text-m lg:text-l font-serif group-[.font-sans]:font-sans \">\n    \u201eDer Wunsch, unseren Spielertunnel zu modernisieren, bestand bereits seit l\u00e4ngerer Zeit\u201c, wird <a href=\"https:\/\/www.augsburger-allgemeine.de\/sport\/fc-augsburg\/fc-augsburg-warum-michael-stroell-fuer-einen-posten-im-dfl-aufsichtsrat-kandidiert-110573422\" target=\"_self\" class=\"underline \" rel=\"nofollow noopener\">FCA-Gesch\u00e4ftsf\u00fchrer Michael Str\u00f6ll<\/a> in einer Pressemitteilung des Vereins zitiert. \u201eZwar war der bisherige Tunnel funktional, jedoch optisch wenig ansprechend. Das Ergebnis der Neugestaltung ist beeindruckend \u2013 der neue Spielertunnel im R\u00f6merlook \u00fcberzeugt durch stilvolles Design, viel Liebe zum Detail und passt hervorragend zu unserem Klub. F\u00fcr uns steht fest: Wir verf\u00fcgen nun \u00fcber einen der sch\u00f6nsten Spielertunnel in der Bundesliga.\u201c\n  <\/p>\n<p>    <img decoding=\"async\" src=\"https:\/\/images.mgpd.de\/img\/110666324\/crop\/c16_9-w100\/1468038307\/1521916774\/20250828-hintergrundinformationen-spielertunnel-01.jpg\" alt=\"Beim Heimspiel gegen den FC Bayern wird der neugestaltete Spielertunnel eingeweiht.\" title=\"Beim Heimspiel gegen den FC Bayern wird der neugestaltete Spielertunnel eingeweiht.\" class=\"h-full w-full object-cover\"\/><\/p>\n<p>      Icon vergr\u00f6\u00dfern<\/p>\n<p>    Beim Heimspiel gegen den FC Bayern wird der neugestaltete Spielertunnel eingeweiht.<br \/>\n    Foto: FC Augsburg<\/p>\n<p>        Schlie\u00dfen <\/p>\n<p>      Icon Schlie\u00dfen<\/p>\n<p>        Icon vergr\u00f6\u00dfern<\/p>\n<p>        Icon verkleinern<\/p>\n<p>      Icon Pfeil bewegen<\/p>\n<p>    Beim Heimspiel gegen den FC Bayern wird der neugestaltete Spielertunnel eingeweiht.<br \/>\n    Foto: FC Augsburg<\/p>\n<p>            Tunneltore in der WWK-Arena sollen an Augsburgs r\u00f6mische Wurzeln erinnern<\/p>\n<p class=\"mb-6 text-xs md:text-m lg:text-l font-serif group-[.font-sans]:font-sans \">\n    Laut der Pressemitteilung soll die Gestaltung der beiden Tunneltore an die r\u00f6mischen Amphitheater von Rom und Verona erinnern und die historische Verbindung Augsburgs zu seiner r\u00f6mischen Vergangenheit unterstreichen. In dem in klassischer Steinoptik gehaltenem Tunnel sehen die Spieler vor dem Spiel eine eiserne Zirbelnuss auf dem Tor und an der Tunnelwand. Dazu kommt ein leuchtendes FCA-Wappen und der Schriftzug \u201eK\u00e4mpfen und Siegen\u201c.\n  <\/p>\n<ul data-module-id=\"DragDropModule\" class=\"flex flex-wrap justify-start group-[.no-bookmarks]:hidden\">\n<li class=\"mb-3 mr-3\">\n    Quirin H\u00f6nig<\/p>\n<p>      Icon Haken im Kreis gesetzt<\/p>\n<p>      Icon Plus im Kreis<\/p>\n<\/li>\n<li class=\"mb-3 mr-3\">\n    FC Augsburg<\/p>\n<p>      Icon Haken im Kreis gesetzt<\/p>\n<p>      Icon Plus im Kreis<\/p>\n<\/li>\n<li class=\"mb-3 mr-3\">\n    Augsburg<\/p>\n<p>      Icon Haken im Kreis gesetzt<\/p>\n<p>      Icon Plus im Kreis<\/p>\n<\/li>\n<\/ul>\n","protected":false},"excerpt":{"rendered":"Am Samstag steigt nicht nur das erste Heimspiel der Saison in der WWK-Arena, der neue Spielertunnel im R\u00f6merlook&hellip;\n","protected":false},"author":2,"featured_media":380816,"comment_status":"","ping_status":"","sticky":false,"template":"","format":"standard","meta":{"footnotes":""},"categories":[1846],"tags":[680,772,3364,29,548,663,3934,30,13,14,15,12],"class_list":{"0":"post-380815","1":"post","2":"type-post","3":"status-publish","4":"format-standard","5":"has-post-thumbnail","7":"category-augsburg","8":"tag-augsburg","9":"tag-bayern","10":"tag-de","11":"tag-deutschland","12":"tag-eu","13":"tag-europa","14":"tag-europe","15":"tag-germany","16":"tag-headlines","17":"tag-nachrichten","18":"tag-news","19":"tag-schlagzeilen"},"share_on_mastodon":{"url":"https:\/\/pubeurope.com\/@de\/115109458334340838","error":""},"_links":{"self":[{"href":"https:\/\/www.europesays.com\/de\/wp-json\/wp\/v2\/posts\/380815","targetHints":{"allow":["GET"]}}],"collection":[{"href":"https:\/\/www.europesays.com\/de\/wp-json\/wp\/v2\/posts"}],"about":[{"href":"https:\/\/www.europesays.com\/de\/wp-json\/wp\/v2\/types\/post"}],"author":[{"embeddable":true,"href":"https:\/\/www.europesays.com\/de\/wp-json\/wp\/v2\/users\/2"}],"replies":[{"embeddable":true,"href":"https:\/\/www.europesays.com\/de\/wp-json\/wp\/v2\/comments?post=380815"}],"version-history":[{"count":0,"href":"https:\/\/www.europesays.com\/de\/wp-json\/wp\/v2\/posts\/380815\/revisions"}],"wp:featuredmedia":[{"embeddable":true,"href":"https:\/\/www.europesays.com\/de\/wp-json\/wp\/v2\/media\/380816"}],"wp:attachment":[{"href":"https:\/\/www.europesays.com\/de\/wp-json\/wp\/v2\/media?parent=380815"}],"wp:term":[{"taxonomy":"category","embeddable":true,"href":"https:\/\/www.europesays.com\/de\/wp-json\/wp\/v2\/categories?post=380815"},{"taxonomy":"post_tag","embeddable":true,"href":"https:\/\/www.europesays.com\/de\/wp-json\/wp\/v2\/tags?post=380815"}],"curies":[{"name":"wp","href":"https:\/\/api.w.org\/{rel}","templated":true}]}}