{"id":380817,"date":"2025-08-29T01:28:18","date_gmt":"2025-08-29T01:28:18","guid":{"rendered":"https:\/\/www.europesays.com\/de\/380817\/"},"modified":"2025-08-29T01:28:18","modified_gmt":"2025-08-29T01:28:18","slug":"leseraerger-hund-von-heimbewohner-soll-ploetzlich-ausziehen-waldsee","status":"publish","type":"post","link":"https:\/\/www.europesays.com\/de\/380817\/","title":{"rendered":"Leser\u00e4rger: Hund von Heimbewohner soll pl\u00f6tzlich ausziehen &#8211; Waldsee"},"content":{"rendered":"<p class=\"rhp-dpa-teaser\"><b>J\u00fcrgen Scherrer wohnt  seit zweieinhalb Jahren  mit seinem Hund Yalk  im Rhein-Pfalz-Stift in Waldsee. Nun soll das Tier ausziehen. Der 65-J\u00e4hrige kann das nicht fassen.<\/b><\/p>\n<p>\u201eIch habe mein Leben lang Menschen in Not geholfen. Jetzt bin ich in Not und ich brauche dringend Hilfe\u201c, sagt J\u00fcrgen Scherrer mit Tr\u00e4nen in den Augen. Der 65-J\u00e4hrige lebt seit zweieinhalb Jahren  mit seinem M\u00fcnsterl\u00e4nder-Hund Yalk von der Berkelwiese im Rhein-Pfalz-Stift<\/p>\n<p class=\"\">Bitte loggen Sie sich ein um den Artikel im Klartext zu sehen.<\/p>\n<p class=\"\">in<\/p>\n<p class=\"\">slda.Wee uNn lsol re end Hund bneegab dnu tteesvhr eid etWl cihnt rhe.m rE  ,an ovn end iZneet uz  ni deenn ochn elsal utg .rwa<\/p>\n<p class=\"\"> nbi tioPl nud raw 04 aJreh alng in edr thrnuLfhaefcbtar  r\u00e4telzh er. rE beha tsubbheurctgsrnRheua lfnggeeo nud sie iigldeMt rde iFarctlftseuhbge gs<\/p>\n","protected":false},"excerpt":{"rendered":"J\u00fcrgen Scherrer wohnt seit zweieinhalb Jahren mit seinem Hund Yalk im Rhein-Pfalz-Stift in Waldsee. Nun soll das Tier&hellip;\n","protected":false},"author":2,"featured_media":380818,"comment_status":"","ping_status":"","sticky":false,"template":"","format":"standard","meta":{"footnotes":""},"categories":[1845],"tags":[45352,1634,103035,3364,29,548,663,3934,30,13,103034,4060,2096,14,15,5206,47793,12,45362],"class_list":{"0":"post-380817","1":"post","2":"type-post","3":"status-publish","4":"format-standard","5":"has-post-thumbnail","7":"category-mannheim","8":"tag-altrip","9":"tag-baden-wuerttemberg","10":"tag-boehl-iggelheim","11":"tag-de","12":"tag-deutschland","13":"tag-eu","14":"tag-europa","15":"tag-europe","16":"tag-germany","17":"tag-headlines","18":"tag-juergen-scherrer","19":"tag-lokal","20":"tag-mannheim","21":"tag-nachrichten","22":"tag-news","23":"tag-rhein","24":"tag-schifferstadt","25":"tag-schlagzeilen","26":"tag-waldsee"},"share_on_mastodon":{"url":"https:\/\/pubeurope.com\/@de\/115109462228421820","error":""},"_links":{"self":[{"href":"https:\/\/www.europesays.com\/de\/wp-json\/wp\/v2\/posts\/380817","targetHints":{"allow":["GET"]}}],"collection":[{"href":"https:\/\/www.europesays.com\/de\/wp-json\/wp\/v2\/posts"}],"about":[{"href":"https:\/\/www.europesays.com\/de\/wp-json\/wp\/v2\/types\/post"}],"author":[{"embeddable":true,"href":"https:\/\/www.europesays.com\/de\/wp-json\/wp\/v2\/users\/2"}],"replies":[{"embeddable":true,"href":"https:\/\/www.europesays.com\/de\/wp-json\/wp\/v2\/comments?post=380817"}],"version-history":[{"count":0,"href":"https:\/\/www.europesays.com\/de\/wp-json\/wp\/v2\/posts\/380817\/revisions"}],"wp:featuredmedia":[{"embeddable":true,"href":"https:\/\/www.europesays.com\/de\/wp-json\/wp\/v2\/media\/380818"}],"wp:attachment":[{"href":"https:\/\/www.europesays.com\/de\/wp-json\/wp\/v2\/media?parent=380817"}],"wp:term":[{"taxonomy":"category","embeddable":true,"href":"https:\/\/www.europesays.com\/de\/wp-json\/wp\/v2\/categories?post=380817"},{"taxonomy":"post_tag","embeddable":true,"href":"https:\/\/www.europesays.com\/de\/wp-json\/wp\/v2\/tags?post=380817"}],"curies":[{"name":"wp","href":"https:\/\/api.w.org\/{rel}","templated":true}]}}