{"id":380821,"date":"2025-08-29T01:30:18","date_gmt":"2025-08-29T01:30:18","guid":{"rendered":"https:\/\/www.europesays.com\/de\/380821\/"},"modified":"2025-08-29T01:30:18","modified_gmt":"2025-08-29T01:30:18","slug":"prognose-wohl-schlechter-als-erwartet-ob-mentrup-ueber-haushaltsplan-2026","status":"publish","type":"post","link":"https:\/\/www.europesays.com\/de\/380821\/","title":{"rendered":"\u201ePrognose wohl schlechter als erwartet\u201c \u2013 OB Mentrup \u00fcber Haushaltsplan 2026"},"content":{"rendered":"<p class=\"mb-6 text-xs md:text-m lg:text-l font-serif group-[.font-sans]:font-sans \">\n    Auf der Dachterrasse der Verkehrsbetriebe Karlsruhe (VBK) fand am Donnerstag, 28. August, das j\u00e4hrliche Sommergespr\u00e4ch mit Oberb\u00fcrgermeister Frank Mentrup statt. Zudem nahm der Vorsitzende der Gesch\u00e4ftsf\u00fchrung der Verkehrsbetriebe Karlsruhe, Alexander Pischon, an dem Gespr\u00e4ch teil.\n  <\/p>\n<p>    <img decoding=\"async\" src=\"https:\/\/www.europesays.com\/de\/wp-content\/uploads\/2025\/08\/img3422jpg.jpg\" alt=\"Sommerinterview mit Oberb\u00fcrgermeister Frank Mentrup und VBK-Gesch\u00e4ftsvorstand Alexander Pischon.\" title=\"Sommerinterview mit Oberb\u00fcrgermeister Frank Mentrup und VBK-Gesch\u00e4ftsvorstand Alexander Pischon.\" class=\"h-full w-full object-cover\"\/><\/p>\n<p>      Icon vergr\u00f6\u00dfern<\/p>\n<p>    Sommerinterview mit Oberb\u00fcrgermeister Frank Mentrup und VBK-Gesch\u00e4ftsvorstand Alexander Pischon.<br \/>\n    Foto: Katharina Peifer<\/p>\n<p>        Schlie\u00dfen <\/p>\n<p>      Icon Schlie\u00dfen<\/p>\n<p>        Icon vergr\u00f6\u00dfern<\/p>\n<p>        Icon verkleinern<\/p>\n<p>      Icon Pfeil bewegen<\/p>\n<p>    Sommerinterview mit Oberb\u00fcrgermeister Frank Mentrup und VBK-Gesch\u00e4ftsvorstand Alexander Pischon.<br \/>\n    Foto: Katharina Peifer<\/p>\n<p class=\"mb-6 text-xs md:text-m lg:text-l font-serif group-[.font-sans]:font-sans \">\n    Die VBK als aktuelles Sorgenkind will gemeinsam mit der Stadt um eine langfristige Finanzierung k\u00e4mpfen. \u201eDer \u00d6PNV ist kein Luxusgut\u201c, sagt Pischon. 4 Milliarden Euro fehlen, laut der Gesch\u00e4ftsf\u00fchrung, um den \u00d6PNV zu sichern. \u201eIch bin der Meinung, dass der Bund die Gelder h\u00e4tte, insbesondere nach der Verabschiedung des Sonderverm\u00f6gens\u201c, sagt Pischon.\n  <\/p>\n<p>            Deutschlandticket bringt mehr Fahrg\u00e4ste \u2013 aber keine Sicherheit<\/p>\n<p class=\"mb-6 text-xs md:text-m lg:text-l font-serif group-[.font-sans]:font-sans \">\n    Oberb\u00fcrgermeister Mentrup sieht das Deutschlandticket als Hauptfaktor der Finanzierung des \u00d6PNVs. \u201eWir bekommen bisher nur Absichtserkl\u00e4rungen, keine langfristige Finanzierungszusage\u201c, so Mentrup. Nach der Einf\u00fchrung des Deutschlandtickets habe sich die Abonnementzahlen der VBK nahezu verdoppelt. Doch die Finanzierungshoheit liegt nicht bei den Kommunen selbst. Sollte hier die Finanzierung scheitern, bef\u00fcrchten die VBK eine Welle an K\u00fcndigungen.\n  <\/p>\n<p>    <img decoding=\"async\" src=\"https:\/\/www.europesays.com\/de\/wp-content\/uploads\/2025\/08\/img3417jpg.jpg\" alt=\"Sommerinterview mit Oberb\u00fcrgermeister Frank Mentrup und VBK-Gesch\u00e4ftsvorstand Alexander Pischon.\" title=\"Sommerinterview mit Oberb\u00fcrgermeister Frank Mentrup und VBK-Gesch\u00e4ftsvorstand Alexander Pischon.\" class=\"h-full w-full object-cover\"\/><\/p>\n<p>      Icon vergr\u00f6\u00dfern<\/p>\n<p>    Sommerinterview mit Oberb\u00fcrgermeister Frank Mentrup und VBK-Gesch\u00e4ftsvorstand Alexander Pischon.<br \/>\n    Foto: Katharina Peifer<\/p>\n<p>        Schlie\u00dfen <\/p>\n<p>      Icon Schlie\u00dfen<\/p>\n<p>        Icon vergr\u00f6\u00dfern<\/p>\n<p>        Icon verkleinern<\/p>\n<p>      Icon Pfeil bewegen<\/p>\n<p>    Sommerinterview mit Oberb\u00fcrgermeister Frank Mentrup und VBK-Gesch\u00e4ftsvorstand Alexander Pischon.<br \/>\n    Foto: Katharina Peifer<\/p>\n<p>            Nahverkehrsabgabe als m\u00f6gliche L\u00f6sung<\/p>\n<p class=\"mb-6 text-xs md:text-m lg:text-l font-serif group-[.font-sans]:font-sans \">\n    Hinzu kommt, dass sich die Gesetzeslage durch das Landesmobilgesetz in Baden-W\u00fcrttemberg ge\u00e4ndert hat. Karlsruhe darf die F\u00f6rderungen des Landes nur nutzen, um den aktuellen \u00d6PNV aufrechtzuerhalten. Der Oberb\u00fcrgermeister k\u00f6nnte sich im Zuge des neuen Gesetzes aber auch eine sogenannte \u201eNahverkehrsabgabe\u201c vorstellen. Konkret w\u00fcrde dies bedeuten: Kunden leisten eine Abgabe, die sie wiederum \u201egut fahren\u201c k\u00f6nnen. Was nicht verrechnet wird, verbleibt zugunsten der VBK.\n  <\/p>\n<p>            \u201eWir sind lange nicht am Ende des Schreckens\u201c<\/p>\n<p class=\"mb-6 text-xs md:text-m lg:text-l font-serif group-[.font-sans]:font-sans \">\n    Neben den finanziellen L\u00f6chern der Verkehrsbetriebe l\u00e4sst der Oberb\u00fcrgermeister mehr pessimistisch auf die bevorstehenden Haushaltsgespr\u00e4che blicken. \u201eWir sind lange nicht am Ende des Schreckens\u201c, sagt Mentrup. Die Wirtschaftszahlen fallen wohl noch schlechter aus als erwartet aus. Die Gewerbesteuer wird vermutlich geringer ausfallen. \u201eW\u00fcrde sie sich aber doch stabilisieren, w\u00e4ren wir durch\u201c, so der Oberb\u00fcrgermeister. Im Oktober sollen der Stadt die genauen Zahlen vorliegen. Danach werde sich ma\u00dfgeblich der kommende Doppelhaushalt orientieren.\n  <\/p>\n<p>    <img decoding=\"async\" src=\"https:\/\/www.europesays.com\/de\/wp-content\/uploads\/2025\/08\/img3421jpg.jpg\" alt=\"Sommerinterview mit Oberb\u00fcrgermeister Frank Mentrup und VBK-Gesch\u00e4ftsvorstand Alexander Pischon.\" title=\"Sommerinterview mit Oberb\u00fcrgermeister Frank Mentrup und VBK-Gesch\u00e4ftsvorstand Alexander Pischon.\" class=\"h-full w-full object-cover\"\/><\/p>\n<p>      Icon vergr\u00f6\u00dfern<\/p>\n<p>    Sommerinterview mit Oberb\u00fcrgermeister Frank Mentrup und VBK-Gesch\u00e4ftsvorstand Alexander Pischon.<br \/>\n    Foto: Katharina Peifer<\/p>\n<p>        Schlie\u00dfen <\/p>\n<p>      Icon Schlie\u00dfen<\/p>\n<p>        Icon vergr\u00f6\u00dfern<\/p>\n<p>        Icon verkleinern<\/p>\n<p>      Icon Pfeil bewegen<\/p>\n<p>    Sommerinterview mit Oberb\u00fcrgermeister Frank Mentrup und VBK-Gesch\u00e4ftsvorstand Alexander Pischon.<br \/>\n    Foto: Katharina Peifer<\/p>\n<p>            Von Kita bis Kultur: Mentrup sieht die L\u00f6sung in mehr Kostenbeteiligung f\u00fcr Wohlhabende<\/p>\n<p class=\"mb-6 text-xs md:text-m lg:text-l font-serif group-[.font-sans]:font-sans \">\n    Mentrup ist \u00fcberzeugt, dass in der aktuellen finanziellen Lage wohlhabendere Gruppen st\u00e4rker zur Finanzierung der gesellschaftlichen Infrastruktur beitragen sollten \u2013 von Kita bis Kultur. So bliebe mehr Geld f\u00fcr jene, die auf Unterst\u00fctzung besonders angewiesen sind. Ein Antrag zur Streichung des Geschwisterkindzuschusses wurde bereits diskutiert. \u201eDas kostet uns j\u00e4hrlich etwa 6 Millionen Euro, ohne zu wissen, aus welchen finanziellen Verh\u00e4ltnissen die Kinder kommen, welche wir hier f\u00f6rdern\u201c, so Mentrup. Der Umkehrschluss, den er zieht: Ohne gezielte Umverteilung m\u00fcssten die Kitageb\u00fchren generell massiv erh\u00f6ht werden, um den Kostendeckungsgrad zu halten. Kinderpl\u00e4tze sollten daher unabh\u00e4ngig von der Anzahl der Kinder, sondern nach den finanziellen M\u00f6glichkeiten der Eltern bezahlt werden.\n  <\/p>\n<ul data-module-id=\"DragDropModule\" class=\"flex flex-wrap justify-start group-[.no-bookmarks]:hidden\">\n<li class=\"mb-3 mr-3\">\n    Katharina Peifer<\/p>\n<p>      Icon Haken im Kreis gesetzt<\/p>\n<p>      Icon Plus im Kreis<\/p>\n<\/li>\n<li class=\"mb-3 mr-3\">\n    Frank Mentrup<\/p>\n<p>      Icon Haken im Kreis gesetzt<\/p>\n<p>      Icon Plus im Kreis<\/p>\n<\/li>\n<li class=\"mb-3 mr-3\">\n    Haushaltsplan<\/p>\n<p>      Icon Haken im Kreis gesetzt<\/p>\n<p>      Icon Plus im Kreis<\/p>\n<\/li>\n<\/ul>\n","protected":false},"excerpt":{"rendered":"Auf der Dachterrasse der Verkehrsbetriebe Karlsruhe (VBK) fand am Donnerstag, 28. August, das j\u00e4hrliche Sommergespr\u00e4ch mit Oberb\u00fcrgermeister Frank&hellip;\n","protected":false},"author":2,"featured_media":380822,"comment_status":"","ping_status":"","sticky":false,"template":"","format":"standard","meta":{"footnotes":""},"categories":[1844],"tags":[1634,3364,29,30,8903],"class_list":{"0":"post-380821","1":"post","2":"type-post","3":"status-publish","4":"format-standard","5":"has-post-thumbnail","7":"category-karlsruhe","8":"tag-baden-wuerttemberg","9":"tag-de","10":"tag-deutschland","11":"tag-germany","12":"tag-karlsruhe"},"share_on_mastodon":{"url":"https:\/\/pubeurope.com\/@de\/115109470376848715","error":""},"_links":{"self":[{"href":"https:\/\/www.europesays.com\/de\/wp-json\/wp\/v2\/posts\/380821","targetHints":{"allow":["GET"]}}],"collection":[{"href":"https:\/\/www.europesays.com\/de\/wp-json\/wp\/v2\/posts"}],"about":[{"href":"https:\/\/www.europesays.com\/de\/wp-json\/wp\/v2\/types\/post"}],"author":[{"embeddable":true,"href":"https:\/\/www.europesays.com\/de\/wp-json\/wp\/v2\/users\/2"}],"replies":[{"embeddable":true,"href":"https:\/\/www.europesays.com\/de\/wp-json\/wp\/v2\/comments?post=380821"}],"version-history":[{"count":0,"href":"https:\/\/www.europesays.com\/de\/wp-json\/wp\/v2\/posts\/380821\/revisions"}],"wp:featuredmedia":[{"embeddable":true,"href":"https:\/\/www.europesays.com\/de\/wp-json\/wp\/v2\/media\/380822"}],"wp:attachment":[{"href":"https:\/\/www.europesays.com\/de\/wp-json\/wp\/v2\/media?parent=380821"}],"wp:term":[{"taxonomy":"category","embeddable":true,"href":"https:\/\/www.europesays.com\/de\/wp-json\/wp\/v2\/categories?post=380821"},{"taxonomy":"post_tag","embeddable":true,"href":"https:\/\/www.europesays.com\/de\/wp-json\/wp\/v2\/tags?post=380821"}],"curies":[{"name":"wp","href":"https:\/\/api.w.org\/{rel}","templated":true}]}}