{"id":380836,"date":"2025-08-29T01:38:25","date_gmt":"2025-08-29T01:38:25","guid":{"rendered":"https:\/\/www.europesays.com\/de\/380836\/"},"modified":"2025-08-29T01:38:25","modified_gmt":"2025-08-29T01:38:25","slug":"wdr-sport-vfl-bochum-konstanz-und-entwicklung-dringend-gesucht","status":"publish","type":"post","link":"https:\/\/www.europesays.com\/de\/380836\/","title":{"rendered":"WDR-Sport: VfL Bochum &#8211; Konstanz und Entwicklung dringend gesucht"},"content":{"rendered":"<p class=\"metatextline\">Stand: 28.08.2025 14:33 Uhr<\/p>\n<p class=\"textabsatz columns twelve  m-ten  m-offset-one l-eight l-offset-two\">\n        <strong>Drei Spiele, zwei Niederlagen &#8211; der VfL Bochum ist noch nicht richtig angekommen in der 2. Liga. Jetzt geht&#8217;s gegen einen NRW-Nachbarn.<\/strong>\n    <\/p>\n<p class=\"textabsatz m-ten m-offset-one l-eight l-offset-two columns twelve\">\nDer <a href=\"https:\/\/www1.wdr.de\/sport\/uebersicht-v-f-l-bochum-100.html\" title=\"VfL Bochum\" class=\"textlink--extern\" target=\"_blank\" rel=\"noopener\">VfL Bochum<\/a> und Preu\u00dfen M\u00fcnster &#8211; zweifelsfrei zwei Traditionsvereine, die den NRW-<a href=\"https:\/\/www1.wdr.de\/sport\/fussball\/uebersicht-fussball-100.html\" title=\"Der Fu\u00dfball in NRW im \u00dcberblick\" class=\"textlink--extern\" target=\"_blank\" rel=\"noopener\">Fu\u00dfball<\/a> seit langem pr\u00e4gen. Da ist es schon sehr erstaunlich, dass das Heimspiel des VfL gegen die Preu\u00dfen am Samstag (30.08.2025) ein ganz besonderes ist: Es ist das erste Liga-Aufeinandertreffen der beiden Klubs seit 54 Jahren.<\/p>\n<p class=\"textabsatz m-ten m-offset-one l-eight l-offset-two columns twelve\">\nIn einem Pflichtspiel gab es das Duell allerdings schon zwischendurch: 2008\/09 standen sich beide in der ersten Runde des DFB-Pokals gegen\u00fcber, das der VfL als Bundesligist beim damaligen Viertligisten hauchd\u00fcnn im Elfmeterschie\u00dfen f\u00fcr sich entschied. Trainer der Preu\u00dfen damals \u00fcbrigens: Roger Schmidt.<\/p>\n<ul class=\"buttongroup buttongroup--copytext\">\n<li class=\"buttongroup__item\">\n<p>    <a class=\"btn btn--text btn--standard-secondary btn--fullwidth\" href=\"https:\/\/www.sportschau.de\/live-und-ergebnisse\/fussball\/deutschland-2-bundesliga\/ma11200079\/vfl-bochum_preussen-muenster\/liveticker\" target=\"_blank\" rel=\"noopener\"><br \/>\n        Sa., 13 Uhr: Bochum &#8211; M\u00fcnster<br \/>\n        Pfeil rechts<\/p>\n<p>    <\/a>\n<\/li>\n<li class=\"buttongroup__item\">\n<p>    <a class=\"btn btn--text btn--standard-secondary btn--fullwidth\" href=\"https:\/\/www.sportschau.de\/live-und-ergebnisse\/fussball\/deutschland-2-bundesliga\/se94781\/2025-2026\/ro262550\/spieltag\/md4\/spiele-und-ergebnisse\" target=\"_blank\" rel=\"noopener\"><br \/>\n        4. Spieltag<br \/>\n        Pfeil rechts<\/p>\n<p>    <\/a>\n<\/li>\n<\/ul>\n<p>    Preu\u00dfen mit besserem Start<\/p>\n<p class=\"textabsatz m-ten m-offset-one l-eight l-offset-two columns twelve\">\nDas ist lange her, heute begegnen sich beide Klubs auf Augenh\u00f6he: in der Zweiten Liga. Und das Duell hat es in sich: W\u00e4hrend Bundesliga-Absteiger Bochum mit zwei Niederlagen aus drei Partien nur \u00e4u\u00dferst holprig in die Spielzeit gestartet ist, l\u00e4ufts bei den Preu\u00dfen besser.<\/p>\n<p class=\"textabsatz m-ten m-offset-one l-eight l-offset-two columns twelve\">\nDas Team, das seit dieser Saison von Alexander Ende trainiert wird, schlug zuletzt den <a href=\"https:\/\/www.sportschau.de\/fussball\/bundesliga2\/muenster-schiesst-nuernberg-tiefer-in-die-krise,video-zweite-bundesliga-muenster-nuernberg-100.html\" title=\"M\u00fcnster schie\u00dft N\u00fcrnberg tiefer in die Krise\" target=\"_blank\" rel=\"noopener\">1. FC N\u00fcrnberg nach dominanter Partie mit 2:1<\/a>, zuvor war beim <a href=\"https:\/\/www.sportschau.de\/fussball\/bundesliga2\/paderborn-verpasst-sieg-gegen-preussen-muenster,video-zweite-bundesliga-muenster-paderborn-100.html\" title=\"Paderborn verpasst Sieg gegen Preu\u00dfen M\u00fcnster\" target=\"_blank\" rel=\"noopener\">1:1 gegen Paderborn<\/a> der erste Liga-Punkt der Saison geholt worden. Im DFB-Pokal <a href=\"https:\/\/www.sportschau.de\/fussball\/dfbpokal\/muenster-dominiert-hertha-und-scheidet-dennoch-aus,dfb-pokal-muenster-hertha-100.html\" title=\"DFB-Pokal: Preu\u00dfen M\u00fcnster dominiert Hertha BSC - und scheidet nach Elfer-Drama dennoch aus\" target=\"_blank\" rel=\"noopener\">unterlagen die Preu\u00dfen Hertha BSC \u00e4u\u00dferst ungl\u00fccklich im Elfmeterschie\u00dfen<\/a>.<\/p>\n<p>    Bochum ist gefordert<\/p>\n<p class=\"textabsatz m-ten m-offset-one l-eight l-offset-two columns twelve\">\nIn Summe bedeutet das alles: Der VfL Bochum wird gefordert sein. Als Favorit muss es der Anspruch der Bochumer sein, die Partie im eigenen Stadion zu dominieren und zu gewinnen.<\/p>\n<p class=\"textabsatz m-ten m-offset-one l-eight l-offset-two columns twelve\">\nDabei muss der VfL allerdings mit erheblichen Personalproblemen fertig werden. Mittelfeldmann Mats Pannewig ist definitiv verletzt, wird ebenso ausfallen wie Abwehrspieler Philipp Strompf. Hoffnung besteht noch beim angeschlagenen Kapit\u00e4n Kevin Vogt und auch Offensivspieler Matus Bero k\u00f6nnte sich noch als einsatzf\u00e4hig erweisen.<\/p>\n<p>    Personalprobleme sollen keine Ausrede sein<\/p>\n<p class=\"textabsatz m-ten m-offset-one l-eight l-offset-two columns twelve\">\nUngeachtet der Probleme gibt sich Trainer Dieter Hecking trotzig: &#8222;Das ist Zweitliga-Alltag, wir werden mit den Leuten spielen, die fit sind. Unser Anspruch ist trotzdem, das Spiel zu gewinnen. Das ist auch eine Chance f\u00fcr diejenigen, die nicht so im Rampenlicht standen zuletzt&#8220;, sagte er auf der Pressekonferenz am Donnerstag.<\/p>\n<p class=\"textabsatz m-ten m-offset-one l-eight l-offset-two columns twelve\">\nJede Menge Respekt hat Hecking vor dem kommenden Gegner: &#8222;Ihr Kernsystem ist die Raute, sie machen das gut. Eine Mannschaft, die sehr m\u00e4nnlich auftritt. Sie haben wirklich einen Schritt nach vorne gemacht, wenn man das Pokalspiel gegen Berlin sieht. Eine Mannschaft, die sehr gut zusammengefunden hat.&#8220;<\/p>\n<p>    Preu\u00dfen &#8211; Weiterentwicklung sichtbar<\/p>\n<p class=\"textabsatz m-ten m-offset-one l-eight l-offset-two columns twelve\">\nAllen ersten Eindr\u00fccken der Saison zufolge sind die Preu\u00dfen tats\u00e4chlich auf einem guten Weg. Der Spielstil von Alexander Ende scheint zu greifen. Das Team tritt wesentlich dominanter auf als in der Vorsaison, ger\u00e4t mit dem erh\u00f6hten Ballbesitz-Anteil nicht mehr unter so starken Druck wie einst.<\/p>\n<p class=\"textabsatz m-ten m-offset-one l-eight l-offset-two columns twelve\">\nAu\u00dferdem kommt der Mannschaft zugute, dass sie eingespielt erscheint. Man kennt sich. Der Kader ist gegen\u00fcber der Vorsaison nicht gro\u00df ver\u00e4ndert, k\u00f6nnte aber noch Zuwachs bekommen. Bis Montag ist das Transferfenster ge\u00f6ffnet, &#8222;wir halten die Augen offen&#8220;, sagt Teammanager Ole Kittner.<\/p>\n<p>    Weit-Einwerfer zweifelt<\/p>\n<p class=\"textabsatz m-ten m-offset-one l-eight l-offset-two columns twelve\">\nM\u00f6glicherweise gibt es auch noch einen Abgang &#8211; Torge Paetow k\u00f6nnte sich offenbar einen anderen Arbeitgeber vorstellen. Hinter Niko Koulis, Jannis Heuer, Paul Jaeckel und Simon Scherder ist er momentan nur Innenverteidiger Nummer f\u00fcnf &#8211; eine unbefriedigende Situation f\u00fcr den 30-J\u00e4hrigen, der sich ligaweit mit seinen weiten Einw\u00fcrfen einen Namen gemacht hat. In Bochum wird man ihn kaum auf dem Spielfeld zu sehen bekommen.<\/p>\n<p class=\"textabsatz m-ten m-offset-one l-eight l-offset-two columns twelve\">\nUnsere Quellen:<\/p>\n<ul class=\"bulletpoint-list \">\n<li>Onlinemagazin &#8222;Reviersport&#8220;<\/li>\n<li>Pressekonferenz VfL Bochum<\/li>\n<li>Webseite Preu\u00dfen M\u00fcnster<\/li>\n<\/ul>\n<p>                                        <a class=\"backlink__link\" href=\"https:\/\/www1.wdr.de\/sport\/fussball\/zweite-bundesliga\/vorschau-vfl-bochum-preussen-muenster-100.html\" target=\"_blank\" rel=\"noopener\"><\/p>\n<p>                                                <img decoding=\"async\" src=\"https:\/\/images.sportschau.de\/image\/9ef70e2e-6dd6-4b18-afd2-7063c40e8939\/AAABlap_yqU\/AAABmKJi16M\/original\/lra-wdr-logo-100.svg\" alt=\"Westdeutscher Rundfunk\"\/><\/p>\n<p>                                        <\/a><\/p>\n","protected":false},"excerpt":{"rendered":"Stand: 28.08.2025 14:33 Uhr Drei Spiele, zwei Niederlagen &#8211; der VfL Bochum ist noch nicht richtig angekommen in&hellip;\n","protected":false},"author":2,"featured_media":380837,"comment_status":"","ping_status":"","sticky":false,"template":"","format":"standard","meta":{"footnotes":""},"categories":[1839],"tags":[621,7507,3364,29,347,30,1209,7650,16376,8173,225],"class_list":{"0":"post-380836","1":"post","2":"type-post","3":"status-publish","4":"format-standard","5":"has-post-thumbnail","7":"category-bochum","8":"tag-2-bundesliga","9":"tag-bochum","10":"tag-de","11":"tag-deutschland","12":"tag-fussball","13":"tag-germany","14":"tag-nordrhein-westfalen","15":"tag-preussen-muenster","16":"tag-sc-preussen-muenster","17":"tag-vfl-bochum","18":"tag-wdr"},"share_on_mastodon":{"url":"https:\/\/pubeurope.com\/@de\/115109501631692353","error":""},"_links":{"self":[{"href":"https:\/\/www.europesays.com\/de\/wp-json\/wp\/v2\/posts\/380836","targetHints":{"allow":["GET"]}}],"collection":[{"href":"https:\/\/www.europesays.com\/de\/wp-json\/wp\/v2\/posts"}],"about":[{"href":"https:\/\/www.europesays.com\/de\/wp-json\/wp\/v2\/types\/post"}],"author":[{"embeddable":true,"href":"https:\/\/www.europesays.com\/de\/wp-json\/wp\/v2\/users\/2"}],"replies":[{"embeddable":true,"href":"https:\/\/www.europesays.com\/de\/wp-json\/wp\/v2\/comments?post=380836"}],"version-history":[{"count":0,"href":"https:\/\/www.europesays.com\/de\/wp-json\/wp\/v2\/posts\/380836\/revisions"}],"wp:featuredmedia":[{"embeddable":true,"href":"https:\/\/www.europesays.com\/de\/wp-json\/wp\/v2\/media\/380837"}],"wp:attachment":[{"href":"https:\/\/www.europesays.com\/de\/wp-json\/wp\/v2\/media?parent=380836"}],"wp:term":[{"taxonomy":"category","embeddable":true,"href":"https:\/\/www.europesays.com\/de\/wp-json\/wp\/v2\/categories?post=380836"},{"taxonomy":"post_tag","embeddable":true,"href":"https:\/\/www.europesays.com\/de\/wp-json\/wp\/v2\/tags?post=380836"}],"curies":[{"name":"wp","href":"https:\/\/api.w.org\/{rel}","templated":true}]}}