{"id":380838,"date":"2025-08-29T01:39:10","date_gmt":"2025-08-29T01:39:10","guid":{"rendered":"https:\/\/www.europesays.com\/de\/380838\/"},"modified":"2025-08-29T01:39:10","modified_gmt":"2025-08-29T01:39:10","slug":"ukraine-krieg-eliteeinheiten-attackieren-kreml-kriegsschiff-nahe-der-krim","status":"publish","type":"post","link":"https:\/\/www.europesays.com\/de\/380838\/","title":{"rendered":"Ukraine-Krieg: Eliteeinheiten attackieren Kreml-Kriegsschiff nahe der Krim"},"content":{"rendered":"<p>Russland hat nach Darstellung von US-Vizepr\u00e4sident JD Vance \u00aberhebliche Zugest\u00e4ndnisse\u00bb f\u00fcr Verhandlungen \u00fcber ein Ende des Kriegs in der Ukraine gemacht. \u00abSie waren tats\u00e4chlich bereit, bei einigen ihrer Kernforderungen flexibel zu sein. Sie haben dar\u00fcber gesprochen, was notwendig w\u00e4re, um den Krieg zu beenden\u00bb, sagte Vance in einem Interview des Senders NBC. Russland habe zugestimmt, \u00abdass die Ukraine nach dem Krieg ihre territoriale Integrit\u00e4t behalten wird. Sie haben erkannt, dass sie in Kiew kein Marionettenregime installieren k\u00f6nnen\u00bb.<\/p>\n<p>Russland hat seinen Angriffskrieg gegen das Nachbarland am 24. Februar 2022 begonnen. Vance sagte nun, er denke, die Russen h\u00e4tten Trump \u00abzum ersten Mal in dreieinhalb Jahren dieses Konflikts erhebliche Zugest\u00e4ndnisse gemacht\u00bb.<\/p>\n<p><strong>\u00abEs wird keine Bodentruppen in der Ukraine geben\u00bb<\/strong><\/p>\n<p>Vance bekr\u00e4ftigte, die USA w\u00fcrden keine Truppen schicken, um ein Friedensabkommen durchzusetzen. \u00abDer Pr\u00e4sident hat sich sehr klar ausgedr\u00fcckt. Es wird keine Bodentruppen in der Ukraine geben.\u00bb Aber die USA w\u00fcrden weiterhin eine aktive Rolle spielen, um sicherzustellen, dass die Ukrainer die Sicherheitsgarantien und das Vertrauen h\u00e4tten, die sie br\u00e4uchten, um den Krieg von ihrer Seite aus zu beenden \u2013 und dass die Russen das Gef\u00fchl h\u00e4tten, dass sie den Krieg von ihrer Seite aus beenden k\u00f6nnten.<\/p>\n<p>Allerdings sind die Hoffnungen auf ein von US-Pr\u00e4sident Donald Trump in Aussicht gestelltes baldiges Treffen des ukrainischen Pr\u00e4sidenten Wolodimir Selenski mit Kremlchef Wladimir Putin nach \u00c4usserungen aus Moskau weitgehend verflogen. Aussenminister Sergei Lawrow hatte erkl\u00e4rt, dass solch ein Treffen gut vorbereitet sein m\u00fcsse, und wiederholte bekannte Forderungen, die eher an Bedingungen f\u00fcr eine Kapitulation der Ukraine erinnern als an ein echtes Friedensangebot.<\/p>\n<p>Bei den seit Mai laufenden direkten Verhandlungen zwischen Kiew und Moskau auf unterer Ebene gibt es bislang kaum Fortschritte.<\/p>\n<p>Trump sagte am Freitag nach den anhaltenden russischen Angriffen auf die Ukraine, dass es bis zu einem Friedensabkommen zwischen beiden L\u00e4ndern noch Wochen dauern k\u00f6nnte. Er denke, in den n\u00e4chsten zwei Wochen werde sich herausstellen, in welche Richtung es gehe. (DPA)<\/p>\n","protected":false},"excerpt":{"rendered":"Russland hat nach Darstellung von US-Vizepr\u00e4sident JD Vance \u00aberhebliche Zugest\u00e4ndnisse\u00bb f\u00fcr Verhandlungen \u00fcber ein Ende des Kriegs in&hellip;\n","protected":false},"author":2,"featured_media":380839,"comment_status":"","ping_status":"","sticky":false,"template":"","format":"standard","meta":{"footnotes":""},"categories":[4013],"tags":[331,332,13,14,15,4043,4044,850,307,12],"class_list":{"0":"post-380838","1":"post","2":"type-post","3":"status-publish","4":"format-standard","5":"has-post-thumbnail","7":"category-russland","8":"tag-aktuelle-nachrichten","9":"tag-aktuelle-news","10":"tag-headlines","11":"tag-nachrichten","12":"tag-news","13":"tag-russia","14":"tag-russian-federation","15":"tag-russische-foederation","16":"tag-russland","17":"tag-schlagzeilen"},"share_on_mastodon":{"url":"https:\/\/pubeurope.com\/@de\/115109505682372260","error":""},"_links":{"self":[{"href":"https:\/\/www.europesays.com\/de\/wp-json\/wp\/v2\/posts\/380838","targetHints":{"allow":["GET"]}}],"collection":[{"href":"https:\/\/www.europesays.com\/de\/wp-json\/wp\/v2\/posts"}],"about":[{"href":"https:\/\/www.europesays.com\/de\/wp-json\/wp\/v2\/types\/post"}],"author":[{"embeddable":true,"href":"https:\/\/www.europesays.com\/de\/wp-json\/wp\/v2\/users\/2"}],"replies":[{"embeddable":true,"href":"https:\/\/www.europesays.com\/de\/wp-json\/wp\/v2\/comments?post=380838"}],"version-history":[{"count":0,"href":"https:\/\/www.europesays.com\/de\/wp-json\/wp\/v2\/posts\/380838\/revisions"}],"wp:featuredmedia":[{"embeddable":true,"href":"https:\/\/www.europesays.com\/de\/wp-json\/wp\/v2\/media\/380839"}],"wp:attachment":[{"href":"https:\/\/www.europesays.com\/de\/wp-json\/wp\/v2\/media?parent=380838"}],"wp:term":[{"taxonomy":"category","embeddable":true,"href":"https:\/\/www.europesays.com\/de\/wp-json\/wp\/v2\/categories?post=380838"},{"taxonomy":"post_tag","embeddable":true,"href":"https:\/\/www.europesays.com\/de\/wp-json\/wp\/v2\/tags?post=380838"}],"curies":[{"name":"wp","href":"https:\/\/api.w.org\/{rel}","templated":true}]}}