{"id":380840,"date":"2025-08-29T01:40:14","date_gmt":"2025-08-29T01:40:14","guid":{"rendered":"https:\/\/www.europesays.com\/de\/380840\/"},"modified":"2025-08-29T01:40:14","modified_gmt":"2025-08-29T01:40:14","slug":"ukraine-krieg-putin-selenkyj-treffen-merz-aussage-laesst-aufhorchen","status":"publish","type":"post","link":"https:\/\/www.europesays.com\/de\/380840\/","title":{"rendered":"Ukraine-Krieg: Putin-Selenkyj-Treffen? Merz-Aussage l\u00e4sst aufhorchen"},"content":{"rendered":"<p>Newsblog zum Ukraine-Krieg <\/p>\n<p>Putin-Selenkyj-Treffen? Merz-Aussage l\u00e4sst aufhorchen<\/p>\n<p>Aktualisiert am 29.08.2025 &#8211; 03:09 UhrLesedauer: 22 Min.<\/p>\n<p><a href=\"#focus-0\" class=\"transition-colors duration-200 focus-within:text-magenta block text-current relative\" data-sctrack=\"FocusGalleryImage.Reference\"><img fetchpriority=\"high\" data-testid=\"Opener.Image\" style=\"--lqipURL:url('https:\/\/images.t-online.de\/2025\/08\/UqLH0N9ECnz6\/0x107:2056x1156\/fit-in\/150x0\/filters:blur(25)\/friedrich-merz-cdu-der-bundeskanzler-glaubt-nicht-mehr-dass-es-zu-einem-treffen-zwischen-den-praesidenten-russlands-und-der-ukraine-kommt.jpg')\"   loading=\"eager\" src=\"https:\/\/www.europesays.com\/de\/wp-content\/uploads\/2025\/08\/friedrich-merz-cdu-der-bundeskanzler-glaubt-nicht-mehr-dass-es-zu-einem-treffen-zwischen-den-praesid.jpeg\" alt=\"Friedrich Merz (CDU): Der Bundeskanzler glaubt nicht mehr, dass es zu einem Treffen zwischen den Pr\u00e4sidenten Russlands und der Ukraine kommt.\" title=\"Friedrich Merz (CDU): Der Bundeskanzler glaubt nicht mehr, dass es zu einem Treffen zwischen den Pr\u00e4sidenten Russlands und der Ukraine kommt.\" width=\"2056\" height=\"1156\" class=\"bg-[url:var(--lqipURL)] bg-cover bg-center flex h-full w-full max-w-full\" decoding=\"async\"\/><img style=\"--width:32;--height:32\" loading=\"lazy\" src=\"https:\/\/www.t-online.de\/s\/paper\/_next\/static\/media\/zoom-in.f7dae02f.svg\" alt=\"Vergr\u00f6\u00dfern des Bildes\" title=\"Vergr\u00f6\u00dfern des Bildes\" class=\"block h-[calc(var(--height)_\/_16_*_1rem)] w-[calc(var(--width)_\/_16_*_1rem)] max-w-none absolute bottom-8 right-8 rounded-4 bg-snow p-8\" decoding=\"async\"\/><\/a><\/p>\n<p>Friedrich Merz (CDU): Der Bundeskanzler glaubt nicht mehr, dass es zu einem Treffen zwischen den Pr\u00e4sidenten Russlands und der Ukraine kommt. (Quelle: IMAGO\/Frank Muller)<\/p>\n<p class=\"font-bold text-18 leading-17\">Der Kanzler denkt nicht, dass sich die beiden Staatsoberh\u00e4upter treffen werden. Ein russisches \u00d6lterminal ist durch einen Drohnenangriff besch\u00e4digt. Alle Entwicklungen im Newsblog.<\/p>\n<p class=\"text-18 leading-17\">Bei dem schweren russischen Luftangriff auf die ukrainische Hauptstadt <a class=\"transition-colors duration-200 cursor-pointer text-inherit no-underline text-salemsfur md:hover:text-magenta md:hover:border-magenta md:focus:text-magenta border-current border-b border-solid break-words\" href=\"https:\/\/www.t-online.de\/themen\/kiew\/\" data-sctrack=\"BodyAnchor\" target=\"_blank\" rel=\"noopener\">Kiew<\/a> sind nach Beh\u00f6rdenangaben mindestens 23 Menschen gestorben. Die Rettungskr\u00e4fte suchten in der Nacht zum Freitag weiterhin nach versch\u00fctteten Menschen.<\/p>\n<p class=\"text-18 leading-17\">Der ukrainische Pr\u00e4sident <a class=\"transition-colors duration-200 cursor-pointer text-inherit no-underline text-salemsfur md:hover:text-magenta md:hover:border-magenta md:focus:text-magenta border-current border-b border-solid break-words\" href=\"https:\/\/www.t-online.de\/themen\/wolodymyr-selenskyj\/\" data-sctrack=\"BodyAnchor\" target=\"_blank\" rel=\"noopener\">Wolodymyr Selenskyj<\/a> fordert laut seiner offiziellen Internetseite von den europ\u00e4ischen Verb\u00fcndeten konkrete Sicherheitsgarantien f\u00fcr sein Land. Bei einer Videoschalte mit dem polnischen Pr\u00e4sidenten Karol Nawrocki und den Staats- und Regierungschefs von Estland, <a class=\"transition-colors duration-200 cursor-pointer text-inherit no-underline text-salemsfur md:hover:text-magenta md:hover:border-magenta md:focus:text-magenta border-current border-b border-solid break-words\" href=\"https:\/\/www.t-online.de\/themen\/lettland\/\" data-sctrack=\"BodyAnchor\" target=\"_blank\" rel=\"noopener\">Lettland<\/a>, Litauen und <a class=\"transition-colors duration-200 cursor-pointer text-inherit no-underline text-salemsfur md:hover:text-magenta md:hover:border-magenta md:focus:text-magenta border-current border-b border-solid break-words\" href=\"https:\/\/www.t-online.de\/themen\/daenemark\/\" data-sctrack=\"BodyAnchor\" target=\"_blank\" rel=\"noopener\">D\u00e4nemark<\/a> am Donnerstag sagte Selenskyj demnach, es brauche klare Antworten darauf, wer der <a class=\"transition-colors duration-200 cursor-pointer text-inherit no-underline text-salemsfur md:hover:text-magenta md:hover:border-magenta md:focus:text-magenta border-current border-b border-solid break-words\" href=\"https:\/\/www.t-online.de\/themen\/ukraine\/\" data-sctrack=\"BodyAnchor\" target=\"_blank\" rel=\"noopener\">Ukraine<\/a> bei einem erneuten russischen Angriff &#8222;zu Lande, in der Luft und zur See&#8220; helfen werde. Dem russischen Pr\u00e4sidenten <a class=\"transition-colors duration-200 cursor-pointer text-inherit no-underline text-salemsfur md:hover:text-magenta md:hover:border-magenta md:focus:text-magenta border-current border-b border-solid break-words\" href=\"https:\/\/www.t-online.de\/themen\/wladimir-putin\/\" data-sctrack=\"BodyAnchor\" target=\"_blank\" rel=\"noopener\">Wladimir Putin<\/a> gehe es weiterhin nur darum, den Krieg fortzusetzen.<\/p>\n<p class=\"text-18 leading-17\">Die Sicherheitsgarantien f\u00fcr die Ukraine, denen US-Pr\u00e4sident <a class=\"transition-colors duration-200 cursor-pointer text-inherit no-underline text-salemsfur md:hover:text-magenta md:hover:border-magenta md:focus:text-magenta border-current border-b border-solid break-words\" href=\"https:\/\/www.t-online.de\/themen\/donald-trump\/\" data-sctrack=\"BodyAnchor\" target=\"_blank\" rel=\"noopener\">Donald Trump<\/a> zugestimmt habe, w\u00fcrden seit einer Woche diskutiert. Es sei wichtig, dass Trump die gemeinsame Entschlossenheit Europas sehe, den Krieg zu beenden.<\/p>\n<p class=\"text-18 leading-17\">US-Pr\u00e4sident Donald Trump zeigt sich ver\u00e4rgert \u00fcber den j\u00fcngsten russischen Angriff auf die Ukraine mit mindestens 15 Toten. Er sei \u00fcber die Nachricht nicht erfreut, aber auch nicht \u00fcberrascht, sagt die Sprecherin des Wei\u00dfen Hauses, Karoline Leavitt. Es handele sich um zwei L\u00e4nder, die sich seit langer Zeit im Krieg bef\u00e4nden. Trump werde sich im Laufe des Tages erneut \u00e4u\u00dfern.<\/p>\n<p class=\"text-18 leading-17\">Bundeskanzler <a class=\"transition-colors duration-200 cursor-pointer text-inherit no-underline text-salemsfur md:hover:text-magenta md:hover:border-magenta md:focus:text-magenta border-current border-b border-solid break-words\" href=\"https:\/\/www.t-online.de\/themen\/friedrich-merz\/\" data-sctrack=\"BodyAnchor\" target=\"_blank\" rel=\"noopener\">Friedrich Merz<\/a> geht nicht mehr von einem baldigen Treffen zwischen Kremlchef Wladimir Putin und dem ukrainischen Pr\u00e4sidenten Wolodymyr Selenskyj aus. Bei einer Zusammenkunft mit dem franz\u00f6sischen Pr\u00e4sidenten <a class=\"transition-colors duration-200 cursor-pointer text-inherit no-underline text-salemsfur md:hover:text-magenta md:hover:border-magenta md:focus:text-magenta border-current border-b border-solid break-words\" href=\"https:\/\/www.t-online.de\/themen\/emmanuel-macron\/\" data-sctrack=\"BodyAnchor\" target=\"_blank\" rel=\"noopener\">Emmanuel Macron<\/a> in dessen Sommerresidenz Fort de Br\u00e9gan\u00e7on an der C\u00f4te d&#8217;Azur sagte Merz zu den diplomatischen Bem\u00fchungen f\u00fcr ein Ende des Ukraine-Kriegs: &#8222;Wir m\u00fcssen uns mit diesem Thema heute erneut besch\u00e4ftigen und dies vor dem Hintergrund der Tatsache, dass es offensichtlich nicht zu einem Treffen zwischen Pr\u00e4sident Selenskyj und Pr\u00e4sident Putin kommen wird.&#8220;<\/p>\n<p class=\"text-18 leading-17\">Das sei &#8222;anders, als es zwischen Pr\u00e4sident (Donald) Trump und Pr\u00e4sident Putin in der letzten Woche verabredet war, als wir gemeinsam in <a class=\"transition-colors duration-200 cursor-pointer text-inherit no-underline text-salemsfur md:hover:text-magenta md:hover:border-magenta md:focus:text-magenta border-current border-b border-solid break-words\" href=\"https:\/\/www.t-online.de\/themen\/washington\/\" data-sctrack=\"BodyAnchor\" target=\"_blank\" rel=\"noopener\">Washington<\/a> waren&#8220;, sagte Merz.<\/p>\n","protected":false},"excerpt":{"rendered":"Newsblog zum Ukraine-Krieg Putin-Selenkyj-Treffen? Merz-Aussage l\u00e4sst aufhorchen Aktualisiert am 29.08.2025 &#8211; 03:09 UhrLesedauer: 22 Min. Friedrich Merz (CDU):&hellip;\n","protected":false},"author":2,"featured_media":380841,"comment_status":"","ping_status":"","sticky":false,"template":"","format":"standard","meta":{"footnotes":""},"categories":[4012],"tags":[1217,326,6079,522,331,332,2140,31,37141,1160,106,1478,1479,1356,3189,548,663,775,13,46823,6741,5793,5020,3188,812,308,14,15,913,103040,98748,103041,307,6402,12,317,312,501,320,5504,306,107],"class_list":{"0":"post-380840","1":"post","2":"type-post","3":"status-publish","4":"format-standard","5":"has-post-thumbnail","7":"category-ukraine","8":"tag-1217","9":"tag-326","10":"tag-6079","11":"tag-522","12":"tag-aktuelle-nachrichten","13":"tag-aktuelle-news","14":"tag-angriff","15":"tag-cdu","16":"tag-cote-dazur","17":"tag-daenemark","18":"tag-donald-trump","19":"tag-drohne","20":"tag-drohnenangriff","21":"tag-emmanuel-macron","22":"tag-estland","23":"tag-eu","24":"tag-europa","25":"tag-friedrich-merz","26":"tag-headlines","27":"tag-karol-nawrocki","28":"tag-karoline-leavitt","29":"tag-kiew","30":"tag-kreml","31":"tag-lettland","32":"tag-litauen","33":"tag-moskau","34":"tag-nachrichten","35":"tag-news","36":"tag-norwegen","37":"tag-oelterminal","38":"tag-peter-szijjarto","39":"tag-robert-browdi","40":"tag-russland","41":"tag-schiff","42":"tag-schlagzeilen","43":"tag-ukraine","44":"tag-ukrainekrieg","45":"tag-ungarn","46":"tag-washington","47":"tag-weisses-haus","48":"tag-wladimir-putin","49":"tag-wolodymyr-selenskyj"},"share_on_mastodon":{"url":"","error":"Validation failed: Text character limit of 500 exceeded"},"_links":{"self":[{"href":"https:\/\/www.europesays.com\/de\/wp-json\/wp\/v2\/posts\/380840","targetHints":{"allow":["GET"]}}],"collection":[{"href":"https:\/\/www.europesays.com\/de\/wp-json\/wp\/v2\/posts"}],"about":[{"href":"https:\/\/www.europesays.com\/de\/wp-json\/wp\/v2\/types\/post"}],"author":[{"embeddable":true,"href":"https:\/\/www.europesays.com\/de\/wp-json\/wp\/v2\/users\/2"}],"replies":[{"embeddable":true,"href":"https:\/\/www.europesays.com\/de\/wp-json\/wp\/v2\/comments?post=380840"}],"version-history":[{"count":0,"href":"https:\/\/www.europesays.com\/de\/wp-json\/wp\/v2\/posts\/380840\/revisions"}],"wp:featuredmedia":[{"embeddable":true,"href":"https:\/\/www.europesays.com\/de\/wp-json\/wp\/v2\/media\/380841"}],"wp:attachment":[{"href":"https:\/\/www.europesays.com\/de\/wp-json\/wp\/v2\/media?parent=380840"}],"wp:term":[{"taxonomy":"category","embeddable":true,"href":"https:\/\/www.europesays.com\/de\/wp-json\/wp\/v2\/categories?post=380840"},{"taxonomy":"post_tag","embeddable":true,"href":"https:\/\/www.europesays.com\/de\/wp-json\/wp\/v2\/tags?post=380840"}],"curies":[{"name":"wp","href":"https:\/\/api.w.org\/{rel}","templated":true}]}}