{"id":380846,"date":"2025-08-29T01:43:13","date_gmt":"2025-08-29T01:43:13","guid":{"rendered":"https:\/\/www.europesays.com\/de\/380846\/"},"modified":"2025-08-29T01:43:13","modified_gmt":"2025-08-29T01:43:13","slug":"deutsch-franzoesische-ministerrat-startet-mit-gedaempften-erwartungen","status":"publish","type":"post","link":"https:\/\/www.europesays.com\/de\/380846\/","title":{"rendered":"Deutsch-franz\u00f6sische Ministerrat startet mit ged\u00e4mpften Erwartungen"},"content":{"rendered":"<p class=\"metatextline\">Stand: 28.08.2025 23:21 Uhr<\/p>\n<p class=\"textabsatz columns twelve  m-ten  m-offset-one l-eight l-offset-two\">\n        <strong>Heute beginnt der deutsch-franz\u00f6sischen Ministerrat in Toulon. Vorher haben die Staatschefs beider L\u00e4nder Einigkeit demonstriert. Wenn es um konkrete Erwartungen an das Treffen geht, bleiben sie aber vage. <\/strong>\n    <\/p>\n<p>                                        <a class=\"authorline__link\" href=\"https:\/\/www.tagesschau.de\/korrespondenten\/cai-rienaecker-104.html\" rel=\"nofollow noopener\" target=\"_blank\"><br \/>\n                                            <img decoding=\"async\" class=\"authorline__img\" alt=\"Cai Rien\u00e4cker\" src=\"https:\/\/www.europesays.com\/de\/wp-content\/uploads\/2025\/08\/cai-rienaecker-103.jpg\"\/><br \/>\n                                        <\/a><\/p>\n<p class=\"textabsatz m-ten m-offset-one l-eight l-offset-two columns twelve\">\nIm Hafen von Toulon ist es ruhig. Viele franz\u00f6sische Touristen verlassen die Stadt an der C\u00f4te-d\u2019Azur in diesen Tagen wegen des Ferienendes. Entlang der zentralen Avenue de la R\u00e9publique h\u00e4ngen jede Menge franz\u00f6sische Fahnen, aber mit dem deutsch-franz\u00f6sischen Ministerrat in Toulon hat das nichts zu tun, versichert Blandine, Kellnerin im Bistrot du Port an der Hafenpromenade:<\/p>\n<p class=\"textabsatz m-ten m-offset-one l-eight l-offset-two columns twelve\">\n&#8222;Ich glaube, sie haben die Fahnen seit Maria Himmelfahrt einfach h\u00e4ngen lassen.&#8220; Dass es einen deutsch-franz\u00f6sischen Gipfel in Toulon gibt, nein, davon wei\u00df sie nichts, aber sie m\u00fcsse auch viel arbeiten und interessiere sich nicht so f\u00fcr Politik.<\/p>\n<p>    Erstes Treffen im Sommersitz<\/p>\n<p class=\"textabsatz m-ten m-offset-one l-eight l-offset-two columns twelve\">\nDer deutsch-franz\u00f6sische Ministerrat wird heute in Toulon unter Ausschluss der \u00d6ffentlichkeit auf einer Festung am Cap Brun stattfinden, wie der Ort im Osten der Stadt genannt wird. Festungen gibt es einige rund um den historischen Milit\u00e4rhafen Toulon, den Heimathafen des franz\u00f6sischen Flugzeugtr\u00e4gers &#8222;Charles de Gaulle&#8220;.<\/p>\n<p class=\"textabsatz m-ten m-offset-one l-eight l-offset-two columns twelve\">\nSchon am Vorabend des Ministerrates trafen sich Friedrich Merz und Emmanuel Macron auf einer historischen Felsenfestung zwischen Toulon und Saint-Tropez. Der Bundeskanzler durfte Gast am Sommersitz der franz\u00f6sischen Pr\u00e4sidenten, dem Fort Br\u00e9gan\u00e7on, sein.<\/p>\n<p>    Ern\u00fcchterung nach Besuch beim US-Pr\u00e4sidenten<\/p>\n<p class=\"textabsatz m-ten m-offset-one l-eight l-offset-two columns twelve\">\nZu Beginn einer Arbeitssitzung im malerischen Garten des Forts bei schw\u00fcler Meeresluft musste Bundeskanzler Merz zun\u00e4chst auf den Krieg in der Ukraine zur\u00fcckkommen. Zum ersten Mal sprach er in dieser Deutlichkeit aus, was offensichtlich geworden ist.<\/p>\n<p class=\"textabsatz m-ten m-offset-one l-eight l-offset-two columns twelve\">\nEs sei eine &#8222;Tatsache, dass es offensichtlich nicht zu einem Treffen zwischen Pr\u00e4sident Selenskyj und Pr\u00e4sident Putin kommen wird, anders als es zwischen Pr\u00e4sident Trump und Pr\u00e4sident Putin in der letzten Woche verabredet war, als wir gemeinsam in Washington waren.&#8220;<\/p>\n<p class=\"textabsatz m-ten m-offset-one l-eight l-offset-two columns twelve\">\nDer Blick von Friedrich Merz geht r\u00fcber zu Emmanuel Macron. Merz und Macron hatten sich nach ihrem gemeinsamen Besuch beim amerikanischen Pr\u00e4sidenten Trump noch optimistisch gezeigt, dass es bald zu Verhandlungen kommen k\u00f6nnte.<\/p>\n<p>    Viel Atmosph\u00e4re, wenig Konkretes<\/p>\n<p class=\"textabsatz m-ten m-offset-one l-eight l-offset-two columns twelve\">\nSeite an Seite pr\u00e4sentierten sich Merz und Macron auch auf dem Fort Br\u00e9gan\u00e7on. Und der Bundeskanzler raffte sein bestes Franz\u00f6sisch zusammen, um seinem Freund Emmanuel minutenlang f\u00fcr die Einladung zum Abendessen auf dem sch\u00f6nen Mittelmeer-Fort zu danken.<\/p>\n<p class=\"textabsatz m-ten m-offset-one l-eight l-offset-two columns twelve\">\nMerz und Macron &#8211; atmosph\u00e4risch scheint das gut zu passen. Aber die beiden wissen, dass sie langsam auch Ergebnisse liefern m\u00fcssen.<\/p>\n<p>    Ank\u00fcndigung von &#8222;Leuchtturmprojekten&#8220;<\/p>\n<p class=\"textabsatz m-ten m-offset-one l-eight l-offset-two columns twelve\">\nIm Hinblick auf den deutsch-franz\u00f6sischen Ministerrat am Folgetag bem\u00fchte sich der franz\u00f6sische Pr\u00e4sident um die Aufz\u00e4hlung konkreter Fortschritte. Die Arbeit der Minister-Teams und viele bilaterale deutsch-franz\u00f6sische Treffen h\u00e4tten es m\u00f6glich gemacht, dass beim Ministerrat &#8222;acht strategische Dokumente&#8220; auf den Weg gebracht werden k\u00f6nnten.<\/p>\n<p class=\"textabsatz m-ten m-offset-one l-eight l-offset-two columns twelve\">\nEs gebe auch &#8222;rund zwanzig Leuchtturmprojekte&#8220;. Nur welche das genau sind, lie\u00df Emmanuel Macron offen. Das heikle Thema der gemeinsamen Entwicklung eines Kampfjets der neuen Generation unter dem K\u00fcrzel FCAS wird beim Ministerrat in Toulon wohl eher ausgespart werden, hei\u00dft es auch in den nationalen Delegationen.<\/p>\n<p>    Treffen im Schatten der Regierungskrise<\/p>\n<p class=\"textabsatz m-ten m-offset-one l-eight l-offset-two columns twelve\">\nImmerhin zehn Minister auf jeder Seite sollen an den Beratungen in der s\u00fcdfranz\u00f6sischen Hafenstadt Toulon teilnehmen. Aber viele der franz\u00f6sischen Gespr\u00e4chspartner k\u00f6nnten schon ab \u00fcbern\u00e4chste Woche nicht mehr im Amt sein.<\/p>\n<p class=\"textabsatz m-ten m-offset-one l-eight l-offset-two columns twelve\">\nWegen der aktuellen Regierungskrise in Frankreich hat Premierminister Fran\u00e7ois Bayrou angek\u00fcndigt, im Parlament die Vertrauensfrage zu stellen. Die Erwartungen an diesen ersten deutsch-franz\u00f6sischen Ministerrat nach Antritt der Merz-Regierung werden in beiden Delegationen deswegen stark zur\u00fcckgefahren.<\/p>\n","protected":false},"excerpt":{"rendered":"Stand: 28.08.2025 23:21 Uhr Heute beginnt der deutsch-franz\u00f6sischen Ministerrat in Toulon. Vorher haben die Staatschefs beider L\u00e4nder Einigkeit&hellip;\n","protected":false},"author":2,"featured_media":380847,"comment_status":"","ping_status":"","sticky":false,"template":"","format":"standard","meta":{"footnotes":""},"categories":[3974],"tags":[331,332,548,663,3934,3980,156,13,7301,182,103045,14,15,12],"class_list":{"0":"post-380846","1":"post","2":"type-post","3":"status-publish","4":"format-standard","5":"has-post-thumbnail","7":"category-frankreich","8":"tag-aktuelle-nachrichten","9":"tag-aktuelle-news","10":"tag-eu","11":"tag-europa","12":"tag-europe","13":"tag-france","14":"tag-frankreich","15":"tag-headlines","16":"tag-macron","17":"tag-merz","18":"tag-ministerrat","19":"tag-nachrichten","20":"tag-news","21":"tag-schlagzeilen"},"share_on_mastodon":{"url":"https:\/\/pubeurope.com\/@de\/115109521587112881","error":""},"_links":{"self":[{"href":"https:\/\/www.europesays.com\/de\/wp-json\/wp\/v2\/posts\/380846","targetHints":{"allow":["GET"]}}],"collection":[{"href":"https:\/\/www.europesays.com\/de\/wp-json\/wp\/v2\/posts"}],"about":[{"href":"https:\/\/www.europesays.com\/de\/wp-json\/wp\/v2\/types\/post"}],"author":[{"embeddable":true,"href":"https:\/\/www.europesays.com\/de\/wp-json\/wp\/v2\/users\/2"}],"replies":[{"embeddable":true,"href":"https:\/\/www.europesays.com\/de\/wp-json\/wp\/v2\/comments?post=380846"}],"version-history":[{"count":0,"href":"https:\/\/www.europesays.com\/de\/wp-json\/wp\/v2\/posts\/380846\/revisions"}],"wp:featuredmedia":[{"embeddable":true,"href":"https:\/\/www.europesays.com\/de\/wp-json\/wp\/v2\/media\/380847"}],"wp:attachment":[{"href":"https:\/\/www.europesays.com\/de\/wp-json\/wp\/v2\/media?parent=380846"}],"wp:term":[{"taxonomy":"category","embeddable":true,"href":"https:\/\/www.europesays.com\/de\/wp-json\/wp\/v2\/categories?post=380846"},{"taxonomy":"post_tag","embeddable":true,"href":"https:\/\/www.europesays.com\/de\/wp-json\/wp\/v2\/tags?post=380846"}],"curies":[{"name":"wp","href":"https:\/\/api.w.org\/{rel}","templated":true}]}}