{"id":380856,"date":"2025-08-29T01:48:11","date_gmt":"2025-08-29T01:48:11","guid":{"rendered":"https:\/\/www.europesays.com\/de\/380856\/"},"modified":"2025-08-29T01:48:11","modified_gmt":"2025-08-29T01:48:11","slug":"deutschland-warnt-vor-reisen-iran-weist-sanktionen-zurueck","status":"publish","type":"post","link":"https:\/\/www.europesays.com\/de\/380856\/","title":{"rendered":"Deutschland warnt vor Reisen, Iran weist Sanktionen zur\u00fcck"},"content":{"rendered":"<p class=\"text_ohne_einzug richtext text-em-55 !leading-serif mx-6 desktop:mx-0\">Der <a href=\"https:\/\/rp-online.de\/thema\/iran\/\" rel=\"nofollow noopener\" target=\"_blank\">Iran<\/a> hat den Vorsto\u00df Deutschlands, Frankreichs und Gro\u00dfbritanniens zur Wiedereinf\u00fchrung von UN-Sanktionen als unzul\u00e4ssig zur\u00fcckgewiesen. Die drei L\u00e4nder h\u00e4tten keine rechtliche Befugnis, eine automatische Wiedereinf\u00fchrung der Sanktionen auszul\u00f6sen, sagte Au\u00dfenminister Abbas Araktschi am Donnerstagabend. In einem Schreiben an die EU-Au\u00dfenbeauftragte Kaja Kallas erkl\u00e4rte er zugleich, der Iran sei zu einer Wiederaufnahme \u201efairer und ausgewogener Verhandlungen\u201c \u00fcber sein umstrittenes Atomprogramm bereit. Voraussetzung sei, dass die Verhandlungspartner guten Willen zeigten.<\/p>\n","protected":false},"excerpt":{"rendered":"Der Iran hat den Vorsto\u00df Deutschlands, Frankreichs und Gro\u00dfbritanniens zur Wiedereinf\u00fchrung von UN-Sanktionen als unzul\u00e4ssig zur\u00fcckgewiesen. Die drei&hellip;\n","protected":false},"author":2,"featured_media":380857,"comment_status":"","ping_status":"","sticky":false,"template":"","format":"standard","meta":{"footnotes":"","_share_on_mastodon":"0"},"categories":[2],"tags":[331,3924,332,3922,8391,103047,3364,3280,29,30,13,345,64254,14,3923,15,3921,52436,1155,12,9976,103046,31678,39126],"class_list":["post-380856","post","type-post","status-publish","format-standard","has-post-thumbnail","category-deutschland","tag-aktuelle-nachrichten","tag-aktuelle-nachrichten-aus-deutschland","tag-aktuelle-news","tag-aktuelle-news-aus-deutschland","tag-amt","tag-auswaertige","tag-de","tag-deutsche","tag-deutschland","tag-germany","tag-headlines","tag-iran","tag-iranische","tag-nachrichten","tag-nachrichten-aus-deutschland","tag-news","tag-news-aus-deutschland","tag-reisewarnung","tag-sanktionen","tag-schlagzeilen","tag-teheran","tag-unzulaessig","tag-vorstoss","tag-wiedereinfuehrung"],"share_on_mastodon":{"url":"https:\/\/pubeurope.com\/@de\/115109541160413357","error":""},"_links":{"self":[{"href":"https:\/\/www.europesays.com\/de\/wp-json\/wp\/v2\/posts\/380856","targetHints":{"allow":["GET"]}}],"collection":[{"href":"https:\/\/www.europesays.com\/de\/wp-json\/wp\/v2\/posts"}],"about":[{"href":"https:\/\/www.europesays.com\/de\/wp-json\/wp\/v2\/types\/post"}],"author":[{"embeddable":true,"href":"https:\/\/www.europesays.com\/de\/wp-json\/wp\/v2\/users\/2"}],"replies":[{"embeddable":true,"href":"https:\/\/www.europesays.com\/de\/wp-json\/wp\/v2\/comments?post=380856"}],"version-history":[{"count":0,"href":"https:\/\/www.europesays.com\/de\/wp-json\/wp\/v2\/posts\/380856\/revisions"}],"wp:featuredmedia":[{"embeddable":true,"href":"https:\/\/www.europesays.com\/de\/wp-json\/wp\/v2\/media\/380857"}],"wp:attachment":[{"href":"https:\/\/www.europesays.com\/de\/wp-json\/wp\/v2\/media?parent=380856"}],"wp:term":[{"taxonomy":"category","embeddable":true,"href":"https:\/\/www.europesays.com\/de\/wp-json\/wp\/v2\/categories?post=380856"},{"taxonomy":"post_tag","embeddable":true,"href":"https:\/\/www.europesays.com\/de\/wp-json\/wp\/v2\/tags?post=380856"}],"curies":[{"name":"wp","href":"https:\/\/api.w.org\/{rel}","templated":true}]}}