{"id":380864,"date":"2025-08-29T01:53:26","date_gmt":"2025-08-29T01:53:26","guid":{"rendered":"https:\/\/www.europesays.com\/de\/380864\/"},"modified":"2025-08-29T01:53:26","modified_gmt":"2025-08-29T01:53:26","slug":"einziger-zweitligist-ohne-punkt-nach-drei-liga-pleiten-gegen-paderborn-muss-der-club-liefern-2","status":"publish","type":"post","link":"https:\/\/www.europesays.com\/de\/380864\/","title":{"rendered":"Einziger Zweitligist ohne Punkt: Nach drei Liga-Pleiten: Gegen Paderborn muss der Club liefern"},"content":{"rendered":"<ul>\n<li>Laut Trainer Miroslav Klose geht es dabei um viel mehr als nur um ihn &#8211; und fordert eine Reaktion<\/li>\n<\/ul>\n<p><b>N\u00fcrnberg (dpa\/lby) &#8211; Nach dem verpatzten Saisonstart in der 2. Fu\u00dfball-Bundesliga will Miroslav Klose mit dem 1. FC N\u00fcrnberg die Trendwende einleiten. Im Mittelpunkt sieht sich der Trainer vor dem Heimspiel gegen den SC Paderborn am Freitagabend (18.30 Uhr\/Sky) jedoch nicht. \u00abEs geht nur um den Club, nicht um meine Person\u00bb, sagte der 47-J\u00e4hrige.<\/b><\/p>\n<p>Als einziger Zweitligist ist der FCN vor dem 4. Spieltag noch ohne Punkt. Daran, \u00abdass wir gemeinsam das Ruder herumrei\u00dfen\u00bb, trage er als Trainer zwar einen gro\u00dfen Anteil, so Klose. Seine Aufgabe sei es, mit den Spielern zu sprechen &#8211; entscheidend sei am Ende aber, \u00abwas da rauskommt\u00bb. Klose zeigte sich gelassen dar\u00fcber, dass das gelingen wird: \u00abDeswegen sitze ich so, wie ich hier sitze.\u00bb<\/p>\n<p>Klose fordert Reaktion: Spieler, die dann vorneweg marschieren<\/p>\n<p>Von seinen Spielern will Klose gegen Paderborn mehr Intensit\u00e4t und K\u00f6rpersprache sehen. Bei der 1:2-Niederlage gegen Preu\u00dfen M\u00fcnster hatte sich die Mannschaft erst in der zweiten H\u00e4lfte zwingender pr\u00e4sentiert. \u00abDas haben wir auch intern sehr, sehr klar angesprochen\u00bb, sagte Klose. \u00abDa brauchen wir Spieler, die dann vorneweg marschieren.\u00bb<\/p>\n<p>Personell muss der FCN kurzfristig auf Caspar Jandar verzichten. Der Mittelfeldspieler steht kurz vor dem Wechsel nach England zum FC Southampton, wie Klose best\u00e4tigte. Im Kader gebe es aber \u00abgenug Spieler, die in diese Rolle schl\u00fcpfen k\u00f6nnen\u00bb. Auch der erst am Mittwoch aus Hoffenheim verpflichtete Finn Ole Becker sei am Freitag bereits eine Option.<\/p>\n<p>Mit Hindolo Mustapha fehlt der zweite Neuzugang der Woche dagegen vorerst. Der Offensivspieler ist angeschlagen und soll in der n\u00e4chsten Woche ins Training einsteigen.<\/p>\n<p>                <a id=\"like-anchor\"\/><\/p>\n<p>                    Dieser Inhalt gef\u00e4llt Ihnen?<\/p>\n<p>Melden Sie sich an, um diesen Inhalt mit \u00abGef\u00e4llt mir\u00bb zu markieren.<\/p>\n<p>            \u00d7<\/p>\n<p>        <a href=\"#\" data-trigger-click-on-space-or-enter=\"\" class=\"button ggm-like-button hollow\" title=\"Gef\u00e4llt mir\" data-open=\"like-conversion-68b108144416e\"><\/p>\n<p>        <\/a><\/p>\n<p>\n        Gef\u00e4llt <strong>0<\/strong> mal<br \/>\n        0\n    <\/p>\n<p>            <a href=\"https:\/\/www.marktspiegel.de\/nuernberg\/profile-126\/nicole-fuchsbauer\" class=\"stop-click-event-propagation\" rel=\"nofollow noopener\" target=\"_blank\">    <\/p>\n<p>                                                                            <img class=\"imagecontainer\" decoding=\"auto\" data-aspect-ratio=\"https:\/\/www.marktspiegel.de\/nuernberg\/c-freizeit-und-sport\/1\" src=\"https:\/\/media04.marktspiegel.de\/user\/2020\/10\/02\/8\/2898_L.jpg?1729248456\" style=\"object-position: 50% 50%;\" data-object-position=\"50% 50%\" bad-src=\"data:image\/gif;base64,R0lGODlhAQABAIAAAAAAAP\/\/\/yH5BAEAAAAALAAAAAABAAEAAAIBRAA7\"\/><\/p>\n<p>        <\/a><\/p>\n<p>                    Sie m\u00f6chten diesem Profil folgen?<\/p>\n<p>Verpassen Sie nicht die neuesten Inhalte von diesem Profil: Melden Sie sich an, um neuen Inhalten von Profilen und Orten in Ihrem <strong>pers\u00f6nlichen Feed<\/strong> zu folgen.<\/p>\n<p>            \u00d7<\/p>\n<p>\n            <strong>28<\/strong> folgen diesem Profil\n        <\/p>\n","protected":false},"excerpt":{"rendered":"Laut Trainer Miroslav Klose geht es dabei um viel mehr als nur um ihn &#8211; und fordert eine&hellip;\n","protected":false},"author":2,"featured_media":379816,"comment_status":"","ping_status":"","sticky":false,"template":"","format":"standard","meta":{"footnotes":""},"categories":[1837],"tags":[772,3364,29,30,3783],"class_list":{"0":"post-380864","1":"post","2":"type-post","3":"status-publish","4":"format-standard","5":"has-post-thumbnail","7":"category-nuernberg","8":"tag-bayern","9":"tag-de","10":"tag-deutschland","11":"tag-germany","12":"tag-nuernberg"},"share_on_mastodon":{"url":"https:\/\/pubeurope.com\/@de\/115109560521796672","error":""},"_links":{"self":[{"href":"https:\/\/www.europesays.com\/de\/wp-json\/wp\/v2\/posts\/380864","targetHints":{"allow":["GET"]}}],"collection":[{"href":"https:\/\/www.europesays.com\/de\/wp-json\/wp\/v2\/posts"}],"about":[{"href":"https:\/\/www.europesays.com\/de\/wp-json\/wp\/v2\/types\/post"}],"author":[{"embeddable":true,"href":"https:\/\/www.europesays.com\/de\/wp-json\/wp\/v2\/users\/2"}],"replies":[{"embeddable":true,"href":"https:\/\/www.europesays.com\/de\/wp-json\/wp\/v2\/comments?post=380864"}],"version-history":[{"count":0,"href":"https:\/\/www.europesays.com\/de\/wp-json\/wp\/v2\/posts\/380864\/revisions"}],"wp:featuredmedia":[{"embeddable":true,"href":"https:\/\/www.europesays.com\/de\/wp-json\/wp\/v2\/media\/379816"}],"wp:attachment":[{"href":"https:\/\/www.europesays.com\/de\/wp-json\/wp\/v2\/media?parent=380864"}],"wp:term":[{"taxonomy":"category","embeddable":true,"href":"https:\/\/www.europesays.com\/de\/wp-json\/wp\/v2\/categories?post=380864"},{"taxonomy":"post_tag","embeddable":true,"href":"https:\/\/www.europesays.com\/de\/wp-json\/wp\/v2\/tags?post=380864"}],"curies":[{"name":"wp","href":"https:\/\/api.w.org\/{rel}","templated":true}]}}