{"id":380865,"date":"2025-08-29T01:55:31","date_gmt":"2025-08-29T01:55:31","guid":{"rendered":"https:\/\/www.europesays.com\/de\/380865\/"},"modified":"2025-08-29T01:55:31","modified_gmt":"2025-08-29T01:55:31","slug":"geht-nur-um-den-club-klose-unter-druck","status":"publish","type":"post","link":"https:\/\/www.europesays.com\/de\/380865\/","title":{"rendered":"\u00abGeht nur um den Club\u00bb: Klose unter Druck"},"content":{"rendered":"<p>Vier Pflichtspiele, vier Niederlagen &#8211; und jetzt auch noch eine Schl\u00fcsselfigur weniger: Der <a href=\"https:\/\/www.fraenkischertag.de\/organisation\/1-fc-nuernberg\/\" rel=\"nofollow noopener\" target=\"_blank\">1. FC N\u00fcrnberg<\/a> steht fr\u00fch in der Saison schon enorm unter Druck. F\u00fcr Trainer Miroslav Klose gibt es einige Probleme, die es vor der Partie gegen den SC Paderborn in der 2. Fu\u00dfball-Bundesliga am Freitag (18.30 Uhr\/Sky) zu l\u00f6sen gilt. Es gehe nur um den Club, beteuert der fr\u00fchere Weltklasse-St\u00fcrmer. Dass Leistungstr\u00e4ger Caspar Jander ausgerechnet jetzt kurz vor dem Absprung steht, macht da nicht gerade Hoffnung.<\/p>\n<p>Wie wichtig der U21-Nationalspieler f\u00fcr den FCN war, will auch Klose nicht kleinreden. \u00abWir haben lange, lange dar\u00fcber gesprochen\u00bb, sagte der Club-Coach \u00fcber die Entscheidung, den Mittelfeldstrategen ziehen zu lassen.<\/p>\n<p>Jander hatte vergangene Saison fast jede Minute auf dem Platz gestanden und wurde zuletzt schwer vermisst, als er am 1. und 2. Spieltag verletzt ausfiel. Ein Veto einzulegen, kam f\u00fcr Klose dennoch nicht infrage. \u00abWenn ein Verein kommt mit einer gewissen Summe, m\u00fcssen wir das machen\u00bb, erkl\u00e4rte er.<\/p>\n<p>Zweitteuerster Abgang der Club-Geschichte<\/p>\n<p>Und diese Summe ist tats\u00e4chlich gewaltig: Zw\u00f6lf Millionen Euro plus Boni will der englische Zweitligist FC Southampton laut Medienberichten f\u00fcr Jander auf den Tisch legen. Eine Menge Geld f\u00fcr einen Spieler, der erst vor einem Jahr abl\u00f6sefrei vom MSV Duisburg gekommen war &#8211; und erst recht f\u00fcr den FCN, der nur f\u00fcr Stefanos Tzimas eine h\u00f6here Summe kassierte. F\u00fcr den St\u00fcrmer hatten die Franken im Winter 18 Millionen Euro an PAOK Saloniki \u00fcberwiesen und ihn dann f\u00fcr 25 Millionen Euro an Brighton &amp; Hove Albion verkauft.<\/p>\n<p>Sie seien auf den Jander-Abflug vorbereitet gewesen, sagte Klose. \u00abDas w\u00e4re auch schlimm, wenn es nicht so w\u00e4re.\u00bb Schlie\u00dflich galt der 22-J\u00e4hrige schon l\u00e4nger als Wechselkandidat, mit dem VfB Stuttgart war sich der Club jedoch nicht einig geworden. Mit weiteren Neuzug\u00e4ngen f\u00fcr das Mittelfeld gibt es bereits Gespr\u00e4che, sagte Klose, der jedoch auch zugibt: Eine so feste Gr\u00f6\u00dfe wie Jander gerade in einer so kniffligen Phase abzugeben, birgt ein Risiko.<\/p>\n<p>Gegen Paderborn muss sich Klose im Mittelfeld nun etwas einfallen lassen. \u00abDas ist ja auch die Aufgabe von einem Trainer\u00bb, sagte er. Jemand wie Rafael Lubach k\u00f6nne die L\u00fccke f\u00fcllen, auch der erst am Mittwoch aus Hoffenheim gekommene Finn Ole Becker sei bereits eine Option. Mit Hindolo Mustapha ist der zweite Neuzugang der Woche dagegen noch angeschlagen, er soll laut Klose erst in der n\u00e4chsten Woche ins Training einsteigen.<\/p>\n<p>Klose gelassen: \u00abEs geht nur um den Club\u00bb<\/p>\n<p>Ohnehin liege sein Fokus auf dem Spiel gegen Paderborn und nicht auf Jander, beteuerte Klose &#8211; und schon gar nicht auf ihm selbst. \u00abEs geht nur um den Club, nicht um meine Person\u00bb, sagte er deutlich. Als Trainer spreche er die Probleme an, doch am Ende seien es eben die Spieler, die auf dem Platz etwas daraus machen m\u00fcssten &#8211; gerade, was Intensit\u00e4t und K\u00f6rpersprache angeht. \u00abDa brauchen wir Spieler, die dann vorneweg marschieren.\u00bb<\/p>\n<p>Dass fr\u00fcher oder sp\u00e4ter auch sein Job auf dem Spiel stehen d\u00fcrfte, sollten die N\u00fcrnberger weiter Punkte abgeben, scheint Klose bisher nicht zu belasten. Anspannung ist im Gesicht des 47-J\u00e4hrigen nicht zu erkennen. \u00abDeswegen sitze ich so, wie ich hier sitze\u00bb, sagte der Coach. Gegen Paderborn erwarte er aber eine klare Steigerung von seiner Mannschaft. Auch ohne Jander.<\/p>\n","protected":false},"excerpt":{"rendered":"Vier Pflichtspiele, vier Niederlagen &#8211; und jetzt auch noch eine Schl\u00fcsselfigur weniger: Der 1. FC N\u00fcrnberg steht fr\u00fch&hellip;\n","protected":false},"author":2,"featured_media":380866,"comment_status":"","ping_status":"","sticky":false,"template":"","format":"standard","meta":{"footnotes":""},"categories":[1837],"tags":[772,3364,29,30,3783],"class_list":{"0":"post-380865","1":"post","2":"type-post","3":"status-publish","4":"format-standard","5":"has-post-thumbnail","7":"category-nuernberg","8":"tag-bayern","9":"tag-de","10":"tag-deutschland","11":"tag-germany","12":"tag-nuernberg"},"share_on_mastodon":{"url":"https:\/\/pubeurope.com\/@de\/115109568515045860","error":""},"_links":{"self":[{"href":"https:\/\/www.europesays.com\/de\/wp-json\/wp\/v2\/posts\/380865","targetHints":{"allow":["GET"]}}],"collection":[{"href":"https:\/\/www.europesays.com\/de\/wp-json\/wp\/v2\/posts"}],"about":[{"href":"https:\/\/www.europesays.com\/de\/wp-json\/wp\/v2\/types\/post"}],"author":[{"embeddable":true,"href":"https:\/\/www.europesays.com\/de\/wp-json\/wp\/v2\/users\/2"}],"replies":[{"embeddable":true,"href":"https:\/\/www.europesays.com\/de\/wp-json\/wp\/v2\/comments?post=380865"}],"version-history":[{"count":0,"href":"https:\/\/www.europesays.com\/de\/wp-json\/wp\/v2\/posts\/380865\/revisions"}],"wp:featuredmedia":[{"embeddable":true,"href":"https:\/\/www.europesays.com\/de\/wp-json\/wp\/v2\/media\/380866"}],"wp:attachment":[{"href":"https:\/\/www.europesays.com\/de\/wp-json\/wp\/v2\/media?parent=380865"}],"wp:term":[{"taxonomy":"category","embeddable":true,"href":"https:\/\/www.europesays.com\/de\/wp-json\/wp\/v2\/categories?post=380865"},{"taxonomy":"post_tag","embeddable":true,"href":"https:\/\/www.europesays.com\/de\/wp-json\/wp\/v2\/tags?post=380865"}],"curies":[{"name":"wp","href":"https:\/\/api.w.org\/{rel}","templated":true}]}}