{"id":380872,"date":"2025-08-29T01:59:19","date_gmt":"2025-08-29T01:59:19","guid":{"rendered":"https:\/\/www.europesays.com\/de\/380872\/"},"modified":"2025-08-29T01:59:19","modified_gmt":"2025-08-29T01:59:19","slug":"messerangriff-in-dresdner-innenstadt-zwei-maenner-verletzt","status":"publish","type":"post","link":"https:\/\/www.europesays.com\/de\/380872\/","title":{"rendered":"Messerangriff in Dresdner Innenstadt: Zwei M\u00e4nner verletzt"},"content":{"rendered":"<p class=\"text\">\nBei einem Messerangriff in der Dresdner Innenstadt sind am Mittwochabend zwei Menschen verletzt worden. Nach Angaben der Polizei waren ein 16-J\u00e4hriger und ein 24-J\u00e4hriger in Streit geraten. Beide h\u00e4tten Schnittwunden davon getragen und h\u00e4tten im Krankenhaus behandelt werden m\u00fcssen. Vor Ort wurden den Angaben zufolge zwei Messer gefunden, die offenbar als Tatwaffen genutzt wurden. Die Polizei ermittelt nun wegen gef\u00e4hrlicher K\u00f6rperverletzung.<\/p>\n","protected":false},"excerpt":{"rendered":"Bei einem Messerangriff in der Dresdner Innenstadt sind am Mittwochabend zwei Menschen verletzt worden. Nach Angaben der Polizei&hellip;\n","protected":false},"author":2,"featured_media":380873,"comment_status":"","ping_status":"","sticky":false,"template":"","format":"standard","meta":{"footnotes":""},"categories":[1835],"tags":[4067,2140,3364,29,2386,30,81,1981,14,121,859,2127,3258],"class_list":{"0":"post-380872","1":"post","2":"type-post","3":"status-publish","4":"format-standard","5":"has-post-thumbnail","7":"category-dresden","8":"tag-ermittlungen","9":"tag-angriff","10":"tag-de","11":"tag-deutschland","12":"tag-dresden","13":"tag-germany","14":"tag-mdr","15":"tag-messer","16":"tag-nachrichten","17":"tag-polizei","18":"tag-sachsen","19":"tag-streit","20":"tag-verletzte"},"share_on_mastodon":{"url":"https:\/\/pubeurope.com\/@de\/115109584297378622","error":""},"_links":{"self":[{"href":"https:\/\/www.europesays.com\/de\/wp-json\/wp\/v2\/posts\/380872","targetHints":{"allow":["GET"]}}],"collection":[{"href":"https:\/\/www.europesays.com\/de\/wp-json\/wp\/v2\/posts"}],"about":[{"href":"https:\/\/www.europesays.com\/de\/wp-json\/wp\/v2\/types\/post"}],"author":[{"embeddable":true,"href":"https:\/\/www.europesays.com\/de\/wp-json\/wp\/v2\/users\/2"}],"replies":[{"embeddable":true,"href":"https:\/\/www.europesays.com\/de\/wp-json\/wp\/v2\/comments?post=380872"}],"version-history":[{"count":0,"href":"https:\/\/www.europesays.com\/de\/wp-json\/wp\/v2\/posts\/380872\/revisions"}],"wp:featuredmedia":[{"embeddable":true,"href":"https:\/\/www.europesays.com\/de\/wp-json\/wp\/v2\/media\/380873"}],"wp:attachment":[{"href":"https:\/\/www.europesays.com\/de\/wp-json\/wp\/v2\/media?parent=380872"}],"wp:term":[{"taxonomy":"category","embeddable":true,"href":"https:\/\/www.europesays.com\/de\/wp-json\/wp\/v2\/categories?post=380872"},{"taxonomy":"post_tag","embeddable":true,"href":"https:\/\/www.europesays.com\/de\/wp-json\/wp\/v2\/tags?post=380872"}],"curies":[{"name":"wp","href":"https:\/\/api.w.org\/{rel}","templated":true}]}}