{"id":380884,"date":"2025-08-29T02:05:21","date_gmt":"2025-08-29T02:05:21","guid":{"rendered":"https:\/\/www.europesays.com\/de\/380884\/"},"modified":"2025-08-29T02:05:21","modified_gmt":"2025-08-29T02:05:21","slug":"burscheid-lkw-in-flammen-a1-in-richtung-dortmund-gesperrt","status":"publish","type":"post","link":"https:\/\/www.europesays.com\/de\/380884\/","title":{"rendered":"Burscheid: Lkw in Flammen \u2013 A1 in Richtung Dortmund gesperrt"},"content":{"rendered":"<p class=\"dm-paragraph my-8 dm-article-content-width\" index=\"0\" should-collapse-on-mobile=\"true\" has-padding=\"\" data-v-586984a4=\"\">Die <a href=\"https:\/\/www.ksta.de\/themen\/bundesautobahn1\" rel=\"nofollow noopener\" target=\"_blank\">A1<\/a> in Richtung Dortmund ist derzeit wegen eines brennenden Lkw voll gesperrt. Wie die Burscheider Feuerwehr mitteilt, seien die L\u00f6schz\u00fcge Stadtmitte, Hilgen und Paffenl\u00f6h um 17 Uhr alarmiert worden, auch ein Tankl\u00f6schfahrzeug der Feuerwehr Wermelskirchen ist im Einsatz.<\/p>\n<p><img decoding=\"async\" width=\"1554\" height=\"1202\" alt=\"Ein Lkw steht auf der A1 bei Burscheid am Donnerstag (28.08.) in Flammen. Die Autobahn ist in Richtung Dortmund voll gesperrt.\" loading=\"lazy\" onerror=\"this.setAttribute('data-error', 1)\" class=\"current-image dm-figure__image dm-figure__image--undefined undefined\" data-nuxt-pic=\"\" src=\"https:\/\/www.europesays.com\/de\/wp-content\/uploads\/2025\/08\/f8c1f121-463c-4b07-9a24-647a3197ec2d.jpeg\"  \/><\/p>\n<p class=\"dm-figure__subline\" data-v-72e429ff=\"\">Ein Lkw steht auf der A1 bei Burscheid am Donnerstag (28.08.) in Flammen. Die Autobahn ist in Richtung Dortmund voll gesperrt.<\/p>\n<p class=\"dm-figure__copyright\" data-v-72e429ff=\"\">Copyright: Gregor Kauls<\/p>\n<p class=\"dm-paragraph my-8 dm-article-content-width\" index=\"2\" should-collapse-on-mobile=\"true\" has-padding=\"\" data-v-586984a4=\"\">Der Fahrzeugtransporter stand beim Eintreffen der Feuerwehr zwischen den Anschlussstellen Burscheid und Wermelskirchen in Flammen. Zuerst wurden beide Fahrtrichtungen gesperrt, inzwischen ist die <a href=\"https:\/\/www.ksta.de\/themen\/bundesautobahn1\" rel=\"nofollow noopener\" target=\"_blank\">Autobahn 1<\/a> nur in Richtung Dortmund nicht befahrbar. Wie lange noch, ist unklar. (nip)<\/p>\n","protected":false},"excerpt":{"rendered":"Die A1 in Richtung Dortmund ist derzeit wegen eines brennenden Lkw voll gesperrt. Wie die Burscheider Feuerwehr mitteilt,&hellip;\n","protected":false},"author":2,"featured_media":380885,"comment_status":"","ping_status":"","sticky":false,"template":"","format":"standard","meta":{"footnotes":""},"categories":[1833],"tags":[3364,29,217,30,1209],"class_list":{"0":"post-380884","1":"post","2":"type-post","3":"status-publish","4":"format-standard","5":"has-post-thumbnail","7":"category-dortmund","8":"tag-de","9":"tag-deutschland","10":"tag-dortmund","11":"tag-germany","12":"tag-nordrhein-westfalen"},"share_on_mastodon":{"url":"https:\/\/pubeurope.com\/@de\/115109607926977155","error":""},"_links":{"self":[{"href":"https:\/\/www.europesays.com\/de\/wp-json\/wp\/v2\/posts\/380884","targetHints":{"allow":["GET"]}}],"collection":[{"href":"https:\/\/www.europesays.com\/de\/wp-json\/wp\/v2\/posts"}],"about":[{"href":"https:\/\/www.europesays.com\/de\/wp-json\/wp\/v2\/types\/post"}],"author":[{"embeddable":true,"href":"https:\/\/www.europesays.com\/de\/wp-json\/wp\/v2\/users\/2"}],"replies":[{"embeddable":true,"href":"https:\/\/www.europesays.com\/de\/wp-json\/wp\/v2\/comments?post=380884"}],"version-history":[{"count":0,"href":"https:\/\/www.europesays.com\/de\/wp-json\/wp\/v2\/posts\/380884\/revisions"}],"wp:featuredmedia":[{"embeddable":true,"href":"https:\/\/www.europesays.com\/de\/wp-json\/wp\/v2\/media\/380885"}],"wp:attachment":[{"href":"https:\/\/www.europesays.com\/de\/wp-json\/wp\/v2\/media?parent=380884"}],"wp:term":[{"taxonomy":"category","embeddable":true,"href":"https:\/\/www.europesays.com\/de\/wp-json\/wp\/v2\/categories?post=380884"},{"taxonomy":"post_tag","embeddable":true,"href":"https:\/\/www.europesays.com\/de\/wp-json\/wp\/v2\/tags?post=380884"}],"curies":[{"name":"wp","href":"https:\/\/api.w.org\/{rel}","templated":true}]}}