{"id":380906,"date":"2025-08-29T02:17:11","date_gmt":"2025-08-29T02:17:11","guid":{"rendered":"https:\/\/www.europesays.com\/de\/380906\/"},"modified":"2025-08-29T02:17:11","modified_gmt":"2025-08-29T02:17:11","slug":"s-bahn-fahrgaesten-droht-am-wochenende-stammstrecken-aerger-2","status":"publish","type":"post","link":"https:\/\/www.europesays.com\/de\/380906\/","title":{"rendered":"S-Bahn-Fahrg\u00e4sten droht am Wochenende Stammstrecken-\u00c4rger"},"content":{"rendered":"<p class=\"mb-6 text-xs md:text-m lg:text-l font-serif group-[.font-sans]:font-sans \">\n    Fahrg\u00e4ste der M\u00fcnchner S-Bahn m\u00fcssen am Wochenende wieder mehr Geduld auf dem Weg in die Innenstadt mitbringen &#8211; oder auf Alternativen umsteigen. Von Freitagabend, 29. August, 22.30 Uhr, bis Montagfr\u00fch, 1. September, 4.40 Uhr, ist mit der S8 nur eine der normalerweise sieben Linien auf der Stammstrecke regul\u00e4r unterwegs, wie die Bahn mitteilte. Grund daf\u00fcr seien Oberleitungsarbeiten f\u00fcr eine neue Ausweichroute und der Bau der zweiten S-Bahn-Stammstrecke in Laim.\n  <\/p>\n<p class=\"mb-6 text-xs md:text-m lg:text-l font-serif group-[.font-sans]:font-sans \">\n    Wer zum Beispiel mit S- und U-Bahn am Wochenende zum Superbloom-Festival in den Olympiapark fahren will, sollte sich nach Alternativen umschauen. Die Bahn verweist daf\u00fcr unter anderem auf die S1, die von Moosach direkt zum Hauptbahnhof f\u00e4hrt. Auch die S7 f\u00e4hrt regul\u00e4r den Hauptbahnhof an, weil sie nicht auf den Gleisen der Stammstrecke unterwegs ist. Die S6 f\u00e4hrt zudem zumindest auf einem Teil der Stammstrecke.\n  <\/p>\n<p class=\"mb-6 text-xs md:text-m lg:text-l font-serif group-[.font-sans]:font-sans \">\n    Wer von Pasing aus in Richtung Innenstadt muss, kann in Regionalz\u00fcge umsteigen &#8211; vom Ostbahnhof kommend bietet die U-Bahn eine schnelle Alternative. Ein Blick in die Apps der Bahn und vom M\u00fcnchner Verkehrsverbund (MVV) kann bei der Suche helfen.\n  <\/p>\n<p class=\"mb-6 text-xs md:text-m lg:text-l font-serif group-[.font-sans]:font-sans \">\n    Stammstrecken-Sperrungen sind viele S-Bahn-Fahrg\u00e4ste in M\u00fcnchen seit Jahren gewohnt &#8211; vor allem an Wochenenden und in den Ferien, wenn weniger Pendlerinnen und Pendler unterwegs sind. Grund sind meist Arbeiten zur Modernisierung der vielbefahrenen Route selbst und der Bau einer zweiten S-Bahn-Tunnelroute unter der Innenstadt, die die Stammstrecke ab sp\u00e4testens 2037 entlasten soll.\n  <\/p>\n<ul data-module-id=\"DragDropModule\" class=\"flex flex-wrap justify-start group-[.no-bookmarks]:hidden\">\n<li class=\"mb-3 mr-3\">\n    Stammstrecke<\/p>\n<p>      Icon Haken im Kreis gesetzt<\/p>\n<p>      Icon Plus im Kreis<\/p>\n<\/li>\n<li class=\"mb-3 mr-3\">\n    M\u00fcnchen<\/p>\n<p>      Icon Haken im Kreis gesetzt<\/p>\n<p>      Icon Plus im Kreis<\/p>\n<\/li>\n<li class=\"mb-3 mr-3\">\n    Laim<\/p>\n<p>      Icon Haken im Kreis gesetzt<\/p>\n<p>      Icon Plus im Kreis<\/p>\n<\/li>\n<\/ul>\n","protected":false},"excerpt":{"rendered":"Fahrg\u00e4ste der M\u00fcnchner S-Bahn m\u00fcssen am Wochenende wieder mehr Geduld auf dem Weg in die Innenstadt mitbringen &#8211;&hellip;\n","protected":false},"author":2,"featured_media":373702,"comment_status":"","ping_status":"","sticky":false,"template":"","format":"standard","meta":{"footnotes":""},"categories":[1827],"tags":[772,29,30,1268],"class_list":{"0":"post-380906","1":"post","2":"type-post","3":"status-publish","4":"format-standard","5":"has-post-thumbnail","7":"category-muenchen","8":"tag-bayern","9":"tag-deutschland","10":"tag-germany","11":"tag-muenchen"},"share_on_mastodon":{"url":"https:\/\/pubeurope.com\/@de\/115109655104850681","error":""},"_links":{"self":[{"href":"https:\/\/www.europesays.com\/de\/wp-json\/wp\/v2\/posts\/380906","targetHints":{"allow":["GET"]}}],"collection":[{"href":"https:\/\/www.europesays.com\/de\/wp-json\/wp\/v2\/posts"}],"about":[{"href":"https:\/\/www.europesays.com\/de\/wp-json\/wp\/v2\/types\/post"}],"author":[{"embeddable":true,"href":"https:\/\/www.europesays.com\/de\/wp-json\/wp\/v2\/users\/2"}],"replies":[{"embeddable":true,"href":"https:\/\/www.europesays.com\/de\/wp-json\/wp\/v2\/comments?post=380906"}],"version-history":[{"count":0,"href":"https:\/\/www.europesays.com\/de\/wp-json\/wp\/v2\/posts\/380906\/revisions"}],"wp:featuredmedia":[{"embeddable":true,"href":"https:\/\/www.europesays.com\/de\/wp-json\/wp\/v2\/media\/373702"}],"wp:attachment":[{"href":"https:\/\/www.europesays.com\/de\/wp-json\/wp\/v2\/media?parent=380906"}],"wp:term":[{"taxonomy":"category","embeddable":true,"href":"https:\/\/www.europesays.com\/de\/wp-json\/wp\/v2\/categories?post=380906"},{"taxonomy":"post_tag","embeddable":true,"href":"https:\/\/www.europesays.com\/de\/wp-json\/wp\/v2\/tags?post=380906"}],"curies":[{"name":"wp","href":"https:\/\/api.w.org\/{rel}","templated":true}]}}