{"id":380911,"date":"2025-08-29T02:20:11","date_gmt":"2025-08-29T02:20:11","guid":{"rendered":"https:\/\/www.europesays.com\/de\/380911\/"},"modified":"2025-08-29T02:20:11","modified_gmt":"2025-08-29T02:20:11","slug":"berlin-brandenburg-einsturzgefahr-in-mitte-arbeiten-bis-nach-mitternacht","status":"publish","type":"post","link":"https:\/\/www.europesays.com\/de\/380911\/","title":{"rendered":"Berlin &#038; Brandenburg: Einsturzgefahr in Mitte: Arbeiten bis nach Mitternacht"},"content":{"rendered":"<p>                    Berlin &amp; Brandenburg<br \/>\n                Einsturzgefahr in Mitte: Arbeiten bis nach Mitternacht<\/p>\n<p>\t\t\t\t              29.08.2025, 03:26 Uhr<\/p>\n<p><strong>Schockmoment f\u00fcr die Bewohner eines Hauses in der Reinhardtstra\u00dfe: Weil der Dachstuhl akut einsturzgef\u00e4hrdet war, mussten sie das Geb\u00e4ude verlassen. Die Arbeiten des THW liefen bis nach Mitternacht.<\/strong><\/p>\n<p>Berlin (dpa\/bb) &#8211; Bis in die Nacht haben Einsatzkr\u00e4fte des Technischen Hilfswerks (THW) den einsturzgef\u00e4hrdeten Dachstuhl eines Hauses in Berlin-Mitte abgesichert. 13 Menschen hatten das f\u00fcnfst\u00f6ckige Geb\u00e4ude am Donnerstag verlassen m\u00fcssen. Ziel ist, dass sie im Laufe des Tages wieder in ihre Wohnungen zur\u00fcckkehren k\u00f6nnen. Zuvor muss nach Angaben des THW noch der Eigent\u00fcmer des Hauses abschlie\u00dfende Sicherungsma\u00dfnahmen vornehmen.<\/p>\n<p>Schaden von der Stra\u00dfe aus zu sehen<\/p>\n<p>Der Schaden war der Feuerwehr zufolge schon vor einigen Tagen aufgefallen. Demnach hatte sich der Dachstuhl nach vorn in Richtung Stra\u00dfe verschoben. Das war von der Stra\u00dfe aus gut an der Dachkante des Hauses zu erkennen: Das Dach hob sich dort in der Mitte des Geb\u00e4udes leicht von der Fassade ab. Zun\u00e4chst sei ein Statiker informiert worden, hie\u00df es. Weil weitere Ver\u00e4nderungen nicht ausgeschlossen werden konnten, habe gehandelt werden m\u00fcssen, sagte ein Feuerwehrsprecher am Donnerstag.\u00a0<\/p>\n<p>Die konkreten Sicherungsma\u00dfnahmen begannen am Abend durch die Techniker des THW. Stundenlang hatten sich die Fachleute zuvor einen \u00dcberblick \u00fcber die Situation verschafft. Anders als zu Beginn angenommen mussten schlie\u00dflich keine Teile des Daches abgetragen werden. Stattdessen befestigten die Kr\u00e4fte von innen Greifzangen mit Seilen an der Dachkonstruktion, um ein weiteres Abrutschen zu verhindern.\u00a0<\/p>\n<p>Barriere von au\u00dfen<\/p>\n<p>Von au\u00dfen brachte das THW zudem eine Barriere an, damit Teile nicht herabst\u00fcrzen konnten. Das THW beendete seinen Einsatz um kurz nach Mitternacht, wie ein Sprecher berichtete.<\/p>\n<p>Der Einsatzort befindet sich nur wenige Meter vom Friedrichstadt-Palast entfernt. In dem f\u00fcnfst\u00f6ckigen Geb\u00e4ude befinden sich ab dem ersten Obergeschoss aufw\u00e4rts Wohnungen und ein B\u00fcro. Im Erdgeschoss sind Gesch\u00e4fte.<\/p>\n<p>Die Reinhardtstra\u00dfe war am Donnerstag zwischen Friedrichstra\u00dfe und Albrechtstra\u00dfe gesperrt. In dem Abschnitt mussten auch alle parkenden Autos weggefahren oder abgeschleppt werden, damit das THW genug Platz f\u00fcr seinen Einsatz hat. Wer abgeschleppt werde, m\u00fcsse daf\u00fcr aber nicht zahlen, sagte ein Polizist vor Ort. Wenn m\u00f6glich, werden die abgeschleppten Autos in Nebenstra\u00dfen umgesetzt.<\/p>\n<p>&#8222;Zum Umfang der schlussendlich notwendigen Bauma\u00dfnahmen kann zum jetzigen Zeitpunkt keine Auskunft gegeben werden, da der Umfang des Schadens noch nicht feststeht&#8220;, teilte das Bezirksamt Mitte mit.<\/p>\n","protected":false},"excerpt":{"rendered":"Berlin &amp; Brandenburg Einsturzgefahr in Mitte: Arbeiten bis nach Mitternacht 29.08.2025, 03:26 Uhr Schockmoment f\u00fcr die Bewohner eines&hellip;\n","protected":false},"author":2,"featured_media":380912,"comment_status":"","ping_status":"","sticky":false,"template":"","format":"standard","meta":{"footnotes":""},"categories":[1816],"tags":[1960,1958,1959,1957,5714,296,1956,1890,29,26296,30,525,4292],"class_list":{"0":"post-380911","1":"post","2":"type-post","3":"status-publish","4":"format-standard","5":"has-post-thumbnail","7":"category-brandenburg","8":"tag-aktuelle-nachrichten-aus-berlin-und-brandenburg","9":"tag-aktuelle-nachrichten-aus-brandenburg","10":"tag-aktuelle-news-aus-berlin-und-brandenburg","11":"tag-aktuelle-news-aus-brandenburg","12":"tag-arbeiten","13":"tag-berlin","14":"tag-berlin-und-brandenburg","15":"tag-brandenburg","16":"tag-deutschland","17":"tag-einsturzgefahr","18":"tag-germany","19":"tag-mitte","20":"tag-mitternacht"},"share_on_mastodon":{"url":"https:\/\/pubeurope.com\/@de\/115109666778405299","error":""},"_links":{"self":[{"href":"https:\/\/www.europesays.com\/de\/wp-json\/wp\/v2\/posts\/380911","targetHints":{"allow":["GET"]}}],"collection":[{"href":"https:\/\/www.europesays.com\/de\/wp-json\/wp\/v2\/posts"}],"about":[{"href":"https:\/\/www.europesays.com\/de\/wp-json\/wp\/v2\/types\/post"}],"author":[{"embeddable":true,"href":"https:\/\/www.europesays.com\/de\/wp-json\/wp\/v2\/users\/2"}],"replies":[{"embeddable":true,"href":"https:\/\/www.europesays.com\/de\/wp-json\/wp\/v2\/comments?post=380911"}],"version-history":[{"count":0,"href":"https:\/\/www.europesays.com\/de\/wp-json\/wp\/v2\/posts\/380911\/revisions"}],"wp:featuredmedia":[{"embeddable":true,"href":"https:\/\/www.europesays.com\/de\/wp-json\/wp\/v2\/media\/380912"}],"wp:attachment":[{"href":"https:\/\/www.europesays.com\/de\/wp-json\/wp\/v2\/media?parent=380911"}],"wp:term":[{"taxonomy":"category","embeddable":true,"href":"https:\/\/www.europesays.com\/de\/wp-json\/wp\/v2\/categories?post=380911"},{"taxonomy":"post_tag","embeddable":true,"href":"https:\/\/www.europesays.com\/de\/wp-json\/wp\/v2\/tags?post=380911"}],"curies":[{"name":"wp","href":"https:\/\/api.w.org\/{rel}","templated":true}]}}