{"id":380913,"date":"2025-08-29T02:21:13","date_gmt":"2025-08-29T02:21:13","guid":{"rendered":"https:\/\/www.europesays.com\/de\/380913\/"},"modified":"2025-08-29T02:21:13","modified_gmt":"2025-08-29T02:21:13","slug":"berlin-taylor-swift-verlobt-ist-das-eigentlich-noch-zeitgemaess","status":"publish","type":"post","link":"https:\/\/www.europesays.com\/de\/380913\/","title":{"rendered":"Berlin | Taylor Swift verlobt: Ist das eigentlich noch zeitgem\u00e4\u00df?"},"content":{"rendered":"<p>Berlin (dpa) &#8211; Sie haben es getan: Taylor Swift und Travis Kelce haben sich verlobt und zelebrieren dies mit romantisch-kitschigen Kuss-Fotos f\u00fcr Millionen Menschen online. Aber ist die Verlobung eigentlich noch zeitgem\u00e4\u00df? Ja, sagen zumindest 63 Prozent der Befragten einer repr\u00e4sentativen YouGov-Umfrage. Hingegen nicht f\u00fcr zeitgem\u00e4\u00df bewerten 21 Prozent Verlobungen. 17 Prozent machten keine Angaben oder hatten dazu keine Meinung.<\/p>\n<p>Einen gro\u00dfen Meinungsunterschied zwischen Frauen und M\u00e4nnern gibt es der Frage \u00fcbrigens nicht. Auff\u00e4llig ist aber, dass J\u00fcngere Verlobungen noch eher bef\u00fcrworten: In der Altersgruppe von 18 bis 24 Jahren halten 73 Prozent diese f\u00fcr zeitgem\u00e4\u00df, w\u00e4hrend die Werte mit ansteigendem Alter abnehmen. Bei den \u00fcber 55-J\u00e4hrigen sind nur noch 58 Prozent dieser Meinung.\u00a0<\/p>\n<p>Aber wennschon, dennschon: 55 Prozent aller Befragten halten einen Ring f\u00fcr ein notwendiges Symbol einer Verlobung. F\u00fcr 36 Prozent geh\u00f6rt das Schmuckst\u00fcck nicht unbedingt dazu.\u00a0<\/p>\n<p>Diese Stars haben es zuletzt \u00f6ffentlich getan<\/p>\n<p>Das Versprechen des Superstars Taylor Swift und des US-Footballspielers Travis Kelce, die Ehe einzugehen, hat ihre Fans elektrisiert und l\u00e4sst gro\u00dfe Teile des Internets mitfiebern. Das \u00fcberrascht kaum, die Entwicklung der Beziehung hat zumindest in Teilen ja auch medial stattgefunden. So gab Kelce im eigenen Podcast den Wunsch preis, Swift seine Handynummer geben zu wollen, und die Musikerin zeigte sich schon bald \u00f6ffentlichkeitswirksam bei den Spielen des NFL-Footballers.<\/p>\n<p>Und auch so manch andere Stars haben es schon mal getan: Zum Beispiel Ende vergangenes Jahr machte etwa Disney-Star Selena Gomez ihre Verlobung mit Partner Benny Blanco \u00f6ffentlich. Auf Instagram postete sie Fotos, auf denen sie mit einem Diamanten am Ringfinger zu sehen ist. Dazu schrieb sie: \u00abF\u00fcr immer beginnt jetzt\u00bb.\u00a0<\/p>\n<p>Und erst k\u00fcrzlich hat Marvel-Star Simu Liu geteilt, dass er seine Partnerin Allison Hsu \u00abf\u00fcr immer und ewig\u00bb w\u00e4hlen wird. Auf dem Bild hob Liu seine Partnerin auf einem mit Blumen und Kerzen dekorierten Balkon in die H\u00f6he und k\u00fcsste sie.<\/p>\n<p>Und doch ist diese Art der \u00f6ffentlichen Verlobungsverk\u00fcndung nicht nur etwas f\u00fcr Superstars, sondern durch und durch gelebte US-Kultur: Inszenierte bis echte Kniefall-Fotos und ein Posting in den sozialen Netzwerken von dem Antrag einer Hand mit sch\u00f6nem Ring am Finger geh\u00f6ren f\u00fcr viele zum Prozess. In Deutschland ist die Meinung dazu aber geteilt.\u00a0<\/p>\n<p>52 Prozent lehnen Social-Media-Verlobung ab<\/p>\n<p>Befragt, ob sie das \u00f6ffentliche Mitteilen von Verlobungen auf Social\u2011Media-Kan\u00e4len bef\u00fcrworten, gaben nur 5 Prozent der Befragten der YouGov-Umfrage in Deutschland an, dies \u00abvoll und ganz\u00bb zu tun. 15 Prozent sind \u00abeher\u00bb daf\u00fcr. Daf\u00fcr gaben zusammengerechnet 51 Prozent der Befragten an, diese Art der Verk\u00fcndung \u00abvoll und ganz\u00bb oder \u00abeher\u00bb abzulehnen. Weitere 29 Prozent haben keine Meinung oder machen keine Angabe.<\/p>\n<p>Hierzulande gilt \u00fcbrigens als verlobt, wer ein Eheversprechen gibt &#8211; egal in welcher Form. Dabei muss weder gesprochen noch ein Verlobungsring an den Finger gesteckt werden. Eine Verpflichtung, auch wirklich zu heiraten, gibt es laut B\u00fcrgerlichem Gesetzbuch (BGB) nicht.\u00a0<\/p>\n<p>Trennt ein verlobtes Paar sich jedoch, kann in einigen F\u00e4llen laut Gesetz Schadenersatz geltend gemacht werden. Grund daf\u00fcr sind Vorbereitungen auf das geplante Eheleben etwa durch Ausgaben f\u00fcr Immobilien oder auch Jobwechsel und Umz\u00fcge.\u00a0<\/p>\n<p>Auf Basis der \u201eYouGov Frage des Tages\u201c wurden 4194 Personen in Deutschland ab 18 Jahren am 28. August 2025 befragt. Die Ergebnisse wurden gewichtet und sind repr\u00e4sentativ f\u00fcr die deutsche Bev\u00f6lkerung ab 18 Jahren.<\/p>\n","protected":false},"excerpt":{"rendered":"Berlin (dpa) &#8211; Sie haben es getan: Taylor Swift und Travis Kelce haben sich verlobt und zelebrieren dies&hellip;\n","protected":false},"author":2,"featured_media":380914,"comment_status":"","ping_status":"","sticky":false,"template":"","format":"standard","meta":{"footnotes":""},"categories":[1825],"tags":[1941,1939,296,1937,29,30,1724,1015,2549,1940,1938,5272,64],"class_list":{"0":"post-380913","1":"post","2":"type-post","3":"status-publish","4":"format-standard","5":"has-post-thumbnail","7":"category-berlin","8":"tag-aktuelle-nachrichten-aus-berlin","9":"tag-aktuelle-news-aus-berlin","10":"tag-berlin","11":"tag-berlin-news","12":"tag-deutschland","13":"tag-germany","14":"tag-gesellschaft","15":"tag-justiz","16":"tag-leute","17":"tag-nachrichten-aus-berlin","18":"tag-news-aus-berlin","19":"tag-partnerschaft","20":"tag-usa"},"share_on_mastodon":{"url":"https:\/\/pubeurope.com\/@de\/115109670878291243","error":""},"_links":{"self":[{"href":"https:\/\/www.europesays.com\/de\/wp-json\/wp\/v2\/posts\/380913","targetHints":{"allow":["GET"]}}],"collection":[{"href":"https:\/\/www.europesays.com\/de\/wp-json\/wp\/v2\/posts"}],"about":[{"href":"https:\/\/www.europesays.com\/de\/wp-json\/wp\/v2\/types\/post"}],"author":[{"embeddable":true,"href":"https:\/\/www.europesays.com\/de\/wp-json\/wp\/v2\/users\/2"}],"replies":[{"embeddable":true,"href":"https:\/\/www.europesays.com\/de\/wp-json\/wp\/v2\/comments?post=380913"}],"version-history":[{"count":0,"href":"https:\/\/www.europesays.com\/de\/wp-json\/wp\/v2\/posts\/380913\/revisions"}],"wp:featuredmedia":[{"embeddable":true,"href":"https:\/\/www.europesays.com\/de\/wp-json\/wp\/v2\/media\/380914"}],"wp:attachment":[{"href":"https:\/\/www.europesays.com\/de\/wp-json\/wp\/v2\/media?parent=380913"}],"wp:term":[{"taxonomy":"category","embeddable":true,"href":"https:\/\/www.europesays.com\/de\/wp-json\/wp\/v2\/categories?post=380913"},{"taxonomy":"post_tag","embeddable":true,"href":"https:\/\/www.europesays.com\/de\/wp-json\/wp\/v2\/tags?post=380913"}],"curies":[{"name":"wp","href":"https:\/\/api.w.org\/{rel}","templated":true}]}}