{"id":380921,"date":"2025-08-29T02:25:14","date_gmt":"2025-08-29T02:25:14","guid":{"rendered":"https:\/\/www.europesays.com\/de\/380921\/"},"modified":"2025-08-29T02:25:14","modified_gmt":"2025-08-29T02:25:14","slug":"letzte-bastion-linksextremer-szene-polizei-ueberprueft-bewohner-in-besetztem-haus-in-berlin","status":"publish","type":"post","link":"https:\/\/www.europesays.com\/de\/380921\/","title":{"rendered":"Letzte Bastion linksextremer Szene: Polizei \u00fcberpr\u00fcft Bewohner in besetztem Haus in Berlin"},"content":{"rendered":"<p>          28.08.2025 18:35 Uhr \u2013  01:05 min<\/p>\n<p>              Letzte Bastion linksextremer Szene<br \/>\n              Polizei \u00fcberpr\u00fcft Bewohner in besetztem Haus in Berlin<\/p>\n<p>\n              Mit einem Gro\u00dfaufgebot durchsucht die Polizei ein teilweise besetztes Haus in Berlin-Friedrichshain. Ziel ist es, die Identit\u00e4ten der Bewohner zu \u00fcberpr\u00fcfen. Das Geb\u00e4ude in der Rigaer Stra\u00dfe gilt als letzte symboltr\u00e4chtige Hochburg der linksextremen Szene und sorgt seit Jahren f\u00fcr Konflikte mit der Polizei.<\/p>\n","protected":false},"excerpt":{"rendered":"28.08.2025 18:35 Uhr \u2013 01:05 min Letzte Bastion linksextremer Szene Polizei \u00fcberpr\u00fcft Bewohner in besetztem Haus in Berlin&hellip;\n","protected":false},"author":2,"featured_media":380922,"comment_status":"","ping_status":"","sticky":false,"template":"","format":"standard","meta":{"footnotes":""},"categories":[1825],"tags":[296,29,30,12623,121,1442],"class_list":{"0":"post-380921","1":"post","2":"type-post","3":"status-publish","4":"format-standard","5":"has-post-thumbnail","7":"category-berlin","8":"tag-berlin","9":"tag-deutschland","10":"tag-germany","11":"tag-linksextremismus","12":"tag-polizei","13":"tag-razzia"},"share_on_mastodon":{"url":"https:\/\/pubeurope.com\/@de\/115109686533529205","error":""},"_links":{"self":[{"href":"https:\/\/www.europesays.com\/de\/wp-json\/wp\/v2\/posts\/380921","targetHints":{"allow":["GET"]}}],"collection":[{"href":"https:\/\/www.europesays.com\/de\/wp-json\/wp\/v2\/posts"}],"about":[{"href":"https:\/\/www.europesays.com\/de\/wp-json\/wp\/v2\/types\/post"}],"author":[{"embeddable":true,"href":"https:\/\/www.europesays.com\/de\/wp-json\/wp\/v2\/users\/2"}],"replies":[{"embeddable":true,"href":"https:\/\/www.europesays.com\/de\/wp-json\/wp\/v2\/comments?post=380921"}],"version-history":[{"count":0,"href":"https:\/\/www.europesays.com\/de\/wp-json\/wp\/v2\/posts\/380921\/revisions"}],"wp:featuredmedia":[{"embeddable":true,"href":"https:\/\/www.europesays.com\/de\/wp-json\/wp\/v2\/media\/380922"}],"wp:attachment":[{"href":"https:\/\/www.europesays.com\/de\/wp-json\/wp\/v2\/media?parent=380921"}],"wp:term":[{"taxonomy":"category","embeddable":true,"href":"https:\/\/www.europesays.com\/de\/wp-json\/wp\/v2\/categories?post=380921"},{"taxonomy":"post_tag","embeddable":true,"href":"https:\/\/www.europesays.com\/de\/wp-json\/wp\/v2\/tags?post=380921"}],"curies":[{"name":"wp","href":"https:\/\/api.w.org\/{rel}","templated":true}]}}