{"id":380923,"date":"2025-08-29T02:26:14","date_gmt":"2025-08-29T02:26:14","guid":{"rendered":"https:\/\/www.europesays.com\/de\/380923\/"},"modified":"2025-08-29T02:26:14","modified_gmt":"2025-08-29T02:26:14","slug":"bachelorette-sieger-marvin-albrecht-und-simone-voss-sind-eltern","status":"publish","type":"post","link":"https:\/\/www.europesays.com\/de\/380923\/","title":{"rendered":"&#8222;Bachelorette&#8220;-Sieger Marvin Albrecht und Simone Voss sind Eltern"},"content":{"rendered":"<p>Marvin Albrecht und Simone Voss <\/p>\n<p>&#8222;Bachelorette&#8220;-Sieger und TV-Maklerin sind Eltern geworden<\/p>\n<p>29.08.2025 &#8211; 02:05 UhrLesedauer: 2 Min.<\/p>\n<p><a href=\"#focus-0\" class=\"transition-colors duration-200 focus-within:text-magenta block text-current relative\" data-sctrack=\"FocusGalleryImage.Reference\"><img fetchpriority=\"high\" data-testid=\"Opener.Image\" style=\"--lqipURL:url('https:\/\/images.t-online.de\/2025\/08\/Kvmu6KwteBFs\/0x342:3134x1763\/fit-in\/150x0\/filters:blur(25)\/simone-voss-und-marvin-albrecht-die-beiden-tv-stars-sind-seit-2017-ein-paar.jpg')\"   loading=\"eager\" src=\"https:\/\/www.europesays.com\/de\/wp-content\/uploads\/2025\/08\/simone-voss-und-marvin-albrecht-die-beiden-tv-stars-sind-seit-2017-ein-paar.jpg\" alt=\"Simone Voss und Marvin Albrecht: Die beiden TV-Stars sind seit 2017 ein Paar.\" title=\"Simone Voss und Marvin Albrecht: Die beiden TV-Stars sind seit 2017 ein Paar.\" width=\"3134\" height=\"1763\" class=\"bg-[url:var(--lqipURL)] bg-cover bg-center flex h-full w-full max-w-full\" decoding=\"async\"\/><img style=\"--width:32;--height:32\" loading=\"lazy\" src=\"https:\/\/www.t-online.de\/s\/paper\/_next\/static\/media\/zoom-in.f7dae02f.svg\" alt=\"Vergr\u00f6\u00dfern des Bildes\" title=\"Vergr\u00f6\u00dfern des Bildes\" class=\"block h-[calc(var(--height)_\/_16_*_1rem)] w-[calc(var(--width)_\/_16_*_1rem)] max-w-none absolute bottom-8 right-8 rounded-4 bg-snow p-8\" decoding=\"async\"\/><\/a><\/p>\n<p>Simone Voss und Marvin Albrecht: Die beiden TV-Stars sind seit 2017 ein Paar. (Quelle: Joshua Sammer\/Getty Images)<\/p>\n<p class=\"font-bold text-18 leading-17\">Nach der Trennung von Ex-Bachelorette Anna Hofbauer fand Marvin Albrecht eine neue Liebe. Mittlerweile ist er mit Simone Voss verheiratet \u2013 und jetzt auch Vater.<\/p>\n<p class=\"text-18 leading-17\">Vor mehr als zehn Jahren suchte Anna Hofbauer als &#8222;Bachelorette&#8220; in der zweiten Staffel der RTL-Show die gro\u00dfe Liebe. Ihre letzte Rose bekam Marvin Albrecht. Drei Jahre lang waren die beiden nach dem Finale ein Paar, doch Anfang 2017 gaben sie ihre Trennung bekannt.<\/p>\n<p class=\"text-18 leading-17\">Mittlerweile ist die Musicaldarstellerin mit dem &#8222;Notruf Hafenkante&#8220;-Star Marc Barthel liiert, seit 2020 verheiratet und hat mit ihm zwei Kinder. Und auch ihr Ex fand ein neues Gl\u00fcck \u2013 in der TV-Maklerin Simone Voss. Im Januar 2018 hatten die beiden ihre Beziehung publik gemacht. Bei einem Amerika-Trip am Grand Canyon ging der 37-J\u00e4hrige vergangenes Jahr vor seiner Partnerin auf die Knie.<\/p>\n<p class=\"text-18 leading-17\">Im Juni haben Simone Voss und Marvin Albrecht geheiratet, nun verk\u00fcndeten sie die n\u00e4chsten sch\u00f6nen Neuigkeiten: Sie sind Eltern geworden. Das gaben die beiden am Donnerstag mit einem Foto, auf dem das Baby im Anschnitt zu sehen ist, bei Instagram bekannt. Demnach kam ihr Sohn am 21. August zur Welt.<\/p>\n<p class=\"text-18 leading-17\">&#8222;Seit einer Woche bist du jetzt schon bei uns \u2013 Liebe unseres Lebens, unser kleiner L\u00f6we&#8220;, schreibt das Paar dazu. Bereits zuvor hatten Simone Voss und Marvin Albrecht verraten, dass sie einen Jungen erwarten. Seinen Namen wollen sie aber anscheinend noch f\u00fcr sich behalten, denn im Post nennen sie nur den Anfangsbuchstaben B.<\/p>\n<p class=\"text-18 leading-17\">Die TV-Bekanntheiten schwelgen im Familiengl\u00fcck, f\u00fchlen sich &#8222;erf\u00fcllt und voller Liebe&#8220;, wie es im Post hei\u00dft. &#8222;Man kann es nicht in Worte fassen, aber jetzt verstehen, was andere immer versuchen einem zu beschreiben&#8220;, so Marvin Albrecht und Simone Voss weiter. F\u00fcr beide ist es das erste Kind.<\/p>\n<p class=\"text-18 leading-17\">Die 40-J\u00e4hrige ist als Model t\u00e4tig und arbeitete zudem als Immobilienkauffrau. Von 2013 bis 2016 war sie in der Vox-Serie &#8222;mieten, kaufen, wohnen&#8220; zu sehen.<\/p>\n","protected":false},"excerpt":{"rendered":"Marvin Albrecht und Simone Voss &#8222;Bachelorette&#8220;-Sieger und TV-Maklerin sind Eltern geworden 29.08.2025 &#8211; 02:05 UhrLesedauer: 2 Min. Simone&hellip;\n","protected":false},"author":2,"featured_media":380924,"comment_status":"","ping_status":"","sticky":false,"template":"","format":"standard","meta":{"footnotes":""},"categories":[1776],"tags":[103050,1801,29,214,30,1460,103051,62933,1802,640,62934,215],"class_list":{"0":"post-380923","1":"post","2":"type-post","3":"status-publish","4":"format-standard","5":"has-post-thumbnail","7":"category-prominente","8":"tag-anna-hofbauer","9":"tag-celebrities","10":"tag-deutschland","11":"tag-entertainment","12":"tag-germany","13":"tag-kind","14":"tag-marc-barthel","15":"tag-marvin-albrecht","16":"tag-prominente","17":"tag-rtl","18":"tag-simone-voss","19":"tag-unterhaltung"},"share_on_mastodon":{"url":"https:\/\/pubeurope.com\/@de\/115109690762929776","error":""},"_links":{"self":[{"href":"https:\/\/www.europesays.com\/de\/wp-json\/wp\/v2\/posts\/380923","targetHints":{"allow":["GET"]}}],"collection":[{"href":"https:\/\/www.europesays.com\/de\/wp-json\/wp\/v2\/posts"}],"about":[{"href":"https:\/\/www.europesays.com\/de\/wp-json\/wp\/v2\/types\/post"}],"author":[{"embeddable":true,"href":"https:\/\/www.europesays.com\/de\/wp-json\/wp\/v2\/users\/2"}],"replies":[{"embeddable":true,"href":"https:\/\/www.europesays.com\/de\/wp-json\/wp\/v2\/comments?post=380923"}],"version-history":[{"count":0,"href":"https:\/\/www.europesays.com\/de\/wp-json\/wp\/v2\/posts\/380923\/revisions"}],"wp:featuredmedia":[{"embeddable":true,"href":"https:\/\/www.europesays.com\/de\/wp-json\/wp\/v2\/media\/380924"}],"wp:attachment":[{"href":"https:\/\/www.europesays.com\/de\/wp-json\/wp\/v2\/media?parent=380923"}],"wp:term":[{"taxonomy":"category","embeddable":true,"href":"https:\/\/www.europesays.com\/de\/wp-json\/wp\/v2\/categories?post=380923"},{"taxonomy":"post_tag","embeddable":true,"href":"https:\/\/www.europesays.com\/de\/wp-json\/wp\/v2\/tags?post=380923"}],"curies":[{"name":"wp","href":"https:\/\/api.w.org\/{rel}","templated":true}]}}