{"id":380929,"date":"2025-08-29T02:30:24","date_gmt":"2025-08-29T02:30:24","guid":{"rendered":"https:\/\/www.europesays.com\/de\/380929\/"},"modified":"2025-08-29T02:30:24","modified_gmt":"2025-08-29T02:30:24","slug":"wegen-op-von-dschungelcamp-star-auf-jacht-tv-team-komplett-festgenommen","status":"publish","type":"post","link":"https:\/\/www.europesays.com\/de\/380929\/","title":{"rendered":"Wegen OP von Dschungelcamp-Star auf Jacht: TV-Team \u201ekomplett festgenommen\u201c"},"content":{"rendered":"<ol class=\"id-DonaldBreadcrumb lp_west_breadcrumb id-DonaldBreadcrumb--default\" data-k5a-pos=\"west_breadcrumb\">\n<li class=\"id-Breadcrumb-item\"><a href=\"https:\/\/www.hna.de\/\" class=\"id-Breadcrumb-link\" data-id-ec=\"{\" shn=\"\" textlink=\"\" data-k5a-pos=\"1_startseite\" target=\"_blank\" rel=\"noopener\">Startseite<\/a><\/li>\n<li class=\"id-Breadcrumb-item\"><a href=\"https:\/\/www.hna.de\/leute\/\" class=\"id-Breadcrumb-link\" data-id-ec=\"{\" shn=\"\" textlink=\"\" tv=\"\" data-k5a-pos=\"2_starsTv\" target=\"_blank\" rel=\"noopener\">Stars &amp; TV<\/a><\/li>\n<\/ol>\n<p class=\"id-Story-timestamp id-Story-timestamp--default\">Stand: 28.08.2025, 21:01 Uhr<\/p>\n<p class=\"id-Story-authors id-Story-authors--default\">Von: <a class=\"id-Story-authors-link lp_west_author\" href=\"https:\/\/www.hna.de\/autor\/pia-in-der-smitten-4v5ocii54.html\" title=\"Zur Autorenseite von Pia In der Smitten\" data-id-ec=\"{\" shn=\"\" author-link=\"\" in=\"\" der=\"\" smitten=\"\" data-k5a-pos=\"west_author\" target=\"_blank\" rel=\"noopener\">Pia In der Smitten<\/a><\/p>\n<p class=\"id-Story-interactionBar id-Story-interactionBar--default\">DruckenTeilen<\/p>\n<p class=\"id-StoryElement-leadText\">Sehr viel unbekleidete \u2013 und fast komplett t\u00e4towierte \u2013 Haut ist heute Alltag im Reality-TV. Doch bereits 2002 sorgte RTL mit einer Open-Air-OP f\u00fcr besondere Aufregung.<\/p>\n<p class=\"id-StoryElement-paragraph\">Berlin \u2013 Das Angebot an Reality-TV-Shows ist inzwischen gewaltig. Angefangen von \u201eBig Brother\u201c, \u00fcber \u201eDie Alm\u201c, bis hin zu \u201eAdam und Eva\u201c und nat\u00fcrlich nicht zuletzt <a href=\"https:\/\/www.hna.de\/leute\/dschungelcamp-sti46836\/\" class=\"id-import-Link\" title=\"Dschungelcamp\" data-id-ec=\"{&quot;sht&quot;:&quot;Container&quot;,&quot;shn&quot;:&quot;Story&quot;,&quot;p&quot;:{&quot;containerType&quot;:&quot;Paragraph&quot;,&quot;displayType&quot;:&quot;Paragraph InlineLink&quot;,&quot;type&quot;:&quot;INLINE_LINK&quot;,&quot;value&quot;:&quot;&#x201E;Ich bin ein Star &#x2013; Holt mich hier raus!&#x201C;&quot;,&quot;variant&quot;:&quot;standardLink&quot;,&quot;sponsored&quot;:false,&quot;linkHref&quot;:&quot;https:\/\/www.hna.de\/leute\/dschungelcamp-sti46836\/&quot;,&quot;storyElementPosition&quot;:8,&quot;storyElementCount&quot;:18}}\" target=\"_blank\" rel=\"noopener\">\u201eIch bin ein Star \u2013 Holt mich hier raus!\u201c<\/a>. Die Konzepte werden schr\u00e4ger und vor allem die Teilnehmenden teils immer freiz\u00fcgiger und gieriger nach Aufmerksamkeit.<\/p>\n<p><img decoding=\"async\" class=\"id-RatioPlaceholder-element wv_story_el_image\" src=\"https:\/\/www.europesays.com\/de\/wp-content\/uploads\/2025\/08\/38810639-trotz-ihrer-vorsaetze-liess-sich-ex-dschungelcamp-gewinnerin-djamila-rowe-wieder-die-lippen.jpeg\" loading=\"lazy\"   height=\"619\" width=\"1100\" alt=\"Trotz ihrer Vors&#xE4;tze lie&#xDF; sich Ex-Dschungelcamp-Gewinnerin Djamila Rowe wieder die Lippen machen.\"\/>Heute steht Ex-Dschungelcamp-Gewinnerin Djamila Rowe auf einen nat\u00fcrlicheren Look, aber ganz ohne Beauty-Eingriffe geht es nicht.  \u00a9\u00a0IMAGO \/ Gartner<\/p>\n<p class=\"id-StoryElement-paragraph\">Eine hat <a href=\"https:\/\/www.hna.de\/kultur\/tv-kino\/von-dschungelcamp-bis-big-brother-reality-tv-im-internationalen-vergleich-93714889.html\" class=\"id-import-Link\" data-id-ec=\"{&quot;sht&quot;:&quot;Container&quot;,&quot;shn&quot;:&quot;Story&quot;,&quot;p&quot;:{&quot;containerType&quot;:&quot;Paragraph&quot;,&quot;displayType&quot;:&quot;Paragraph InlineLink&quot;,&quot;type&quot;:&quot;INLINE_LINK&quot;,&quot;value&quot;:&quot;alle diese Reality-Formate&quot;,&quot;variant&quot;:&quot;standardLink&quot;,&quot;sponsored&quot;:false,&quot;linkHref&quot;:&quot;https:\/\/www.hna.de\/kultur\/tv-kino\/von-dschungelcamp-bis-big-brother-reality-tv-im-internationalen-vergleich-93714889.html&quot;,&quot;storyElementPosition&quot;:11,&quot;storyElementCount&quot;:18}}\" target=\"_blank\" rel=\"noopener\">alle diese Reality-Formate<\/a> mitgemacht, obwohl sie weder vom Alter, noch von ihrer Biografie in das klassische Kandidatenprofil passt. Djamila Rowe (58) stolperte 2002 durch eine angebliche Aff\u00e4re mit dem damaligen Schweizer Botschafter ins Rampenlicht. Noch im selben Jahr lie\u00df sie sich f\u00fcr die RTL-Sendung \u201eBig Brother Spezial \u2013 Die 8. S\u00fcnde\u201c in einer Open-Air-Operation die Br\u00fcste vergr\u00f6\u00dfern.<\/p>\n<p>Djamila Rowe erz\u00e4hlt OP-Details wie aus einem Horrorfilm<\/p>\n<p class=\"id-StoryElement-paragraph\">Im Podcast \u201eM wie Marlene\u201c erinnert sich Djamila Rowe jetzt an den spektakul\u00e4ren Eingriff. Die OP sei \u201eohne Vollnarkose im \u00dcbrigen, nur mit Dormicum Beruhigungsmittel\u201c durchgef\u00fchrt worden, erz\u00e4hlt die zweifache Mutter der Podcasterin Marlene Lufen (54). \u201eIch habe also gemerkt, wie die mich aufgeschnitten haben und mir die Implantate platziert haben\u201c, beschreibt der Reality-Star das Vorgehen weiter.<\/p>\n<p class=\"id-StoryElement-paragraph\">Das Team des Senders habe damals eine Jacht gemietet und sie seien mit den Kameraleuten, dem Arzt und seiner Frau an Board gegangen. Allerdings sei der Kapit\u00e4n nicht informiert gewesen. Er habe den Eingriff f\u00fcr die Behandlung einer illegalen Schussverletzung gehalten und die Polizei gerufen. \u201eDas Team ist komplett danach festgenommen worden\u201c, erinnert sich Djamila Rowe im Interview mit einem Schmunzeln.<\/p>\n<p>Dschungelcamp auf RTL: Bilder zeigen alle Sieger der vergangenen Staffeln<img decoding=\"async\" class=\"id-RatioPlaceholder-element wv_story_el_interstitialImage\" src=\"https:\/\/www.europesays.com\/de\/wp-content\/uploads\/2025\/08\/30658070-dschungelcamp-gewinner-der-vergangenen-staffeln-3ofe.jpg\" loading=\"lazy\"   height=\"1200\" width=\"1600\" alt=\"Dschungelcamp-Gewinner der vergangenen Staffeln\"\/><a href=\"https:\/\/www.hna.de\/leute\/dschungelcamp-rtl-sieger-gewinner-staffeln-vergangenheit-costa-cordalis-filip-pavlovic-zr-92021129.html\" class=\"id-StoryElement-intestitialLink-link\" data-id-ec=\"{\" shn=\"\" ansehen=\"\" data-k5a-pos=\"west_story_16_photoGalleryLink\" title=\"Zur Fotostrecke: Dschungelcamp auf RTL: Bilder zeigen alle Sieger der vergangenen Staffeln\" target=\"_blank\" rel=\"noopener\">Fotostrecke ansehen<\/a><\/p>\n<p class=\"id-StoryElement-paragraph\">R\u00fcckblickend w\u00fcrde sie diese Aktion nicht mehr mitmachen, gesteht Djamila Rowe. Aber sie ist auch nicht zimperlich. 2021 sprach sie in \u201eIch bin ein Star \u2013 Die gro\u00dfe Dschungelshow\u201c \u00fcber ihre schwere Zeit in verschiedenen Kinderheimen, nachdem ihre Mutter versucht habe, aus der DDR zu fliehen. \u201eIch musste als Kind im Dreischichtsystem in der Fabrik arbeiten\u201c, erz\u00e4hlte die \u201eDschungelcamp\u201c-Siegerin von 2023. Dagegen ist Reality-TV sicher ein Zuckerschlecken. <a href=\"https:\/\/www.hna.de\/leute\/ich-sah-aus-wie-eine-trockenpflaume-dschungelcamp-star-klagt-ueber-misslungenen-beauty-eingriff-zr-93848180.html\" class=\"id-import-Link\" data-id-ec=\"{&quot;sht&quot;:&quot;Container&quot;,&quot;shn&quot;:&quot;Story&quot;,&quot;p&quot;:{&quot;containerType&quot;:&quot;Paragraph&quot;,&quot;displayType&quot;:&quot;Paragraph InlineLink&quot;,&quot;type&quot;:&quot;INLINE_LINK&quot;,&quot;value&quot;:&quot;Darum beschrieb Djamila Rowe sich selbst als &#x201E;Trockenpflaume&#x201C;.&quot;,&quot;variant&quot;:&quot;standardLink&quot;,&quot;sponsored&quot;:false,&quot;linkHref&quot;:&quot;https:\/\/www.hna.de\/leute\/ich-sah-aus-wie-eine-trockenpflaume-dschungelcamp-star-klagt-ueber-misslungenen-beauty-eingriff-zr-93848180.html&quot;,&quot;storyElementPosition&quot;:18,&quot;storyElementCount&quot;:18}}\" target=\"_blank\" rel=\"noopener\">Darum beschrieb Djamila Rowe sich selbst als \u201eTrockenpflaume\u201c.<\/a> <strong>Verwendete Quellen:<\/strong> Podcast \u201eM wie Marlene\u201c (Folge vom 25. August 2025), RTL \u201eIch bin ein Star \u2013 Die gro\u00dfe Dschungelshow\u201c (Folge vom 25. Januar 2021)<\/p>\n","protected":false},"excerpt":{"rendered":"Startseite Stars &amp; TV Stand: 28.08.2025, 21:01 Uhr Von: Pia In der Smitten DruckenTeilen Sehr viel unbekleidete \u2013&hellip;\n","protected":false},"author":2,"featured_media":380930,"comment_status":"","ping_status":"","sticky":false,"template":"","format":"standard","meta":{"footnotes":""},"categories":[1773],"tags":[29,214,30,471,1780,215],"class_list":{"0":"post-380929","1":"post","2":"type-post","3":"status-publish","4":"format-standard","5":"has-post-thumbnail","7":"category-serien","8":"tag-deutschland","9":"tag-entertainment","10":"tag-germany","11":"tag-serien","12":"tag-series","13":"tag-unterhaltung"},"share_on_mastodon":{"url":"https:\/\/pubeurope.com\/@de\/115109706203300990","error":""},"_links":{"self":[{"href":"https:\/\/www.europesays.com\/de\/wp-json\/wp\/v2\/posts\/380929","targetHints":{"allow":["GET"]}}],"collection":[{"href":"https:\/\/www.europesays.com\/de\/wp-json\/wp\/v2\/posts"}],"about":[{"href":"https:\/\/www.europesays.com\/de\/wp-json\/wp\/v2\/types\/post"}],"author":[{"embeddable":true,"href":"https:\/\/www.europesays.com\/de\/wp-json\/wp\/v2\/users\/2"}],"replies":[{"embeddable":true,"href":"https:\/\/www.europesays.com\/de\/wp-json\/wp\/v2\/comments?post=380929"}],"version-history":[{"count":0,"href":"https:\/\/www.europesays.com\/de\/wp-json\/wp\/v2\/posts\/380929\/revisions"}],"wp:featuredmedia":[{"embeddable":true,"href":"https:\/\/www.europesays.com\/de\/wp-json\/wp\/v2\/media\/380930"}],"wp:attachment":[{"href":"https:\/\/www.europesays.com\/de\/wp-json\/wp\/v2\/media?parent=380929"}],"wp:term":[{"taxonomy":"category","embeddable":true,"href":"https:\/\/www.europesays.com\/de\/wp-json\/wp\/v2\/categories?post=380929"},{"taxonomy":"post_tag","embeddable":true,"href":"https:\/\/www.europesays.com\/de\/wp-json\/wp\/v2\/tags?post=380929"}],"curies":[{"name":"wp","href":"https:\/\/api.w.org\/{rel}","templated":true}]}}