{"id":380931,"date":"2025-08-29T02:31:14","date_gmt":"2025-08-29T02:31:14","guid":{"rendered":"https:\/\/www.europesays.com\/de\/380931\/"},"modified":"2025-08-29T02:31:14","modified_gmt":"2025-08-29T02:31:14","slug":"jesus-piece-frontmann-teilt-statement","status":"publish","type":"post","link":"https:\/\/www.europesays.com\/de\/380931\/","title":{"rendered":"Jesus Piece \u2013 Frontmann teilt Statement"},"content":{"rendered":"<p><a href=\"https:\/\/www.metal-hammer.de\/artists\/jesus-piece\/\" target=\"_blank\" rel=\"noopener\">Jesus Piece<\/a> haben sich aufgel\u00f6st. Das verk\u00fcndeten am 26.8. zumindest drei der vier Mitglieder in einem gemeinsamen Statement auf Instagram. Grund sei der pl\u00f6tzliche Austritt eines Band-Mitglieds aus pers\u00f6nlichen Gr\u00fcnden. Ein Name wird zwar nicht genannt, da jedoch S\u00e4nger Aaron Heard als einziger nicht auf dem Foto zu sehen ist, liegt nahe, das damit er gemeint ist.<\/p>\n<p>In dem Statement der Hardcore-Band hei\u00dft es:<\/p>\n<p>\u201eJesus Piece sind seit einer Weile tot. Ein Mitglied ist aus pers\u00f6nlichen Gr\u00fcnden ausgetreten und f\u00fcr uns f\u00fchlte es sich falsch an, ohne ihn weiterzumachen.\u00a0Alles, was ihr unter diesem Namen oder einem \u00e4hnlichen Namen seht, das unsere Musik spielt und unsere Kunst nutzt, steht in keinem Zusammenhang mit dem, wof\u00fcr wir in den letzten zehn Jahren gearbeitet haben. Wir sind stolz auf alles, was wir gemacht haben,\u00a0 es hat unser Leben f\u00fcr immer ver\u00e4ndert. Zu versuchen, das ohne uns oder gegen uns fortzuf\u00fchren, ist eine Verh\u00f6hnung dessen, was wir getan haben und versucht haben zu tun.<\/p>\n<p>Vielen Dank f\u00fcr alles!<br \/>Lu, John, Dave.\u201c<\/p>\n<p>Empfehlungen der Redaktion<\/p>\n<p>Unterdesssen sieht es so aus, als w\u00fcrde Aaron Heard\u00a0 \u2013 der auch auf dem Gruppenfoto fehlt und das Statement nicht unterschrieben hat\u2013 die Band unter leicht ver\u00e4ndertem Namen weiterf\u00fchren.\u00a0 Auf seinem Instagram-Profil hat Heard etwa 40 Minuten vor dem Statement seiner ehemaligen Band-Mitglieder verk\u00fcndet, dass \u201eJe$us Piece\u201c am 25. Oktober im Rahmen des \u201eOne Big Party\u201c-Festivals in Phoenix, Arizona spielen sollen.<\/p>\n<p>An dieser Stelle findest du Inhalte aus Instagram<\/p>\n<p>Um mit Inhalten aus Sozialen Netzwerken zu interagieren oder diese darzustellen, brauchen wir deine Zustimmung.<\/p>\n<p>\tSoziale Netzwerke aktivieren<\/p>\n<p>Heard reagiert mit pers\u00f6nlichem Statement<\/p>\n<p>Zwei Tage sp\u00e4ter stellt Heard in einem pers\u00f6nlichen Statement die Gr\u00fcnde f\u00fcr seinen Ausstieg dar. Darin schreibt er: \u201eJa, es waren zehn Jahre, aber diese M\u00e4nner sind nicht meine Freunde, und das waren sie auch die meiste Zeit nicht. Nur weil wir eine Band sind, hei\u00dft das nicht, dass wir beste Freunde sind. Ich habe Liebe f\u00fcr Lu, aber das war\u2019s. \u201c<\/p>\n<p>In Bezug auf das Statement der Band schreibt Heard: \u201eZu sagen, dass sie sich nicht damit wohlf\u00fchlen w\u00fcrden, ohne mich weiterzumachen, obwohl sie mir w\u00e4hrend der <a href=\"https:\/\/www.metal-hammer.de\/artists\/sepultura\/\" target=\"_blank\" rel=\"noopener\">Sepultura-<\/a>Tour zweimal gedroht haben, mich zu ersetzen, weil ich Halloween mit meinem Sohn verbringen wollte, ist die wahre Verspottung. Sie haben mir w\u00e4hrend eines Streits die Geburt meines Sohnes vorgeworfen und gesagt, dass mein Sohn der Band im Weg steht. W\u00fcrdet ihr mit Leuten arbeiten wollen, die so denken?\u201c<\/p>\n<p><strong>Lest das ganze Statement hier:\u00a0<\/strong><\/p>\n<p>An dieser Stelle findest du Inhalte aus Instagram<\/p>\n<p>Um mit Inhalten aus Sozialen Netzwerken zu interagieren oder diese darzustellen, brauchen wir deine Zustimmung.<\/p>\n<p>\tSoziale Netzwerke aktivieren<\/p>\n<p>Schlagzeuger Luis Aponte negiert diese Vorw\u00fcrfe wiederum in einem Kommentar unter Aaron Heards Beitrag: \u201eDu warst unehrlich zu mir und uns. Du hast uns gesagt du h\u00f6rst auf, um bei deinem Sohn zu sein. Dann bist du hinter unserem R\u00fccken zum Label gegangen, um schnelles Geld zu machen.\u201c Dies k\u00f6nnte als Andeutung verstanden werden, dass Heard einen Deal mit dem Label geschlossen hat, die Band allein weiterzuf\u00fchren.<\/p>\n<p>Jesus Piece haben noch vor Kurzem auf etlichen Festivals in Europa gespielt.<\/p>\n<p>\u2014<br \/>Bestens informiert \u00fcber dieses und alle weiteren wichtigen Themen im Metal bleibt ihr au\u00dferdem mit unserem Newsletter. Einmal pro Woche flattert euch \u00fcbersichtlich sortiert ein Update ins Postfach. <a href=\"https:\/\/www.metal-hammer.de\/news\/newsletter\/\" target=\"_blank\" rel=\"noopener noreferrer\"><strong>Einfach anmelden<\/strong><\/a>, damit euch auch sicher nichts entgeht.<\/p>\n<p>An dieser Stelle findest du Inhalte aus Simplecast<\/p>\n<p>Um mit Inhalten aus Sozialen Netzwerken zu interagieren oder diese darzustellen, brauchen wir deine Zustimmung.<\/p>\n<p>\tSoziale Netzwerke aktivieren<\/p>\n","protected":false},"excerpt":{"rendered":"Jesus Piece haben sich aufgel\u00f6st. Das verk\u00fcndeten am 26.8. zumindest drei der vier Mitglieder in einem gemeinsamen Statement&hellip;\n","protected":false},"author":2,"featured_media":380932,"comment_status":"","ping_status":"","sticky":false,"template":"","format":"standard","meta":{"footnotes":""},"categories":[1772],"tags":[103052,34477,29,214,30,152,103053,1779,810,17863,10865,215],"class_list":{"0":"post-380931","1":"post","2":"type-post","3":"status-publish","4":"format-standard","5":"has-post-thumbnail","7":"category-musik","8":"tag-aaron-heard","9":"tag-aufloesung","10":"tag-deutschland","11":"tag-entertainment","12":"tag-germany","13":"tag-instagram","14":"tag-jesus-piece","15":"tag-music","16":"tag-musik","17":"tag-statement","18":"tag-trennung","19":"tag-unterhaltung"},"share_on_mastodon":{"url":"https:\/\/pubeurope.com\/@de\/115109709971242630","error":""},"_links":{"self":[{"href":"https:\/\/www.europesays.com\/de\/wp-json\/wp\/v2\/posts\/380931","targetHints":{"allow":["GET"]}}],"collection":[{"href":"https:\/\/www.europesays.com\/de\/wp-json\/wp\/v2\/posts"}],"about":[{"href":"https:\/\/www.europesays.com\/de\/wp-json\/wp\/v2\/types\/post"}],"author":[{"embeddable":true,"href":"https:\/\/www.europesays.com\/de\/wp-json\/wp\/v2\/users\/2"}],"replies":[{"embeddable":true,"href":"https:\/\/www.europesays.com\/de\/wp-json\/wp\/v2\/comments?post=380931"}],"version-history":[{"count":0,"href":"https:\/\/www.europesays.com\/de\/wp-json\/wp\/v2\/posts\/380931\/revisions"}],"wp:featuredmedia":[{"embeddable":true,"href":"https:\/\/www.europesays.com\/de\/wp-json\/wp\/v2\/media\/380932"}],"wp:attachment":[{"href":"https:\/\/www.europesays.com\/de\/wp-json\/wp\/v2\/media?parent=380931"}],"wp:term":[{"taxonomy":"category","embeddable":true,"href":"https:\/\/www.europesays.com\/de\/wp-json\/wp\/v2\/categories?post=380931"},{"taxonomy":"post_tag","embeddable":true,"href":"https:\/\/www.europesays.com\/de\/wp-json\/wp\/v2\/tags?post=380931"}],"curies":[{"name":"wp","href":"https:\/\/api.w.org\/{rel}","templated":true}]}}