{"id":380933,"date":"2025-08-29T02:32:09","date_gmt":"2025-08-29T02:32:09","guid":{"rendered":"https:\/\/www.europesays.com\/de\/380933\/"},"modified":"2025-08-29T02:32:09","modified_gmt":"2025-08-29T02:32:09","slug":"weltpremiere-2027-geplant-dreh-von-star-wars-film-mit-ryan-gosling-beginnt","status":"publish","type":"post","link":"https:\/\/www.europesays.com\/de\/380933\/","title":{"rendered":"Weltpremiere 2027 geplant: Dreh von &#8222;Star Wars&#8220;-Film mit Ryan Gosling beginnt"},"content":{"rendered":"<p>                    Weltpremiere 2027 geplant<br \/>\n                Dreh von &#8222;Star Wars&#8220;-Film mit Ryan Gosling beginnt<\/p>\n<p>\t\t\t\t              29.08.2025, 03:15 Uhr<\/p>\n<p>\t\t\t\t\t       Artikel anh\u00f6ren<\/p>\n<p>\t\t\t\t\t\t\tDiese Audioversion wurde k\u00fcnstlich generiert. <a href=\"https:\/\/www.n-tv.de\/23249898\" rel=\"nofollow noopener\" target=\"_blank\">Mehr Infos<\/a><\/p>\n<p><strong>50 Jahre nach ihrem Start soll eine weitere Episode der &#8222;Star Wars&#8220;-Reihe erscheinen. Die Dreharbeiten f\u00fcr &#8222;Star Wars: Starfighter&#8220; laufen, mit dabei auch Hollywood-Star Ryan Gosling. Er verriet bereits etwas \u00fcber die Ausrichtung des neuen Films.<\/strong><\/p>\n<p>Die Dreharbeiten f\u00fcr den neuen &#8222;Star Wars&#8220;-Film laufen an und die Besetzung nimmt weiter zu. Lucasfilm gab jetzt den Produktionsstart f\u00fcr &#8222;Star Wars: Starfighter&#8220; mit dem 44 Jahre alten Hauptdarsteller Ryan Gosling bekannt und benannte zugleich den gesamten Cast.<\/p>\n<p>Neben Gosling, Mia Goth und Matt Smith sind unter anderem auch die US-Schauspielerin Amy Adams (&#8222;Arrival&#8220;, &#8222;Nightbitch&#8220;), der Brite Aaron Pierre und der junge Nachwuchsdarsteller Flynn Gray an Bord.<\/p>\n<p>Der Film unter der Regie von Shawn Levy (&#8222;Deadpool &amp; Wolverine&#8220;) soll im Mai 2027 Weltpremiere feiern. &#8222;Star Wars: Starfighter&#8220; werde neue Charaktere einf\u00fchren, hatten Gosling und Levy im April bei einem &#8222;Star Wars&#8220;-Event in Tokio gesagt. &#8222;Der Film ist ein neues Abenteuer, es sind neue Charaktere, und spielt in einem neuen Zeitraum&#8220;, gab Levy bei der Veranstaltung bekannt.<\/p>\n<p>&#8222;Thrill meines Lebens&#8220;<\/p>\n<p>F\u00fcr ihn gehe mit dem Projekt ein Traum Erf\u00fcllung, teilte der Regisseur nun zum Drehstart in England in einem Statement mit. Geschichten aus der Star-Wars-Galaxie mit derart brillanten Mitarbeitern zu erz\u00e4hlen, sei der Thrill seines Lebens.<\/p>\n<p>Der erste Film der &#8222;Star Wars&#8220;-Saga erschien 1977 mit Carrie Fisher, Harrison Ford und Mark Hamill in den Hauptrollen. In den 80er Jahren folgten Filme wie &#8222;Das Imperium schl\u00e4gt zur\u00fcck&#8220; und &#8222;Die R\u00fcckkehr der Jedi-Ritter&#8220;. Sp\u00e4ter folgten neue Ableger.<\/p>\n","protected":false},"excerpt":{"rendered":"Weltpremiere 2027 geplant Dreh von &#8222;Star Wars&#8220;-Film mit Ryan Gosling beginnt 29.08.2025, 03:15 Uhr Artikel anh\u00f6ren Diese Audioversion&hellip;\n","protected":false},"author":2,"featured_media":380934,"comment_status":"","ping_status":"","sticky":false,"template":"","format":"standard","meta":{"footnotes":""},"categories":[1771],"tags":[1778,29,214,92,30,95,1777,3514,2890,215],"class_list":{"0":"post-380933","1":"post","2":"type-post","3":"status-publish","4":"format-standard","5":"has-post-thumbnail","7":"category-kino","8":"tag-cinema","9":"tag-deutschland","10":"tag-entertainment","11":"tag-film","12":"tag-germany","13":"tag-kino","14":"tag-movie","15":"tag-ryan-gosling","16":"tag-star-wars","17":"tag-unterhaltung"},"share_on_mastodon":{"url":"https:\/\/pubeurope.com\/@de\/115109714100292690","error":""},"_links":{"self":[{"href":"https:\/\/www.europesays.com\/de\/wp-json\/wp\/v2\/posts\/380933","targetHints":{"allow":["GET"]}}],"collection":[{"href":"https:\/\/www.europesays.com\/de\/wp-json\/wp\/v2\/posts"}],"about":[{"href":"https:\/\/www.europesays.com\/de\/wp-json\/wp\/v2\/types\/post"}],"author":[{"embeddable":true,"href":"https:\/\/www.europesays.com\/de\/wp-json\/wp\/v2\/users\/2"}],"replies":[{"embeddable":true,"href":"https:\/\/www.europesays.com\/de\/wp-json\/wp\/v2\/comments?post=380933"}],"version-history":[{"count":0,"href":"https:\/\/www.europesays.com\/de\/wp-json\/wp\/v2\/posts\/380933\/revisions"}],"wp:featuredmedia":[{"embeddable":true,"href":"https:\/\/www.europesays.com\/de\/wp-json\/wp\/v2\/media\/380934"}],"wp:attachment":[{"href":"https:\/\/www.europesays.com\/de\/wp-json\/wp\/v2\/media?parent=380933"}],"wp:term":[{"taxonomy":"category","embeddable":true,"href":"https:\/\/www.europesays.com\/de\/wp-json\/wp\/v2\/categories?post=380933"},{"taxonomy":"post_tag","embeddable":true,"href":"https:\/\/www.europesays.com\/de\/wp-json\/wp\/v2\/tags?post=380933"}],"curies":[{"name":"wp","href":"https:\/\/api.w.org\/{rel}","templated":true}]}}