{"id":380939,"date":"2025-08-29T02:35:18","date_gmt":"2025-08-29T02:35:18","guid":{"rendered":"https:\/\/www.europesays.com\/de\/380939\/"},"modified":"2025-08-29T02:35:18","modified_gmt":"2025-08-29T02:35:18","slug":"influencerin-emilie-kiser-meldet-sich-erstmals-nach-tod-ihres-sohnes-%e2%80%a03","status":"publish","type":"post","link":"https:\/\/www.europesays.com\/de\/380939\/","title":{"rendered":"Influencerin Emilie Kiser meldet sich erstmals nach Tod ihres Sohnes (\u20203)"},"content":{"rendered":"<p>&#8222;F\u00e4llt uns schwer, weiterzumachen&#8220;<\/p>\n<p>Influencerin Emilie Kiser meldet sich erstmals nach Tod ihres Sohnes (\u20203)<\/p>\n<p><img decoding=\"async\" data-hk=\"009350a12011002010\" loading=\"lazy\" src=\"https:\/\/www.europesays.com\/de\/wp-content\/uploads\/2025\/08\/1756434917_230_7b1cd1c5-2b8e-40c9-9408-d176bb260d0c.667c078d-c629-4d48-aaa1-a98d5dc5e16c.JPEG\" alt=\"Lisa Klugmayer\" width=\"48\" height=\"48\"\/>Lisa Klugmayervon <a href=\"https:\/\/www.bunte.de\/autoren\/lisa-klugmayer_33035326-7948-4bdb-a211-1705cd72f7a9.html\" rel=\"nofollow noopener\" target=\"_blank\">Lisa Klugmayer<\/a><\/p>\n<p>28.08.2025, 21:25 Uhr<\/p>\n<p>28. August 2025 um 21:25 Uhr<\/p>\n<p>Im Mai starb der erst dreij\u00e4hrige Sohn von Emilie Kiser. Jetzt bricht die Influencerin ihr Schweigen und meldet sich erstmals selbst mit einem emotionalen Statement zu Wort.<\/p>\n<p>ANZEIGE<\/p>\n<p>Jetzt hat sich die US-Amerikanerin erstmals selbst zu Wort gemeldet. &#8222;Ich habe Tage, Wochen, Monate damit verbracht, nach den richtigen Worten zu suchen und mir die Zeit genommen, die ich brauchte, um den Verlust meines Babys zu verarbeiten&#8220;, schreibt sie auf Instagram.<\/p>\n<p>Es falle ihr auch weiterhin schwer, ihren Alltag nach dem tragischen Verlust wieder aufzunehmen: &#8222;Die Freude, das Leuchten und die Liebe, die er in diese Welt gebracht hat, waren so klar, so rein und so voller Leben. Wir vermissen ihn in jeder einzelnen Sekunde \u2013 und oft erscheint es kaum ertr\u00e4glich, weiterzumachen.&#8220;<\/p>\n<p>ANZEIGE<\/p>\n<p>Emilie Kiser gesteht Schuldgef\u00fchle nach dem Tod ihres Sohnes<\/p>\n<p>In dem ehrlichen Beitrag spricht Emilie Kiser auch \u00fcber die Schuldgef\u00fchle, die sie seit dem Ungl\u00fcck begleiten. &#8222;Als seine Mutter trage ich die volle Verantwortung. Ich wei\u00df, ich h\u00e4tte mehr tun m\u00fcssen, um ihn zu sch\u00fctzen&#8220;, gesteht die Influencerin.\u00a0<\/p>\n<p><img decoding=\"async\" data-hk=\"009350a1908004010\" loading=\"lazy\"  src=\"https:\/\/www.europesays.com\/de\/wp-content\/uploads\/2025\/08\/c33837d5-4ce9-4680-a3fc-b16888b70439.9b7bcc3a-2107-41a3-bf3d-78e7ceb6d829.jpg\"  alt=\"Ein Bild aus gl\u00fccklichen Tagen: Emilie Kiser mit ihrer Familie.\" width=\"1079\" height=\"720\"\/> Ein Bild aus gl\u00fccklichen Tagen: Emilie Kiser mit ihrer Familie.  www.instagram.com\/emiliekiser <\/p>\n<p>Besonders schmerzhaft sei die Erkenntnis, dass ein einfacher Poolzaun Triggs Leben h\u00e4tte retten k\u00f6nnen. &#8222;Eine der h\u00e4rtesten Lektionen, die ich lernen musste&#8220;, schreibt sie.\u00a0<\/p>\n<p>Sie bedankt sich au\u00dferdem bei ihrer Familie und ihren Fans, die sie in dieser schwierigen Zeit unterst\u00fctzen. Doch sie wei\u00df: &#8222;Der einzige Weg durch die Trauer ist, Minute f\u00fcr Minute, Stunde f\u00fcr Stunde, Tag f\u00fcr Tag weiterzumachen \u2013 und seit diesem Tag gebe ich mein Bestes, mich immer wieder aufzurichten.&#8220;<\/p>\n<p><script async src=\"\/\/www.instagram.com\/embed.js\"><\/script><\/p>\n","protected":false},"excerpt":{"rendered":"&#8222;F\u00e4llt uns schwer, weiterzumachen&#8220; Influencerin Emilie Kiser meldet sich erstmals nach Tod ihres Sohnes (\u20203) Lisa Klugmayervon Lisa&hellip;\n","protected":false},"author":2,"featured_media":380940,"comment_status":"","ping_status":"","sticky":false,"template":"","format":"standard","meta":{"footnotes":""},"categories":[155],"tags":[29,214,30,215],"class_list":{"0":"post-380939","1":"post","2":"type-post","3":"status-publish","4":"format-standard","5":"has-post-thumbnail","7":"category-unterhaltung","8":"tag-deutschland","9":"tag-entertainment","10":"tag-germany","11":"tag-unterhaltung"},"share_on_mastodon":{"url":"https:\/\/pubeurope.com\/@de\/115109725861009191","error":""},"_links":{"self":[{"href":"https:\/\/www.europesays.com\/de\/wp-json\/wp\/v2\/posts\/380939","targetHints":{"allow":["GET"]}}],"collection":[{"href":"https:\/\/www.europesays.com\/de\/wp-json\/wp\/v2\/posts"}],"about":[{"href":"https:\/\/www.europesays.com\/de\/wp-json\/wp\/v2\/types\/post"}],"author":[{"embeddable":true,"href":"https:\/\/www.europesays.com\/de\/wp-json\/wp\/v2\/users\/2"}],"replies":[{"embeddable":true,"href":"https:\/\/www.europesays.com\/de\/wp-json\/wp\/v2\/comments?post=380939"}],"version-history":[{"count":0,"href":"https:\/\/www.europesays.com\/de\/wp-json\/wp\/v2\/posts\/380939\/revisions"}],"wp:featuredmedia":[{"embeddable":true,"href":"https:\/\/www.europesays.com\/de\/wp-json\/wp\/v2\/media\/380940"}],"wp:attachment":[{"href":"https:\/\/www.europesays.com\/de\/wp-json\/wp\/v2\/media?parent=380939"}],"wp:term":[{"taxonomy":"category","embeddable":true,"href":"https:\/\/www.europesays.com\/de\/wp-json\/wp\/v2\/categories?post=380939"},{"taxonomy":"post_tag","embeddable":true,"href":"https:\/\/www.europesays.com\/de\/wp-json\/wp\/v2\/tags?post=380939"}],"curies":[{"name":"wp","href":"https:\/\/api.w.org\/{rel}","templated":true}]}}