{"id":380943,"date":"2025-08-29T02:38:10","date_gmt":"2025-08-29T02:38:10","guid":{"rendered":"https:\/\/www.europesays.com\/de\/380943\/"},"modified":"2025-08-29T02:38:10","modified_gmt":"2025-08-29T02:38:10","slug":"nach-toedlichem-luftangriff-selenskyj-china-laesst-russland-krieg-fuehren","status":"publish","type":"post","link":"https:\/\/www.europesays.com\/de\/380943\/","title":{"rendered":"Nach t\u00f6dlichem Luftangriff: Selenskyj: China l\u00e4sst Russland Krieg f\u00fchren"},"content":{"rendered":"<p>                    Nach t\u00f6dlichem Luftangriff<br \/>\n                Selenskyj: China l\u00e4sst Russland Krieg f\u00fchren<\/p>\n<p>\t\t\t\t              29.08.2025, 03:28 Uhr<\/p>\n<p>\t\t\t\t\t       Artikel anh\u00f6ren<\/p>\n<p>\t\t\t\t\t\t\tDiese Audioversion wurde k\u00fcnstlich generiert. <a href=\"https:\/\/www.n-tv.de\/23249898\" rel=\"nofollow noopener\" target=\"_blank\">Mehr Infos<\/a><\/p>\n<p><strong>Der ukrainische Pr\u00e4sident Selenskyj sieht beim Gegner Russland derzeit keinerlei Friedenswillen. Moskau greife alle an, die sich nach Frieden sehnten, sagt er nach einem der t\u00f6dlichsten Luftangriffe seit Kriegsbeginn. Auch China macht er schwere Vorw\u00fcrfe.<\/strong><\/p>\n<p>Nach dem schweren russischen Luftangriff mit mehr als 20 Toten in Kiew hat der ukrainische Pr\u00e4sident Wolodymyr Selenskyj Moskau jeglichen Friedenswillen abgesprochen. &#8222;Dieser Schlag zeigt ganz klar, dass sich die Ziele Russlands nicht ge\u00e4ndert haben&#8220;, sagte Selenskyj in seiner abendlichen Videobotschaft in Kiew.<\/p>\n<p>&#8222;Russland greift derzeit alle Menschen auf der Welt an, die sich nach Frieden sehnen. Dies ist ein Schlag gegen die Ukraine. Dies ist ein Schlag gegen Europa&#8220;, sagte der ukrainische Staatschef. &#8222;Dies ist auch ein Schlag Russlands gegen Pr\u00e4sident Trump und andere globale Akteure.&#8220;<\/p>\n<p>Kritik an F\u00fchrung in Peking<\/p>\n<p>Moskau mache mit solchen Angriffen auch befreundete L\u00e4nder wie China oder Indien zu Komplizen. Selenskyj kritisierte vor allem die F\u00fchrung in Peking, die trotz vieler Erkl\u00e4rungen nichts f\u00fcr ein Ende des Kriegs tue. &#8222;Leider l\u00e4sst China Russland Krieg f\u00fchren &#8211; so sieht es aus&#8220;, sagte er.<\/p>\n<p>Nach dem n\u00e4chtlichen Luftangriff, einem der schwersten in dreieinhalb Jahren Krieg, wurden in Kiew bis zum Abend 23 Tote gez\u00e4hlt. Der milit\u00e4rische Verwaltungschef der Hauptstadt, Tymur Tkatschenko sagte, dass in den Tr\u00fcmmern eines Wohnhauses vermutlich noch mehr Menschen versch\u00fcttet seien. Auch die EU-Vertretung in Kiew und das britische Kulturinstitut wurden besch\u00e4digt.<\/p>\n","protected":false},"excerpt":{"rendered":"Nach t\u00f6dlichem Luftangriff Selenskyj: China l\u00e4sst Russland Krieg f\u00fchren 29.08.2025, 03:28 Uhr Artikel anh\u00f6ren Diese Audioversion wurde k\u00fcnstlich&hellip;\n","protected":false},"author":2,"featured_media":380944,"comment_status":"","ping_status":"","sticky":false,"template":"","format":"standard","meta":{"footnotes":""},"categories":[3],"tags":[661,227,13,14,15,16,12,10,8,9,11,103,107,104],"class_list":{"0":"post-380943","1":"post","2":"type-post","3":"status-publish","4":"format-standard","5":"has-post-thumbnail","7":"category-welt","8":"tag-angriff-auf-die-ukraine","9":"tag-china","10":"tag-headlines","11":"tag-nachrichten","12":"tag-news","13":"tag-politik","14":"tag-schlagzeilen","15":"tag-top-news","16":"tag-top-meldungen","17":"tag-topmeldungen","18":"tag-topnews","19":"tag-welt","20":"tag-wolodymyr-selenskyj","21":"tag-world"},"share_on_mastodon":{"url":"https:\/\/pubeurope.com\/@de\/115109737666245803","error":""},"_links":{"self":[{"href":"https:\/\/www.europesays.com\/de\/wp-json\/wp\/v2\/posts\/380943","targetHints":{"allow":["GET"]}}],"collection":[{"href":"https:\/\/www.europesays.com\/de\/wp-json\/wp\/v2\/posts"}],"about":[{"href":"https:\/\/www.europesays.com\/de\/wp-json\/wp\/v2\/types\/post"}],"author":[{"embeddable":true,"href":"https:\/\/www.europesays.com\/de\/wp-json\/wp\/v2\/users\/2"}],"replies":[{"embeddable":true,"href":"https:\/\/www.europesays.com\/de\/wp-json\/wp\/v2\/comments?post=380943"}],"version-history":[{"count":0,"href":"https:\/\/www.europesays.com\/de\/wp-json\/wp\/v2\/posts\/380943\/revisions"}],"wp:featuredmedia":[{"embeddable":true,"href":"https:\/\/www.europesays.com\/de\/wp-json\/wp\/v2\/media\/380944"}],"wp:attachment":[{"href":"https:\/\/www.europesays.com\/de\/wp-json\/wp\/v2\/media?parent=380943"}],"wp:term":[{"taxonomy":"category","embeddable":true,"href":"https:\/\/www.europesays.com\/de\/wp-json\/wp\/v2\/categories?post=380943"},{"taxonomy":"post_tag","embeddable":true,"href":"https:\/\/www.europesays.com\/de\/wp-json\/wp\/v2\/tags?post=380943"}],"curies":[{"name":"wp","href":"https:\/\/api.w.org\/{rel}","templated":true}]}}