{"id":380958,"date":"2025-08-29T02:46:11","date_gmt":"2025-08-29T02:46:11","guid":{"rendered":"https:\/\/www.europesays.com\/de\/380958\/"},"modified":"2025-08-29T02:46:11","modified_gmt":"2025-08-29T02:46:11","slug":"virkus-landet-volltreffer-borussia-moenchengladbach-mit-neuer-hoffnung","status":"publish","type":"post","link":"https:\/\/www.europesays.com\/de\/380958\/","title":{"rendered":"Virkus landet Volltreffer! Borussia M\u00f6nchengladbach mit neuer Hoffnung"},"content":{"rendered":"<p>Es war ein Bundesliga-Auftakt der wenigen Emotionen f\u00fcr Borussia M\u00f6nchengladbach. Im Duell gegen den HSV kamen die Fohlen nicht \u00fcber ein 0:0 hinaus. Angesichts der wenigen Torchancen war das auch das logische Ergebnis \u2013 eine klare Nullnummer beider Teams.<\/p>\n<p>Genau aus diesem Grund hat Fohlen-Sportchef Roland Virkus reagiert \u2013 und das in weiser Voraussicht bereits vor dem Hamburg-Spiel. Borussia M\u00f6nchengladbach mangelt es an Kreativit\u00e4t, daher hat Virkus genau f\u00fcr den richtigen Schritt auf dem Transfermarkt gesorgt.<\/p>\n<p> <strong>Borussia M\u00f6nchengladbach hofft auf Neuzugang<\/strong> <\/p>\n<p>Nach dem Abgang von Alassane Plea \u2013 seit Jahren Gladbachs Kreativspieler Nummer eins und immer f\u00fcr Tore und Vorlagen gut \u2013 musste noch ein Ersatz her. Virkus hat bis kurz vor Schluss des Transferfensters gewartet und nun mit <a href=\"https:\/\/www.derwesten.de\/sport\/fussball\/borussia-moenchengladbach-bvb-reyna-parma-id301773364.html\" target=\"_blank\" rel=\"noopener\">Gio Reyna<\/a> einen Volltreffer gelandet.<\/p>\n<p>+++ <a href=\"https:\/\/www.derwesten.de\/sport\/fussball\/borussia-moenchengladbach-julian-weigl-transfer-id301779290.html\" target=\"_blank\" rel=\"noopener\">Star-Knall bei Borussia M\u00f6nchengladbach! Jetzt ist alles klar<\/a> +++<\/p>\n<p>Gegen den HSV spielte Kevin St\u00f6ger auf der Zehn, sicherlich noch einer der kreativsten Spieler der Fohlen und einer, auf den es in dieser Saison ankommen wird. Doch Gladbach fehlte es an Variabilit\u00e4t. Reyna sa\u00df gegen den HSV noch auf der Trib\u00fcne \u2013 auf dem Platz h\u00e4tte er Borussia M\u00f6nchengladbach aber sehr gutgetan.<\/p>\n<p> <strong>Reyna hat einen Haken<\/strong> <\/p>\n<p>In einer ohnehin chancenarmen Partie der Fohlen fehlte gegen Ende des Spiels die Durchschlagskraft nach vorne. Denn mit Robin Hack und Frank Honorat hatte Gladbachs Fl\u00fcgelzange nicht gegriffen \u2013 und vor allem fehlte es an Ersatz auf der Bank. Reyna, der sowohl auf der Zehn als auch \u00fcber die Fl\u00fcgel kommen kann, w\u00e4re gegen den HSV bereits ein Segen gewesen.<\/p>\n<p>Hier mehr News f\u00fcr dich:<\/p>\n<p>Der 22-j\u00e4hrige Neuzugang gilt in der Offensive als ein neues, wichtiges Puzzleteil f\u00fcr Borussia M\u00f6nchengladbach. Auf der Zehn kann er Kevin St\u00f6ger echte Konkurrenz machen und auf den Fl\u00fcgeln soll er Hack und Honorat eine ebenb\u00fcrtige Alternative bieten. Mit nur drei Millionen Euro festgeschriebener Abl\u00f6se hat Virkus zudem ein echtes Schn\u00e4ppchen gemacht. Doch es w\u00e4re alles zu sch\u00f6n, um wahr zu sein. Schlie\u00dflich kommt es auf Reynas k\u00f6rperlichen Zustand an \u2013 ein Problem, das ihn seit Jahren bremst. Nur wenn er fit bleibt, kann er Gladbachs neue Hoffnung werden \u2013 und in Zukunft (kreative) Nullnummern wie gegen den HSV verhindern.<\/p>\n","protected":false},"excerpt":{"rendered":"Es war ein Bundesliga-Auftakt der wenigen Emotionen f\u00fcr Borussia M\u00f6nchengladbach. Im Duell gegen den HSV kamen die Fohlen&hellip;\n","protected":false},"author":2,"featured_media":380959,"comment_status":"","ping_status":"","sticky":false,"template":"","format":"standard","meta":{"footnotes":""},"categories":[1849],"tags":[815,3364,29,548,663,3934,30,13,4455,14,15,1209,12],"class_list":{"0":"post-380958","1":"post","2":"type-post","3":"status-publish","4":"format-standard","5":"has-post-thumbnail","7":"category-moenchengladbach","8":"tag-borussia-moenchengladbach","9":"tag-de","10":"tag-deutschland","11":"tag-eu","12":"tag-europa","13":"tag-europe","14":"tag-germany","15":"tag-headlines","16":"tag-moenchengladbach","17":"tag-nachrichten","18":"tag-news","19":"tag-nordrhein-westfalen","20":"tag-schlagzeilen"},"share_on_mastodon":{"url":"https:\/\/pubeurope.com\/@de\/115109769046441273","error":""},"_links":{"self":[{"href":"https:\/\/www.europesays.com\/de\/wp-json\/wp\/v2\/posts\/380958","targetHints":{"allow":["GET"]}}],"collection":[{"href":"https:\/\/www.europesays.com\/de\/wp-json\/wp\/v2\/posts"}],"about":[{"href":"https:\/\/www.europesays.com\/de\/wp-json\/wp\/v2\/types\/post"}],"author":[{"embeddable":true,"href":"https:\/\/www.europesays.com\/de\/wp-json\/wp\/v2\/users\/2"}],"replies":[{"embeddable":true,"href":"https:\/\/www.europesays.com\/de\/wp-json\/wp\/v2\/comments?post=380958"}],"version-history":[{"count":0,"href":"https:\/\/www.europesays.com\/de\/wp-json\/wp\/v2\/posts\/380958\/revisions"}],"wp:featuredmedia":[{"embeddable":true,"href":"https:\/\/www.europesays.com\/de\/wp-json\/wp\/v2\/media\/380959"}],"wp:attachment":[{"href":"https:\/\/www.europesays.com\/de\/wp-json\/wp\/v2\/media?parent=380958"}],"wp:term":[{"taxonomy":"category","embeddable":true,"href":"https:\/\/www.europesays.com\/de\/wp-json\/wp\/v2\/categories?post=380958"},{"taxonomy":"post_tag","embeddable":true,"href":"https:\/\/www.europesays.com\/de\/wp-json\/wp\/v2\/tags?post=380958"}],"curies":[{"name":"wp","href":"https:\/\/api.w.org\/{rel}","templated":true}]}}