{"id":380964,"date":"2025-08-29T02:49:09","date_gmt":"2025-08-29T02:49:09","guid":{"rendered":"https:\/\/www.europesays.com\/de\/380964\/"},"modified":"2025-08-29T02:49:09","modified_gmt":"2025-08-29T02:49:09","slug":"wo-man-auf-dem-augsburger-plaerrer-bargeldlos-bezahlen-kann","status":"publish","type":"post","link":"https:\/\/www.europesays.com\/de\/380964\/","title":{"rendered":"Wo man auf dem Augsburger Pl\u00e4rrer bargeldlos bezahlen kann"},"content":{"rendered":"<p class=\"mb-6 text-xs md:text-m lg:text-l font-serif group-[.font-sans]:font-sans \">\n    Ein Griff ins Portemonnaie, ein Blick auf den Kontostand \u2013 und manchmal Ern\u00fcchterung: Das Bargeld reicht nicht mehr f\u00fcr die n\u00e4chste Runde. Doch keine Sorge: Auf dem Pl\u00e4rrer geht inzwischen vielerorts auch Kartenzahlung. Aber nicht \u00fcberall. Zwischen Bierzelten, Imbissbuden und Fahrgesch\u00e4ften gilt: mal ja, mal nein \u2013 und oft nur ab einer bestimmten Summe. Sechs Geldautomaten auf dem Festgel\u00e4nde stehen deshalb weiterhin bereit, falls das Bargeld ausgeht. Ein \u00dcberblick \u00fcber die m\u00f6glichen Zahlungsformen &#8211;  ohne Anspruch auf Vollst\u00e4ndigkeit.\n  <\/p>\n<ul data-module-id=\"DragDropModule\" class=\"flex flex-wrap justify-start group-[.no-bookmarks]:hidden\">\n<li class=\"mb-3 mr-3\">\n    Jasmin Jud<\/p>\n<p>      Icon Haken im Kreis gesetzt<\/p>\n<p>      Icon Plus im Kreis<\/p>\n<\/li>\n<li class=\"mb-3 mr-3\">\n    Geldautomat<\/p>\n<p>      Icon Haken im Kreis gesetzt<\/p>\n<p>      Icon Plus im Kreis<\/p>\n<\/li>\n<li class=\"mb-3 mr-3\">\n    Thomas Kempter<\/p>\n<p>      Icon Haken im Kreis gesetzt<\/p>\n<p>      Icon Plus im Kreis<\/p>\n<\/li>\n<\/ul>\n","protected":false},"excerpt":{"rendered":"Ein Griff ins Portemonnaie, ein Blick auf den Kontostand \u2013 und manchmal Ern\u00fcchterung: Das Bargeld reicht nicht mehr&hellip;\n","protected":false},"author":2,"featured_media":380965,"comment_status":"","ping_status":"","sticky":false,"template":"","format":"standard","meta":{"footnotes":""},"categories":[1846],"tags":[680,772,3364,29,548,663,3934,30,13,14,15,12],"class_list":{"0":"post-380964","1":"post","2":"type-post","3":"status-publish","4":"format-standard","5":"has-post-thumbnail","7":"category-augsburg","8":"tag-augsburg","9":"tag-bayern","10":"tag-de","11":"tag-deutschland","12":"tag-eu","13":"tag-europa","14":"tag-europe","15":"tag-germany","16":"tag-headlines","17":"tag-nachrichten","18":"tag-news","19":"tag-schlagzeilen"},"share_on_mastodon":{"url":"https:\/\/pubeurope.com\/@de\/115109780822688823","error":""},"_links":{"self":[{"href":"https:\/\/www.europesays.com\/de\/wp-json\/wp\/v2\/posts\/380964","targetHints":{"allow":["GET"]}}],"collection":[{"href":"https:\/\/www.europesays.com\/de\/wp-json\/wp\/v2\/posts"}],"about":[{"href":"https:\/\/www.europesays.com\/de\/wp-json\/wp\/v2\/types\/post"}],"author":[{"embeddable":true,"href":"https:\/\/www.europesays.com\/de\/wp-json\/wp\/v2\/users\/2"}],"replies":[{"embeddable":true,"href":"https:\/\/www.europesays.com\/de\/wp-json\/wp\/v2\/comments?post=380964"}],"version-history":[{"count":0,"href":"https:\/\/www.europesays.com\/de\/wp-json\/wp\/v2\/posts\/380964\/revisions"}],"wp:featuredmedia":[{"embeddable":true,"href":"https:\/\/www.europesays.com\/de\/wp-json\/wp\/v2\/media\/380965"}],"wp:attachment":[{"href":"https:\/\/www.europesays.com\/de\/wp-json\/wp\/v2\/media?parent=380964"}],"wp:term":[{"taxonomy":"category","embeddable":true,"href":"https:\/\/www.europesays.com\/de\/wp-json\/wp\/v2\/categories?post=380964"},{"taxonomy":"post_tag","embeddable":true,"href":"https:\/\/www.europesays.com\/de\/wp-json\/wp\/v2\/tags?post=380964"}],"curies":[{"name":"wp","href":"https:\/\/api.w.org\/{rel}","templated":true}]}}