{"id":380966,"date":"2025-08-29T02:50:10","date_gmt":"2025-08-29T02:50:10","guid":{"rendered":"https:\/\/www.europesays.com\/de\/380966\/"},"modified":"2025-08-29T02:50:10","modified_gmt":"2025-08-29T02:50:10","slug":"ludwigshafen-mannheim-apache-207-bleibt-gleich-auch-auf-seinem-neuen-album","status":"publish","type":"post","link":"https:\/\/www.europesays.com\/de\/380966\/","title":{"rendered":"Ludwigshafen\/Mannheim | Apache 207 bleibt gleich &#8211; auch auf seinem neuen Album"},"content":{"rendered":"<p class=\"bodytext\">Ludwigshafen\/Mannheim (dpa) &#8211; Astronomische Streamingzahlen, Platin- und Diamant-Schallplatten und mehrere Musikautorenpreise: Apache 207 ist im Rap-Olymp angekommen &#8211; und das innerhalb von nur wenigen Jahren. An diesem Freitag bringt der 27-J\u00e4hrige sein viertes Album raus.<\/p>\n<p>\u00ab21 Gramm\u00bb hei\u00dft die neue Platte. \u00abDer Legende nach wiegt die Seele 21 Gramm. Das Album erlaubt einen tieferen Einblick in meine Seele\u00bb, verriet der geb\u00fcrtige Mannheimer im Vorfeld. Die Ank\u00fcndigung klinkt nach Deep Talk. H\u00e4lt das Album, was es verspricht?<\/p>\n<p>Tiefgr\u00fcndig und tanzbar<\/p>\n<p>Vier von 15 Tracks sind schon drau\u00dfen. Ein Banger wie sein Hit \u00abRoller\u00bb aus dem Jahr 2019 ist bisher noch nicht dabei. In Richtung Chartspitze ging es mit der ersten Singleauskopplung \u00abMorgen\u00bb. Die Hymne auf das Hier und Jetzt schaffte es Ende Mai auf Anhieb auf Platz drei.<\/p>\n<p>Tiefgr\u00fcndig und tanzbar zeigt sich der Rapper mit t\u00fcrkischen Wurzeln auf dem Track &#8211; eines seiner Erfolgsrezepte. Doch auch andere Songs, die er bis zum Albumrelease an den Start bringt, sind eher nachdenklich.\u00a0<\/p>\n<p>Mit \u00abMann muss\u00bb wagt er Gesellschaftskritik und hinterfragt ironisch m\u00e4nnliche Rollenbilder: \u00abIch hab nie ein Navi benutzt, ich kenn jeden Weg und nur, wenn ich Zwiebeln schneide, k\u00e4mpfe ich mit Tr\u00e4nen.\u00bb Bei den Fans kommt es an.\u00a0<\/p>\n<p>Tour startet im Herbst\u00a0<\/p>\n<p>Die anderen Auskopplungen \u00abWolken\u00bb und \u00abGWHF\u00bb bleiben deutlich dahinter zur\u00fcck. Erfolgreicher ist der Rapper mit dem Track \u00abJupiter\u00bb, der ihn zusammen mit Rapper RAF Camora im Juli direkt auf den zweiten Platz der Charts bringt. Ab November will Apache wieder auf Tour gehen, inklusive einiger Zusatztermine wegen der gro\u00dfen Nachfrage. Allein f\u00fcr Berlin sind f\u00fcnf Konzerte angek\u00fcndigt.\u00a0<\/p>\n<p>Keine Promo, keine Interviews &#8211; wieder\u00a0<\/p>\n<p>Vor zwei Jahren brachte der Musiker mit \u00abGartenstadt\u00bb sein drittes Album heraus, das nach dem Ludwigshafener Stadtteil benannt ist, in dem er aufwuchs. Schon damals galt: Keine Promo-Tour, keine Interviews, keine Fotos &#8211; dabei sind so viele Fragen offen (Wof\u00fcr steht eigentlich 207?).<\/p>\n<p>Sein erstes Interview gab Apache eigenen Angaben nach im Rahmen einer Amazon-Prime-Dokumentation unter dem Titel \u00abApache bleibt gleich\u00bb, die im 2022 ver\u00f6ffentlicht wurde.\u00a0<\/p>\n<p>Der K\u00fcnstler mit Sonnenbrille und langen Haaren l\u00e4sst lieber seine Musik f\u00fcr sich sprechen. \u00abIch kann aber so viel sagen, dass ich mich extrem freue, nach zwei Jahren sch\u00f6ner und harter Arbeit mein Album pr\u00e4sentieren zu k\u00f6nnen.\u00bb<\/p>\n","protected":false},"excerpt":{"rendered":"Ludwigshafen\/Mannheim (dpa) &#8211; Astronomische Streamingzahlen, Platin- und Diamant-Schallplatten und mehrere Musikautorenpreise: Apache 207 ist im Rap-Olymp angekommen &#8211;&hellip;\n","protected":false},"author":2,"featured_media":380967,"comment_status":"","ping_status":"","sticky":false,"template":"","format":"standard","meta":{"footnotes":""},"categories":[1845],"tags":[103057,15927,1634,3364,29,41076,548,663,3934,30,13,2549,2096,810,14,15,1756,12],"class_list":{"0":"post-380966","1":"post","2":"type-post","3":"status-publish","4":"format-standard","5":"has-post-thumbnail","7":"category-mannheim","8":"tag-29-august","9":"tag-baden-warttemberg","10":"tag-baden-wuerttemberg","11":"tag-de","12":"tag-deutschland","13":"tag-divertme","14":"tag-eu","15":"tag-europa","16":"tag-europe","17":"tag-germany","18":"tag-headlines","19":"tag-leute","20":"tag-mannheim","21":"tag-musik","22":"tag-nachrichten","23":"tag-news","24":"tag-rheinland-pfalz","25":"tag-schlagzeilen"},"share_on_mastodon":{"url":"https:\/\/pubeurope.com\/@de\/115109784843444573","error":""},"_links":{"self":[{"href":"https:\/\/www.europesays.com\/de\/wp-json\/wp\/v2\/posts\/380966","targetHints":{"allow":["GET"]}}],"collection":[{"href":"https:\/\/www.europesays.com\/de\/wp-json\/wp\/v2\/posts"}],"about":[{"href":"https:\/\/www.europesays.com\/de\/wp-json\/wp\/v2\/types\/post"}],"author":[{"embeddable":true,"href":"https:\/\/www.europesays.com\/de\/wp-json\/wp\/v2\/users\/2"}],"replies":[{"embeddable":true,"href":"https:\/\/www.europesays.com\/de\/wp-json\/wp\/v2\/comments?post=380966"}],"version-history":[{"count":0,"href":"https:\/\/www.europesays.com\/de\/wp-json\/wp\/v2\/posts\/380966\/revisions"}],"wp:featuredmedia":[{"embeddable":true,"href":"https:\/\/www.europesays.com\/de\/wp-json\/wp\/v2\/media\/380967"}],"wp:attachment":[{"href":"https:\/\/www.europesays.com\/de\/wp-json\/wp\/v2\/media?parent=380966"}],"wp:term":[{"taxonomy":"category","embeddable":true,"href":"https:\/\/www.europesays.com\/de\/wp-json\/wp\/v2\/categories?post=380966"},{"taxonomy":"post_tag","embeddable":true,"href":"https:\/\/www.europesays.com\/de\/wp-json\/wp\/v2\/tags?post=380966"}],"curies":[{"name":"wp","href":"https:\/\/api.w.org\/{rel}","templated":true}]}}