{"id":380981,"date":"2025-08-29T02:58:10","date_gmt":"2025-08-29T02:58:10","guid":{"rendered":"https:\/\/www.europesays.com\/de\/380981\/"},"modified":"2025-08-29T02:58:10","modified_gmt":"2025-08-29T02:58:10","slug":"pollenflug-wuppertal-aktuell-graeser-und-co-diese-pollen-fliegen-heute","status":"publish","type":"post","link":"https:\/\/www.europesays.com\/de\/380981\/","title":{"rendered":"Pollenflug Wuppertal aktuell: Gr\u00e4ser und Co. &#8211; Diese Pollen fliegen heute"},"content":{"rendered":"<ul>\n<li>m\u00e4\u00dfige Pollenbelastung in <a href=\"https:\/\/www.news.de\/thema\/wuppertal\/1\/\" rel=\"nofollow noopener\" target=\"_blank\"><strong>Wuppertal<\/strong><\/a><\/li>\n<li>Pollenflug von Ambrosia, Gr\u00e4sern und Beifu\u00df<\/li>\n<li>M\u00e4\u00dfiger Regen, schwacher Wind, hohe Luftfeuchtigkeit  <\/li>\n<\/ul>\n<p>Am Donnerstag sind in der Region <strong>Rhein.-Westf\u00e4l. Tiefland<\/strong> <a href=\"https:\/\/www.news.de\/thema\/pollen\/1\/\" rel=\"nofollow noopener\" target=\"_blank\"><strong>Pollen<\/strong><\/a> von Beifu\u00df, Gr\u00e4sern und Ambrosia in der Luft. F\u00fcr Allergiker kann das je nach individueller Empfindlichkeit zu Symptomen wie Niesen, tr\u00e4nenden Augen oder Atemproblemen f\u00fchren. In der folgenden Tabelle sehen Sie, wie der Deutsche Wetterdienst die Belastung der einzelnen Pollenarten heute, morgen und \u00fcbermorgen in <strong>Wuppertal<\/strong> einsch\u00e4tzt.<\/p>\n<p>Pollenflug aktuell in Wuppertal ab Donnerstag, 28.08.2025<\/p>\n<tr>PollenHeuteMorgen\u00dcbermorgen<\/tr>\n<tr>\n<td>Erle<\/td>\n<td>\ud83d\udfe9\ud83d\udfe9<\/td>\n<td>\ud83d\udfe9\ud83d\udfe9<\/td>\n<td>\ud83d\udfe9\ud83d\udfe9<\/td>\n<\/tr>\n<tr>\n<td>Birke<\/td>\n<td>\ud83d\udfe9\ud83d\udfe9<\/td>\n<td>\ud83d\udfe9\ud83d\udfe9<\/td>\n<td>\ud83d\udfe9\ud83d\udfe9<\/td>\n<\/tr>\n<tr>\n<td>Roggen<\/td>\n<td>\ud83d\udfe9\ud83d\udfe9<\/td>\n<td>\ud83d\udfe9\ud83d\udfe9<\/td>\n<td>\ud83d\udfe9\ud83d\udfe9<\/td>\n<\/tr>\n<tr>\n<td>Beifu\u00df<\/td>\n<td>\ud83d\udfe8\ud83d\udfe8<\/td>\n<td>\ud83d\udfe8\ud83d\udfe8<\/td>\n<td>\ud83d\udfe8\ud83d\udfe8<\/td>\n<\/tr>\n<tr>\n<td>Gr\u00e4ser<\/td>\n<td>\ud83d\udfe8\ud83d\udfe8<\/td>\n<td>\ud83d\udfe8\ud83d\udfe8<\/td>\n<td>\ud83d\udfe8\ud83d\udfe8<\/td>\n<\/tr>\n<tr>\n<td>Hasel<\/td>\n<td>\ud83d\udfe9\ud83d\udfe9<\/td>\n<td>\ud83d\udfe9\ud83d\udfe9<\/td>\n<td>\ud83d\udfe9\ud83d\udfe9<\/td>\n<\/tr>\n<tr>\n<td>Esche<\/td>\n<td>\ud83d\udfe9\ud83d\udfe9<\/td>\n<td>\ud83d\udfe9\ud83d\udfe9<\/td>\n<td>\ud83d\udfe9\ud83d\udfe9<\/td>\n<\/tr>\n<tr>\n<td>Ambrosia<\/td>\n<td>\ud83d\udfe8\ud83d\udfe8<\/td>\n<td>\ud83d\udfe8\ud83d\udfe7<\/td>\n<td>\ud83d\udfe8\ud83d\udfe8<\/td>\n<\/tr>\n<p><strong>Legende:<\/strong> \ud83d\udfe9\ud83d\udfe9 = keine Belastung \ud83d\udfe8\ud83d\udfe8 = geringe Belastung \ud83d\udfe8\ud83d\udfe7 = geringe bis mittlere Belastung  <\/p>\n<p>Pollen-<a href=\"https:\/\/www.news.de\/thema\/allergie\/1\/\" rel=\"nofollow noopener\" target=\"_blank\"><strong>Allergie<\/strong><\/a>, Grippe oder doch Corona? <a title=\"Welche Infektionen jetzt grassieren - und wen es trifft\" target=\"_blank\" href=\"https:\/\/www.news.de\/gesundheit\/858234152\/corona-grippe-rsv-in-nrw-aktuell-im-august-2025-inzidenz-und-neue-faelle-der-krankheiten-laut-rki-stand-28-08-2025\/1\/\" rel=\"nofollow noopener\"><strong>Erfahren Sie hier, wie es aktuell um die Gesundheit der Menschen in NRW steht.<\/strong><\/a>  <\/p>\n<p>Pollen von Beifu\u00df, Gr\u00e4sern und Ambrosia in Wuppertal<\/p>\n<p><strong>Beifu\u00df &#8211; geringe Belastung<\/strong>  <\/p>\n<p>Beifu\u00df (Artemisia vulgaris) bl\u00fcht meist von Juli bis September und sorgt derzeit f\u00fcr eine schwache Belastung in Wuppertal. Er ist das h\u00e4ufigste allergene Kraut in Mitteleuropa. Besonders f\u00fcr Menschen mit Kreuzallergien zu Sellerie, Karotten oder Gew\u00fcrzen wie Anis k\u00f6nnen Beifu\u00dfpollen problematisch sein. Die Pollen sind sehr klein und k\u00f6nnen tief in die Atemwege eindringen.   <\/p>\n<p><strong>Gr\u00e4ser &#8211; geringe Belastung<\/strong>  <\/p>\n<p>Die Gr\u00e4serbl\u00fcte erstreckt sich von Mai bis August, mit einem H\u00f6hepunkt im Juni. Da es viele verschiedene Gr\u00e4serarten gibt, sind Allergiker oft gegen mehrere sensibilisiert. Gr\u00e4serpollen gelten als Hauptverursacher von <a href=\"https:\/\/www.news.de\/thema\/heuschnupfen\/1\/\" rel=\"nofollow noopener\" target=\"_blank\"><strong>Heuschnupfen<\/strong><\/a> in Mitteleuropa. Heute erwartet Wuppertal eine schwache Belastung durch Gr\u00e4serpollen.  <\/p>\n<p><strong>Ambrosia &#8211; geringe Belastung<\/strong>  <\/p>\n<p>Ambrosia (Ambrosia artemisiifolia) ist ein Neophyt, der sich in Deutschland zunehmend ausbreitet. Ihre Bl\u00fctezeit liegt zwischen August und Oktober, oft dann, wenn andere Pollenbelastungen schon nachgelassen haben. Die Pollen sind extrem allergen: Schon wenige K\u00f6rner pro Kubikmeter Luft k\u00f6nnen Symptome ausl\u00f6sen. Zudem verl\u00e4ngert Ambrosia die Allergiesaison bis in den Herbst. Aktuell herrscht in Wuppertal eine schwache Belastung durch Ambrosia-Pollen.  <\/p>\n<p>Pollenflug und Wetter: M\u00e4\u00dfiger Regen in Wuppertal<\/p>\n<p>Der heutige Tag bringt in <strong>Wuppertal<\/strong> eine <strong>durchschnittliche Temperatur von 20 \u00b0C<\/strong>. Die Tagesh\u00f6chsttemperatur betr\u00e4gt 24 \u00b0C. <strong>Schwacher Wind, hohe Luftfeuchtigkeit und m\u00e4\u00dfige W\u00e4rme<\/strong> bestimmen die Wetterlage am Donnerstag.  <\/p>\n<p>Da f\u00fcr den 28.08.2025 in <strong>Wuppertal<\/strong> <strong>Regen<\/strong> angek\u00fcndigt ist, wird die Pollenbelastung insgesamt zur\u00fcckgehen. Die Schauer sp\u00fclen viele Pollen aus der Luft und sorgen so f\u00fcr eine sp\u00fcrbare Entlastung, vor allem in dicht bebauten Stadtgebieten.  <\/p>\n<p>In St\u00e4dten wie Wuppertal ist die Belastung meist am Vormittag noch ertr\u00e4glich. Im Laufe des Tages breiten sich Pollen aus den Randgebieten in der Stadt aus und sammeln sich in der warmen Stadtluft. Die Werte zeigen eine abendliche Abnahme, weil die Luft sich abk\u00fchlt und weniger Thermik herrscht. Deshalb gilt: Wer in der Stadt lebt, sollte am besten in den fr\u00fchen Morgenstunden oder abends l\u00fcften und Aktivit\u00e4ten im Freien in diese Zeit legen. Weitere praktische Tipps finden Pollen-Allergiker in diesem <a title=\"Tipps und Tricks f\u00fcr Pollenallergiker - das kann helfen\" target=\"_blank\" href=\"https:\/\/www.news.de\/panorama\/856847877\/heuschnupfen-symptome-lindern-wie-ohne-medikamente-tipps-und-tricks-nasendusche-luftreiniger-pollenschutzgitter-lebensmittel-was-hilft\/1\/\" rel=\"nofollow noopener\"><strong>Heuschnupfen-Ratgeber<\/strong><\/a>.  <\/p>\n<p>+++ Redaktioneller Hinweis: Dieser Text wurde auf Basis von aktuellen Daten von OpenWeather (TM) und dem Deutschen Wetterdienst (DWD) generiert und wird datengetrieben aktualisiert. Bei Anmerkungen oder R\u00fcckfragen wenden Sie sich bitte an hinweis@news.de. +++  <\/p>\n<p>Folgen Sie <a href=\"https:\/\/news.de\/\" target=\"_blank\" rel=\"nofollow noopener\"><strong>News.de<\/strong><\/a> schon bei <a href=\"https:\/\/www.facebook.com\/News.de\" target=\"_blank\" rel=\"nofollow noopener\"><strong>Facebook<\/strong><\/a>, <a href=\"https:\/\/twitter.com\/news_de\" target=\"_blank\" rel=\"nofollow noopener\"><strong>Twitter<\/strong><\/a>, <a href=\"https:\/\/pin.it\/11NQyAf\" target=\"_blank\" rel=\"nofollow noopener\"><strong>Pinterest<\/strong><\/a> und <a href=\"https:\/\/www.youtube.com\/channel\/UCOzsvCb0KteNrzUboTonVYA\" target=\"_blank\" rel=\"nofollow noopener\"><strong>YouTube<\/strong><\/a>? Hier finden Sie brandhei\u00dfe News, aktuelle Videos und den direkten Draht zur Redaktion.  <\/p>\n<p><a href=\"https:\/\/www.news.de\/autor\/Sarah+Knauth\/\" rel=\"author nofollow noopener\" target=\"_blank\">kns<\/a>\/roj\/news.de<\/p>\n<p>                    <script async src=\"https:\/\/platform.twitter.com\/widgets.js\" charset=\"utf-8\"><\/script><\/p>\n","protected":false},"excerpt":{"rendered":"m\u00e4\u00dfige Pollenbelastung in Wuppertal Pollenflug von Ambrosia, Gr\u00e4sern und Beifu\u00df M\u00e4\u00dfiger Regen, schwacher Wind, hohe Luftfeuchtigkeit Am Donnerstag&hellip;\n","protected":false},"author":2,"featured_media":380982,"comment_status":"","ping_status":"","sticky":false,"template":"","format":"standard","meta":{"footnotes":""},"categories":[1840],"tags":[3364,29,30,141,1209,4418],"class_list":{"0":"post-380981","1":"post","2":"type-post","3":"status-publish","4":"format-standard","5":"has-post-thumbnail","7":"category-wuppertal","8":"tag-de","9":"tag-deutschland","10":"tag-germany","11":"tag-gesundheit","12":"tag-nordrhein-westfalen","13":"tag-wuppertal"},"share_on_mastodon":{"url":"https:\/\/pubeurope.com\/@de\/115109816252490592","error":""},"_links":{"self":[{"href":"https:\/\/www.europesays.com\/de\/wp-json\/wp\/v2\/posts\/380981","targetHints":{"allow":["GET"]}}],"collection":[{"href":"https:\/\/www.europesays.com\/de\/wp-json\/wp\/v2\/posts"}],"about":[{"href":"https:\/\/www.europesays.com\/de\/wp-json\/wp\/v2\/types\/post"}],"author":[{"embeddable":true,"href":"https:\/\/www.europesays.com\/de\/wp-json\/wp\/v2\/users\/2"}],"replies":[{"embeddable":true,"href":"https:\/\/www.europesays.com\/de\/wp-json\/wp\/v2\/comments?post=380981"}],"version-history":[{"count":0,"href":"https:\/\/www.europesays.com\/de\/wp-json\/wp\/v2\/posts\/380981\/revisions"}],"wp:featuredmedia":[{"embeddable":true,"href":"https:\/\/www.europesays.com\/de\/wp-json\/wp\/v2\/media\/380982"}],"wp:attachment":[{"href":"https:\/\/www.europesays.com\/de\/wp-json\/wp\/v2\/media?parent=380981"}],"wp:term":[{"taxonomy":"category","embeddable":true,"href":"https:\/\/www.europesays.com\/de\/wp-json\/wp\/v2\/categories?post=380981"},{"taxonomy":"post_tag","embeddable":true,"href":"https:\/\/www.europesays.com\/de\/wp-json\/wp\/v2\/tags?post=380981"}],"curies":[{"name":"wp","href":"https:\/\/api.w.org\/{rel}","templated":true}]}}