{"id":380998,"date":"2025-08-29T03:07:12","date_gmt":"2025-08-29T03:07:12","guid":{"rendered":"https:\/\/www.europesays.com\/de\/380998\/"},"modified":"2025-08-29T03:07:12","modified_gmt":"2025-08-29T03:07:12","slug":"warum-uns-jetzt-noch-extremere-sommer-bevorstehen","status":"publish","type":"post","link":"https:\/\/www.europesays.com\/de\/380998\/","title":{"rendered":"Warum uns jetzt noch extremere Sommer bevorstehen"},"content":{"rendered":"<ol class=\"id-DonaldBreadcrumb lp_west_breadcrumb id-DonaldBreadcrumb--default\" data-k5a-pos=\"west_breadcrumb\">\n<li class=\"id-Breadcrumb-item\"><a href=\"https:\/\/www.fr.de\/\" class=\"id-Breadcrumb-link\" data-id-ec=\"{\" shn=\"\" textlink=\"\" data-k5a-pos=\"1_startseite\" target=\"_blank\" rel=\"noopener\">Startseite<\/a><\/li>\n<li class=\"id-Breadcrumb-item\"><a href=\"https:\/\/www.fr.de\/wissen\/\" class=\"id-Breadcrumb-link\" data-id-ec=\"{\" shn=\"\" textlink=\"\" data-k5a-pos=\"2_wissen\" target=\"_blank\" rel=\"noopener\">Wissen<\/a><\/li>\n<\/ol>\n<p class=\"id-Story-timestamp id-Story-timestamp--default\">Stand: 29.08.2025, 04:52 Uhr<\/p>\n<p class=\"id-Story-authors id-Story-authors--default\">Von: <a class=\"id-Story-authors-link lp_west_author\" href=\"https:\/\/www.fr.de\/autor\/dominik-jung-zdt0yde2.html\" title=\"Zur Autorenseite von Dominik Jung\" data-id-ec=\"{\" shn=\"\" author-link=\"\" jung=\"\" data-k5a-pos=\"west_author\" target=\"_blank\" rel=\"noopener\">Dominik Jung<\/a><\/p>\n<p class=\"id-Story-interactionBar id-Story-interactionBar--default\">DruckenTeilen<\/p>\n<p class=\"id-StoryElement-leadText\">Gr\u00f6nlands Schmelzwasser ver\u00e4ndert unser Wetter \u2013 und k\u00f6nnte Europas Sommer f\u00fcr viele Jahre zur Dauerhitze machen. Eine Wetter-Kolumne von Dominik Jung. <\/p>\n<p class=\"id-StoryElement-paragraph\">Frankfurt \u2013 Es klingt wie ein Paradox: <a href=\"https:\/\/www.fr.de\/wissen\/arktisches-meereis-nach-der-atempause-folgt-ein-verstaerkter-rueckgang-93895478.html\" class=\"id-import-Link\" data-id-ec=\"{&quot;sht&quot;:&quot;Container&quot;,&quot;shn&quot;:&quot;Story&quot;,&quot;p&quot;:{&quot;containerType&quot;:&quot;Paragraph&quot;,&quot;displayType&quot;:&quot;Paragraph InlineLink&quot;,&quot;type&quot;:&quot;INLINE_LINK&quot;,&quot;value&quot;:&quot;Das Schmelzen von Eis in der Arktis&quot;,&quot;variant&quot;:&quot;standardLink&quot;,&quot;sponsored&quot;:false,&quot;linkHref&quot;:&quot;https:\/\/www.fr.de\/wissen\/arktisches-meereis-nach-der-atempause-folgt-ein-verstaerkter-rueckgang-93895478.html&quot;,&quot;storyElementPosition&quot;:8,&quot;storyElementCount&quot;:22}}\" target=\"_blank\" rel=\"noopener\">Das Schmelzen von Eis in der Arktis<\/a> sorgt daf\u00fcr, dass Europa k\u00fcnftig noch hei\u00dfere Sommer erleben k\u00f6nnte. Genau das passiert derzeit in Gr\u00f6nland, wo die gigantischen Eismassen in Rekordtempo zur\u00fcckgehen. Normalerweise w\u00fcrde man erwarten, dass schmelzendes Eis Abk\u00fchlung bringt \u2013 doch die gigantischen Mengen an Schmelzwasser, die in den Nordatlantik str\u00f6men, st\u00f6ren dort die sensiblen Str\u00f6mungen und ver\u00e4ndern das Zusammenspiel von Ozean und Atmosph\u00e4re.<\/p>\n<p><img decoding=\"async\" class=\"id-RatioPlaceholder-element wv_story_el_image\" src=\"https:\/\/www.europesays.com\/de\/wp-content\/uploads\/2025\/08\/39477644-eine-flaeche-des-groenlaendischen-inlandeises-der-schmelzende-eisschild-groenlands-hat-den-.jpeg\" loading=\"lazy\"   height=\"619\" width=\"1100\" alt=\" Eine Fl&#xE4;che des gr&#xF6;nl&#xE4;ndischen Inlandeises. Der schmelzende Eisschild Gr&#xF6;nlands hat den weltweiten Meeresspiegel seit 1992 bereits um 10,6 Millimeter steigen lassen.\"\/>Gr\u00f6nlands Gletscher schmelzen dahin. Das k\u00f6nnte auch f\u00fcr Europa und Deutschland schwerwiegende Folgen haben.  \u00a9\u00a0picture alliance\/dpa\/University of Washington | Ian Joughin<\/p>\n<p class=\"id-StoryElement-paragraph\">Dieses Ungleichgewicht wirkt wie ein Verst\u00e4rker auf unser <a href=\"https:\/\/www.merkur.de\/wetter\/\" class=\"id-import-Link id-pageApi-Link--externalDomain\" title=\"Wetter\" data-id-ec=\"{&quot;sht&quot;:&quot;Container&quot;,&quot;shn&quot;:&quot;Story&quot;,&quot;p&quot;:{&quot;containerType&quot;:&quot;Paragraph&quot;,&quot;displayType&quot;:&quot;Paragraph InlineLink&quot;,&quot;type&quot;:&quot;INLINE_LINK&quot;,&quot;value&quot;:&quot;Wetter&quot;,&quot;variant&quot;:&quot;standardLink&quot;,&quot;sponsored&quot;:false,&quot;linkHref&quot;:&quot;https:\/\/www.merkur.de\/wetter\/&quot;,&quot;storyElementPosition&quot;:11,&quot;storyElementCount&quot;:22}}\" target=\"_blank\" rel=\"noopener\">Wetter<\/a>. Das Resultat: stabile Hochdrucklagen \u00fcber Europa, die nicht nur die <a href=\"https:\/\/www.fr.de\/wissen\/sonne-stern-sonnensystem-lebensspender-zentrum-erde-energie-92554919.html\" class=\"id-import-Link\" data-id-ec=\"{&quot;sht&quot;:&quot;Container&quot;,&quot;shn&quot;:&quot;Story&quot;,&quot;p&quot;:{&quot;containerType&quot;:&quot;Paragraph&quot;,&quot;displayType&quot;:&quot;Paragraph InlineLink&quot;,&quot;type&quot;:&quot;INLINE_LINK&quot;,&quot;value&quot;:&quot;Sonne&quot;,&quot;variant&quot;:&quot;standardLink&quot;,&quot;sponsored&quot;:false,&quot;linkHref&quot;:&quot;https:\/\/www.fr.de\/wissen\/sonne-stern-sonnensystem-lebensspender-zentrum-erde-energie-92554919.html&quot;,&quot;storyElementPosition&quot;:11,&quot;storyElementCount&quot;:22}}\" target=\"_blank\" rel=\"noopener\">Sonne<\/a> festnageln, sondern auch Regen blockieren und so f\u00fcr trockene, flirrende Hitze sorgen.<\/p>\n<p>Wenn Schmelzwasser Hitze bringt: Sommer 2025 als Vorgeschmack<\/p>\n<p class=\"id-StoryElement-paragraph\"><a href=\"https:\/\/www.fr.de\/panorama\/sind-sommer-2025-unter-den-top-der-waermsten-seit-1881-warum-18-grad-ein-extremer-wert-zr-93842931.html\" class=\"id-import-Link\" data-id-ec=\"{&quot;sht&quot;:&quot;Container&quot;,&quot;shn&quot;:&quot;Story&quot;,&quot;p&quot;:{&quot;containerType&quot;:&quot;Paragraph&quot;,&quot;displayType&quot;:&quot;Paragraph InlineLink&quot;,&quot;type&quot;:&quot;INLINE_LINK&quot;,&quot;value&quot;:&quot;Der aktuelle Sommer liefert bereits einen Vorgeschmack&quot;,&quot;variant&quot;:&quot;standardLink&quot;,&quot;sponsored&quot;:false,&quot;linkHref&quot;:&quot;https:\/\/www.fr.de\/panorama\/sind-sommer-2025-unter-den-top-der-waermsten-seit-1881-warum-18-grad-ein-extremer-wert-zr-93842931.html&quot;,&quot;storyElementPosition&quot;:14,&quot;storyElementCount&quot;:22}}\" target=\"_blank\" rel=\"noopener\">Der aktuelle Sommer liefert bereits einen Vorgeschmack<\/a> auf das, was uns bevorstehen k\u00f6nnte. Er f\u00e4llt deutlich w\u00e4rmer, trockener und sonniger aus als \u00fcblich und ist damit alles andere als ein Reinfall. Gleichzeitig leidet die Natur aktuell im August unter fehlendem Regen: B\u00f6den trocknen aus, Fl\u00fcsse f\u00fchren schon wieder Niedrigwasser, die Landwirtschaft k\u00e4mpft mit der erneuten Trockenheit.<\/p>\n<p class=\"id-StoryElement-paragraph\">Wo es doch einmal zu Gewittern kommt, fallen sie oft extrem aus, weil die aufgeheizte Atmosph\u00e4re gewaltige Energiemengen speichert. Das Muster ist eindeutig: l\u00e4ngere Hitzeperioden, kaum Abk\u00fchlung, dazwischen punktuelle Extremereignisse.<\/p>\n<p>Tornados, W\u00fcstenst\u00fcrme, Zyklone: Wetterph\u00e4nomene, die Sie kennen sollten<img decoding=\"async\" class=\"id-RatioPlaceholder-element wv_story_el_interstitialImage\" src=\"https:\/\/www.europesays.com\/de\/wp-content\/uploads\/2025\/04\/31951848-apolarlichter-auch-als-aurora-borealis-nordlicht-oder-aurora-australis-suedlicht-bekannt-si.jpeg\" loading=\"lazy\"   height=\"3999\" width=\"6000\" alt=\"Polarlichter, auch als Aurora Borealis (Nordlicht) oder Aurora Australis (S&#xFC;dlicht) im Bundesstaat New York.\"\/><a href=\"https:\/\/www.fr.de\/panorama\/zyklone-tornados-wuestenstuerme-wetterphaenomene-die-kennen-sollten-zr-92326194.html\" class=\"id-StoryElement-intestitialLink-link\" data-id-ec=\"{\" shn=\"\" ansehen=\"\" data-k5a-pos=\"west_story_16_photoGalleryLink\" title=\"Zur Fotostrecke: Tornados, W&#xFC;stenst&#xFC;rme, Zyklone: Wetterph&#xE4;nomene, die Sie kennen sollten\" target=\"_blank\" rel=\"noopener\">Fotostrecke ansehen<\/a>Ein hei\u00dfes Jahrzehnt steht uns bevor <\/p>\n<p class=\"id-StoryElement-paragraph\">Die Wissenschaft deutet darauf hin, dass dieser Sommer keine Ausnahme bleibt, sondern ein m\u00f6gliches neues Normal einl\u00e4utet. Durch den massiven Schmelzwasser-Eintrag in den Nordatlantik verschieben sich Drucksysteme so, dass Europa immer h\u00e4ufiger von stabilen Hochs beherrscht wird. Das hei\u00dft: hei\u00dfe Tage, trockene Wochen und Sonnenschein satt \u2013 nicht nur in diesem Jahr, sondern wom\u00f6glich \u00fcber viele Sommer hinweg. <\/p>\n<p>wetter.net\u00a0&#8211; das Wetter auf den Punkt gebracht!<\/p>\n<p class=\"id-StoryElement-factBox-paragraph\">Dieser Artikel entstand in einer Content-Partnerschaft mit <a href=\"https:\/\/www.wetter.net\/\" target=\"_blank\" class=\"id-import-Link id-pageApi-Link--externalDomain\" data-id-ec=\"{&quot;sht&quot;:&quot;Container&quot;,&quot;shn&quot;:&quot;Story&quot;,&quot;p&quot;:{&quot;containerType&quot;:&quot;FactBox&quot;,&quot;displayType&quot;:&quot;FactBox InlineLink&quot;,&quot;type&quot;:&quot;INLINE_LINK&quot;,&quot;value&quot;:&quot;wetter.net&quot;,&quot;variant&quot;:&quot;standardLink&quot;,&quot;sponsored&quot;:false,&quot;linkHref&quot;:&quot;https:\/\/www.wetter.net\/&quot;,&quot;storyElementPosition&quot;:21,&quot;storyElementCount&quot;:22}}\" rel=\"noopener\">wetter.net<\/a>. wetter.net\u00a0bietet Ihnen alles Wissenswerte rund um Wetter und Klima. Auf unseren Seiten finden Sie weltweite Stadt- und Ortsprognosen f\u00fcr die n\u00e4chsten 14 Tage und das f\u00fcr die ersten 7 Tage in 1-st\u00fcndiger und f\u00fcr die nachfolgenden Tage in 3-st\u00fcndiger zeitlicher Aufl\u00f6sung. Wettervorhersagen, Niederschlagsradar, Messwerte, Wetterwarnungen, Deutschlandwetter und Wetter-News informieren \u00fcber die aktuelle Entwicklung sowie die kommenden Stunden und Tage.<\/p>\n<p class=\"id-StoryElement-paragraph\">Was f\u00fcr Urlauber traumhaft klingt, birgt enorme Herausforderungen: Energieversorgung, St\u00e4dtebau und Landwirtschaft stehen vor einer Anpassung an eine Zukunft, in der<a href=\"https:\/\/www.fr.de\/ratgeber\/gesundheit\/unterschaetzte-gefahr-was-hitze-mit-dem-koerper-macht-zr-93841127.html\" class=\"id-import-Link\" data-id-ec=\"{&quot;sht&quot;:&quot;Container&quot;,&quot;shn&quot;:&quot;Story&quot;,&quot;p&quot;:{&quot;containerType&quot;:&quot;Paragraph&quot;,&quot;displayType&quot;:&quot;Paragraph InlineLink&quot;,&quot;type&quot;:&quot;INLINE_LINK&quot;,&quot;value&quot;:&quot; Hitzewellen und Trockenheit zum Dauerzustand werden k&#xF6;nnten&quot;,&quot;variant&quot;:&quot;standardLink&quot;,&quot;sponsored&quot;:false,&quot;linkHref&quot;:&quot;https:\/\/www.fr.de\/ratgeber\/gesundheit\/unterschaetzte-gefahr-was-hitze-mit-dem-koerper-macht-zr-93841127.html&quot;,&quot;storyElementPosition&quot;:22,&quot;storyElementCount&quot;:22}}\" target=\"_blank\" rel=\"noopener\"> Hitzewellen und Trockenheit zum Dauerzustand werden k\u00f6nnten<\/a>. Der paradox wirkende Effekt des schmelzenden Eises k\u00f6nnte so zum Motor f\u00fcr die hei\u00dfesten Sommer unseres Lebens werden.<\/p>\n","protected":false},"excerpt":{"rendered":"Startseite Wissen Stand: 29.08.2025, 04:52 Uhr Von: Dominik Jung DruckenTeilen Gr\u00f6nlands Schmelzwasser ver\u00e4ndert unser Wetter \u2013 und k\u00f6nnte&hellip;\n","protected":false},"author":2,"featured_media":380999,"comment_status":"","ping_status":"","sticky":false,"template":"","format":"standard","meta":{"footnotes":""},"categories":[3933],"tags":[331,332,548,663,158,3934,3935,13,14,15,12],"class_list":{"0":"post-380998","1":"post","2":"type-post","3":"status-publish","4":"format-standard","5":"has-post-thumbnail","7":"category-eu","8":"tag-aktuelle-nachrichten","9":"tag-aktuelle-news","10":"tag-eu","11":"tag-europa","12":"tag-europaeische-union","13":"tag-europe","14":"tag-european-union","15":"tag-headlines","16":"tag-nachrichten","17":"tag-news","18":"tag-schlagzeilen"},"share_on_mastodon":{"url":"https:\/\/pubeurope.com\/@de\/115109851676680843","error":""},"_links":{"self":[{"href":"https:\/\/www.europesays.com\/de\/wp-json\/wp\/v2\/posts\/380998","targetHints":{"allow":["GET"]}}],"collection":[{"href":"https:\/\/www.europesays.com\/de\/wp-json\/wp\/v2\/posts"}],"about":[{"href":"https:\/\/www.europesays.com\/de\/wp-json\/wp\/v2\/types\/post"}],"author":[{"embeddable":true,"href":"https:\/\/www.europesays.com\/de\/wp-json\/wp\/v2\/users\/2"}],"replies":[{"embeddable":true,"href":"https:\/\/www.europesays.com\/de\/wp-json\/wp\/v2\/comments?post=380998"}],"version-history":[{"count":0,"href":"https:\/\/www.europesays.com\/de\/wp-json\/wp\/v2\/posts\/380998\/revisions"}],"wp:featuredmedia":[{"embeddable":true,"href":"https:\/\/www.europesays.com\/de\/wp-json\/wp\/v2\/media\/380999"}],"wp:attachment":[{"href":"https:\/\/www.europesays.com\/de\/wp-json\/wp\/v2\/media?parent=380998"}],"wp:term":[{"taxonomy":"category","embeddable":true,"href":"https:\/\/www.europesays.com\/de\/wp-json\/wp\/v2\/categories?post=380998"},{"taxonomy":"post_tag","embeddable":true,"href":"https:\/\/www.europesays.com\/de\/wp-json\/wp\/v2\/tags?post=380998"}],"curies":[{"name":"wp","href":"https:\/\/api.w.org\/{rel}","templated":true}]}}