{"id":381062,"date":"2025-08-29T03:43:11","date_gmt":"2025-08-29T03:43:11","guid":{"rendered":"https:\/\/www.europesays.com\/de\/381062\/"},"modified":"2025-08-29T03:43:11","modified_gmt":"2025-08-29T03:43:11","slug":"technoparade-zug-der-liebe-mit-baessen-durch-berlin","status":"publish","type":"post","link":"https:\/\/www.europesays.com\/de\/381062\/","title":{"rendered":"Technoparade \u00abZug der Liebe\u00bb mit B\u00e4ssen durch Berlin"},"content":{"rendered":"<p>            <a href=\"https:\/\/www.europesays.com\/de\/wp-content\/uploads\/2025\/08\/knlvqgashp-v8-ax-s2048.jpeg\" data-caption=\"Technoparade \u00abZug der Liebe\u00bb f\u00fchrt am Samstag durch Berlin. (Archivbild) Foto: Fabian Sommer\/dpa\"><img loading=\"lazy\" decoding=\"async\" width=\"1200\" height=\"799\" class=\"entry-thumb td-modal-image\" src=\"data:image\/svg+xml,%3Csvg%20xmlns=\" http:=\"\" data-lazy- data-lazy- alt=\"Technoparade \u00abZug der Liebe\u00bb f\u00fchrt am Samstag durch Berlin. (Archivbild)\" title=\"Technoparade &quot;Zug der Liebe&quot;\" data-lazy-src=\"https:\/\/www.europesays.com\/de\/wp-content\/uploads\/2025\/08\/knlvqgashp-v8-ax-s2048.jpeg\"\/><\/a>Technoparade \u00abZug der Liebe\u00bb f\u00fchrt am Samstag durch Berlin. (Archivbild) Foto: Fabian Sommer\/dpa<\/p>\n<p>Berlin (dpa\/bb) \u2013 Die Techno-Parade \u00abZug der Liebe\u00bb zieht an diesem Samstag erneut durch die Berliner Innenstadt. Es ist der zehnte Umzug, teilten die Veranstalter mit. 15 Musik-Trucks w\u00fcrden an den Start gehen. Die Teilnehmer m\u00f6chten ein politisches Zeichen setzen f\u00fcr Toleranz, Vielfalt und Solidarit\u00e4t und keine Gro\u00dfveranstaltung sein. Das Motto lautet: \u00abB\u00e4sse verbinden\u00bb.<\/p>\n<p>Start der Parade mit lauten B\u00e4ssen und elektronischer Musik ist der Mauerpark, das Ziel die Oranienstra\u00dfe in Kreuzberg. Im vergangenen Jahr waren etwas weniger Teilnehmer als erwartet dabei. Die Polizei sprach von rund 7.500 Menschen, angemeldet waren 20.000.<\/p>\n","protected":false},"excerpt":{"rendered":"Technoparade \u00abZug der Liebe\u00bb f\u00fchrt am Samstag durch Berlin. (Archivbild) Foto: Fabian Sommer\/dpa Berlin (dpa\/bb) \u2013 Die Techno-Parade&hellip;\n","protected":false},"author":2,"featured_media":381063,"comment_status":"","ping_status":"","sticky":false,"template":"","format":"standard","meta":{"footnotes":""},"categories":[1825],"tags":[1941,1939,296,1937,29,30,1940,1938],"class_list":{"0":"post-381062","1":"post","2":"type-post","3":"status-publish","4":"format-standard","5":"has-post-thumbnail","7":"category-berlin","8":"tag-aktuelle-nachrichten-aus-berlin","9":"tag-aktuelle-news-aus-berlin","10":"tag-berlin","11":"tag-berlin-news","12":"tag-deutschland","13":"tag-germany","14":"tag-nachrichten-aus-berlin","15":"tag-news-aus-berlin"},"share_on_mastodon":{"url":"https:\/\/pubeurope.com\/@de\/115109993159057156","error":""},"_links":{"self":[{"href":"https:\/\/www.europesays.com\/de\/wp-json\/wp\/v2\/posts\/381062","targetHints":{"allow":["GET"]}}],"collection":[{"href":"https:\/\/www.europesays.com\/de\/wp-json\/wp\/v2\/posts"}],"about":[{"href":"https:\/\/www.europesays.com\/de\/wp-json\/wp\/v2\/types\/post"}],"author":[{"embeddable":true,"href":"https:\/\/www.europesays.com\/de\/wp-json\/wp\/v2\/users\/2"}],"replies":[{"embeddable":true,"href":"https:\/\/www.europesays.com\/de\/wp-json\/wp\/v2\/comments?post=381062"}],"version-history":[{"count":0,"href":"https:\/\/www.europesays.com\/de\/wp-json\/wp\/v2\/posts\/381062\/revisions"}],"wp:featuredmedia":[{"embeddable":true,"href":"https:\/\/www.europesays.com\/de\/wp-json\/wp\/v2\/media\/381063"}],"wp:attachment":[{"href":"https:\/\/www.europesays.com\/de\/wp-json\/wp\/v2\/media?parent=381062"}],"wp:term":[{"taxonomy":"category","embeddable":true,"href":"https:\/\/www.europesays.com\/de\/wp-json\/wp\/v2\/categories?post=381062"},{"taxonomy":"post_tag","embeddable":true,"href":"https:\/\/www.europesays.com\/de\/wp-json\/wp\/v2\/tags?post=381062"}],"curies":[{"name":"wp","href":"https:\/\/api.w.org\/{rel}","templated":true}]}}