{"id":381100,"date":"2025-08-29T04:03:17","date_gmt":"2025-08-29T04:03:17","guid":{"rendered":"https:\/\/www.europesays.com\/de\/381100\/"},"modified":"2025-08-29T04:03:17","modified_gmt":"2025-08-29T04:03:17","slug":"cyberagentur-in-halle-saale-feiert-5-geburtstag","status":"publish","type":"post","link":"https:\/\/www.europesays.com\/de\/381100\/","title":{"rendered":"Cyberagentur in Halle (Saale) feiert 5. Geburtstag"},"content":{"rendered":"<p>\t\t\t\t<a href=\"https:\/\/www.hallelife.de\/wp-content\/uploads\/2025\/08\/Cyberagentur-Geburtstag-2025-034.jpg\" rel=\"nofollow noopener\" target=\"_blank\"><br \/>\n\t\t\t<img alt=\"Cyberagentur in Halle (Saale) feiert 5. Geburtstag\" src=\"https:\/\/www.europesays.com\/de\/wp-content\/uploads\/2025\/08\/Cyberagentur-Geburtstag-2025-034-1440x564_c.jpg\" decoding=\"async\" class=\"lazyload\" data-eio-rwidth=\"1440\" data-eio-rheight=\"564\"\/>\t\t<\/a><\/p>\n<p>\n\t\t\t Ministerpr\u00e4sident Dr. Reiner Haseloff gratulierte gemeinsam mit Vertreterinnen und Vertretern aus Bundesministerien und Partnerinstitutionen zum 5-j\u00e4hrigen Jubil\u00e4um der Cyberagentur. Foto: Nancy Glor\/Cyberagentur\t\t<\/p>\n<p>\t\t\t\t&#13;<br \/>\n\t\t\t\t\t\t\t&#13;<br \/>\n\t\t\t\t\tvon <a href=\"https:\/\/www.hallelife.de\/author\/sm\/\" title=\"Beitr\u00e4ge von sm\" rel=\"author nofollow noopener\" target=\"_blank\">sm<\/a>\t\t\t\t&#13;<br \/>\n\t\t\t\t\t\t\t\t\t\t<a href=\"https:\/\/www.hallelife.de\/2025\/08\/\" rel=\"nofollow noopener\" target=\"_blank\">28. August 2025<\/a>&#13;<\/p>\n<p class=\"caps\"><strong>F\u00fcnf Jahre Innovation f\u00fcr Deutschlands digitale Sicherheit <\/strong><strong>\u2013 Politik, Wissenschaft und Wirtschaft w\u00fcrdigen Erfolge<\/strong><\/p>\n<p>\u00a0<\/p>\n<p><strong>Die Agentur f\u00fcr Innovation in der Cybersicherheit GmbH (Cyberagentur) hat am 28. August 2025 in Halle (Saale) ihr f\u00fcnfj\u00e4hriges Bestehen gefeiert. Mit einem R\u00fcckblick auf f\u00fcnf Jahre Forschungsarbeit, politischen Gru\u00dfworten und der feierlichen Preisverleihung des Ideenwettbewerbs HAL2025 wurde das Jubil\u00e4um zu einem Zeichen f\u00fcr Deutschlands digitale Souver\u00e4nit\u00e4t von \u00fcbermorgen.<\/strong><\/p>\n<p>\u00a0<\/p>\n<p>Mit einer festlichen Veranstaltung beging die Cyberagentur ihren 5. Geburtstag. Zahlreiche G\u00e4ste aus Politik, Wissenschaft und Wirtschaft w\u00fcrdigten die Rolle der Cyberagentur als Motor f\u00fcr disruptive Forschung in Deutschland.<\/p>\n<p>Die Cyberagentur wurde 2020 als Inhouse-Gesellschaft des Bundes unter gemeinsamer Verantwortung des Verteidigungs- und des Innenministeriums gegr\u00fcndet. Ihr Auftrag ist es, besonders risikoreiche, aber potenziell hochdisruptive Forschungsprojekte im Bereich der Cybersicherheit zu finanzieren. Heute ist sie Teil der Nationalen Sicherheitsstrategie und eine zentrale Plattform f\u00fcr innovative Sicherheitsforschung.<\/p>\n<p>Forschungsdirektor Prof. Dr. Christian Hummert erinnerte in seiner Ansprache an die Entwicklung der vergangenen Jahre: von den ersten Forschungsprogrammen bis hin zu einer Agentur mit \u00fcber 100 Mitarbeitenden und einem klaren strategischen Ausbaukonzept. Er betonte, dass Resilienz allein nicht ausreiche, sondern dass k\u00fcnftig die Vigilanz \u2013 verstanden als proaktive Wachsamkeit \u2013 im Zentrum der Forschungsfinanzierung stehe. \u201eDie Cyberagentur wird verst\u00e4rkt Projekte finanzieren, die Angriffe abwehren, bevor sie uns erreichen \u2013 von klassischen Cyberattacken bis hin zu Desinformation und Propaganda\u201c, erkl\u00e4rte Professor Christian Hummert.<\/p>\n<p>Die neue kaufm\u00e4nnische Gesch\u00e4ftsf\u00fchrerin Bettina Bubnys hob in ihrem Beitrag den besonderen Teamgeist hervor, der die Agenturkultur pr\u00e4gt: Motivation und Innovationskraft der Mitarbeitenden seien die Grundlage, auf der die Agentur in den kommenden Jahren weiter wachsen werde.<\/p>\n<p>Im Anschluss wandten sich die politischen Gratulanten an die G\u00e4ste. Ein besonderer Wegbegleiter von Beginn an war der Ministerpr\u00e4sident des Landes Sachsen-Anhalt, Dr. Reiner Haseloff, der die Bedeutung der Cyberagentur f\u00fcr den Forschungs- und Innovationsstandort Halle hervorhob, und in seinem Gru\u00dfwort weiter sagte: \u201eMit der Gr\u00fcndung der Cyberagentur wurde ein wichtiger Akzent von Modernit\u00e4t und Innovation gesetzt, der das gemeinsame Engagement von Bund und Land in dieser Region des Strukturwandels deutlich unterstreicht. Die Frage der Cybersicherheit ist f\u00fcr die Zukunft unseres Landes von gr\u00f6\u00dfter Bedeutung. Auch darum ist es wichtig, die Zusammenarbeit zwischen der Cyberagentur und landeseigenen Forschungseinrichtungen weiter auszubauen und zu verst\u00e4rken.\u201c<\/p>\n<p>Zudem brachten Friederike Dahns, Abteilungsleiterin im Bundesministerium des Innern, sowie Dr. Jan St\u00f6\u00df, Staatssekret\u00e4r im Bundesministerium der Verteidigung [oder General Michael Vetter, Abteilungsleiter im BMVg], die Anerkennung ihrer H\u00e4user zum Ausdruck. Sie hoben die Expertise hervor, die sich die Cyberagentur in den vergangenen Jahren erarbeitet habe, und unterstrichen, dass sie eindrucksvoll zeige, wie sich mit innovativen Ans\u00e4tzen disruptive Forschung in Deutschland finanzieren l\u00e4sst.<\/p>\n<p>\u00a0<\/p>\n<p><a href=\"https:\/\/www.europesays.com\/de\/wp-content\/uploads\/2025\/08\/Cyberagentur-Geburtstag-2025-016.jpg\"><img loading=\"lazy\" decoding=\"async\" aria-describedby=\"caption-attachment-224004\" class=\"wp-image-224004 size-full lazyload\" alt=\"\" width=\"1200\" height=\"800\" src=\"https:\/\/www.europesays.com\/de\/wp-content\/uploads\/2025\/08\/Cyberagentur-Geburtstag-2025-016.jpg\"  data- data-eio-rwidth=\"1200\" data-eio-rheight=\"800\"\/><\/a><\/p>\n<p id=\"caption-attachment-224004\" class=\"wp-caption-text\">Ministerpr\u00e4sident Dr. Reiner Haseloff gratulierte den Gewinnern des Ideenwettbewerbs HAL2025 in Halle (Saale). Foto: Nancy Glor\/Cyberagentur<\/p>\n<p>\u00a0<\/p>\n<p>Den feierlichen H\u00f6hepunkt bildete die Preisverleihung des Ideenwettbewerbs HAL2025 zum Thema \u201eAutonome Systeme im Schwarm\u201c. Ministerpr\u00e4sident Dr. Reiner Haseloff \u00fcberreichte gemeinsam mit der Projektleiterin Dr. Eva-Maria Heinke die Preise an die Gewinner. Mit seinem seinen Ansatz \u201eRaumdeuter: Robuste Kommunikation und Lokalisierung im heterogenen Schwarm\u201c konnte Prof. Dr.-Ing. Heiko Hamann die Grandjury \u00fcberzeugen und erreichte den ersten Platz sowie eine Siegerpr\u00e4mie von 100.000 Euro. Den zweiten Platz sicherte sich Martin Matt mit \u201eA.P.E.X. \u2013 Autonomer Perimeter Erkundungs-Kodex\u201c. \u00dcber Platz drei freute sich das Team AutoDrone des Fraunhofer IFF mit der Idee \u201eSENSO \u2013 Schwarmintelligentes Sensortr\u00e4gersystem f\u00fcr die cybersichere Gef\u00e4hrdungsbeurteilung von Gro\u00dfveranstaltungen im \u00f6ffentlichen Raum bei Gefahr durch CBRNE\u201c. Symboltr\u00e4chtig erfolgte die \u00dcbergabe der Umschl\u00e4ge durch drei autonome Robotersysteme, die die Siegernachrichten direkt auf die B\u00fchne brachten.<\/p>\n<p>Zum Abschluss der Jubil\u00e4umsfeier richtete Forschungsdirektor Prof. Dr. Christian Hummert den Blick noch einmal nach vorn. Die Cyberagentur, so betonte er, werde k\u00fcnftig nicht nur Innovationstr\u00e4ger, sondern auch Ratgeber f\u00fcr Politik und Gesellschaft sein. Mit dem Anspruch, disruptive Forschung zu finanzieren, wolle sie noch st\u00e4rker zur Vision einer sicheren digitalen Souver\u00e4nit\u00e4t Deutschlands beitragen \u2013 nicht nur f\u00fcr die Herausforderungen von heute, sondern ebenso f\u00fcr die von morgen und \u00fcbermorgen.<\/p>\n<p>\u00a0<\/p>\n<p>Weitere Informationen:\u00a0<a href=\"http:\/\/link.mediaoutreach.meltwater.com\/ls\/click?upn=u001.k8eQjby8ipf6hdSqdPQXigvVaUDKVHmiJAssfshi-2BbH2Xmu7zzlvMw3fFH7BieP5bQz8_4jONtdJ4LK-2FbrRpX1xmCwCgANBDHO6X8cwk5dczO4Elc3h16PA0b3Lj3r0DRiWd8DEKuNM0iCl7O4Vibq-2F2QsOEddjoio4biLwFsSdnt5bxYlCtEERvq6AnntTOWdRr9xFAM20b-2BMCNQcEp5-2FcQyHubsGOWweI6gPbi6X3GXFhKs4DpeqWZan1bLdx-2FH6CXTzPA1tZ-2BTZ8oFiGvk-2FQOm-2BsufQG827inMIzjXB-2FaDAufJyyXtRhaT1-2B6sqgR6jCFQUUX16PsDfsE0dGPdrsz6tb-2FwQGIgCGlDKJqULXrLMXcuW6FJ8IzgIg5aNoD3wgvtfuPD9sbT1xwgz-2FY0yD4geBG93fQI01tJ0kKqc-2FwC6-2F8og5kiiuDMqw3xVjnrr8wJ\" rel=\"nofollow noopener\" target=\"_blank\">https:\/\/www.cyberagentur.de\/<\/a><\/p>\n","protected":false},"excerpt":{"rendered":"Ministerpr\u00e4sident Dr. Reiner Haseloff gratulierte gemeinsam mit Vertreterinnen und Vertretern aus Bundesministerien und Partnerinstitutionen zum 5-j\u00e4hrigen Jubil\u00e4um der&hellip;\n","protected":false},"author":2,"featured_media":381101,"comment_status":"","ping_status":"","sticky":false,"template":"","format":"standard","meta":{"footnotes":""},"categories":[1860],"tags":[3364,29,548,663,3934,30,4062,17332,13,14,15,17331,860,12],"class_list":{"0":"post-381100","1":"post","2":"type-post","3":"status-publish","4":"format-standard","5":"has-post-thumbnail","7":"category-halle-saale","8":"tag-de","9":"tag-deutschland","10":"tag-eu","11":"tag-europa","12":"tag-europe","13":"tag-germany","14":"tag-halle","15":"tag-halle-saale","16":"tag-headlines","17":"tag-nachrichten","18":"tag-news","19":"tag-saale","20":"tag-sachsen-anhalt","21":"tag-schlagzeilen"},"share_on_mastodon":{"url":"https:\/\/pubeurope.com\/@de\/115110071801102540","error":""},"_links":{"self":[{"href":"https:\/\/www.europesays.com\/de\/wp-json\/wp\/v2\/posts\/381100","targetHints":{"allow":["GET"]}}],"collection":[{"href":"https:\/\/www.europesays.com\/de\/wp-json\/wp\/v2\/posts"}],"about":[{"href":"https:\/\/www.europesays.com\/de\/wp-json\/wp\/v2\/types\/post"}],"author":[{"embeddable":true,"href":"https:\/\/www.europesays.com\/de\/wp-json\/wp\/v2\/users\/2"}],"replies":[{"embeddable":true,"href":"https:\/\/www.europesays.com\/de\/wp-json\/wp\/v2\/comments?post=381100"}],"version-history":[{"count":0,"href":"https:\/\/www.europesays.com\/de\/wp-json\/wp\/v2\/posts\/381100\/revisions"}],"wp:featuredmedia":[{"embeddable":true,"href":"https:\/\/www.europesays.com\/de\/wp-json\/wp\/v2\/media\/381101"}],"wp:attachment":[{"href":"https:\/\/www.europesays.com\/de\/wp-json\/wp\/v2\/media?parent=381100"}],"wp:term":[{"taxonomy":"category","embeddable":true,"href":"https:\/\/www.europesays.com\/de\/wp-json\/wp\/v2\/categories?post=381100"},{"taxonomy":"post_tag","embeddable":true,"href":"https:\/\/www.europesays.com\/de\/wp-json\/wp\/v2\/tags?post=381100"}],"curies":[{"name":"wp","href":"https:\/\/api.w.org\/{rel}","templated":true}]}}