{"id":381113,"date":"2025-08-29T04:11:11","date_gmt":"2025-08-29T04:11:11","guid":{"rendered":"https:\/\/www.europesays.com\/de\/381113\/"},"modified":"2025-08-29T04:11:11","modified_gmt":"2025-08-29T04:11:11","slug":"warum-das-fuer-viele-ukrainer-so-schwierig-ist","status":"publish","type":"post","link":"https:\/\/www.europesays.com\/de\/381113\/","title":{"rendered":"Warum das f\u00fcr viele Ukrainer so schwierig ist"},"content":{"rendered":"<p class=\"mb-6 text-xs md:text-m lg:text-l font-serif group-[.font-sans]:font-sans \">\n    Vor \u00fcber dreieinhalb Jahren startete Russland seinen Angriffskrieg auf die <a href=\"https:\/\/www.augsburger-allgemeine.de\/schlagworte\/aa-ukraine-konflikt\" target=\"_self\" class=\"underline \" rel=\"nofollow noopener\">Ukraine<\/a>. Seither sind Millionen Menschen von dort ins Ausland geflohen. In Augsburg lebten laut B\u00fcrgeramt Ende 2024 rund 6.170 Menschen aus der Ukraine. <a href=\"https:\/\/www.augsburger-allgemeine.de\/augsburg\/drei-jahre-nach-kriegsausbruch-so-sind-ukrainer-in-augsburg-angekommen-106729551\" target=\"_self\" class=\"underline \" rel=\"nofollow noopener\">Die Zahl derer, die inzwischen einen Job ergriffen haben, steigt.<\/a> Doch die Arbeitsmigration der ukrainischen Kriegsfl\u00fcchtlinge steht immer wieder in der Kritik &#8211; auch, weil viele M\u00e4nner und Frauen von dort nach wie vor B\u00fcrgergeld erhalten. Der Sprung auf den Arbeitsmarkt gestaltet sich f\u00fcr sie aus verschiedenen Gr\u00fcnden noch immer schwierig, erkl\u00e4rt das Jobcenter. Auch Irina, 34 Jahre, bem\u00fchte sich lange um eine \u201egute Arbeit\u201c. Diese Woche hat sie endlich eine <a href=\"https:\/\/www.augsburger-allgemeine.de\/augsburg\/augsburg-eine-junge-ukrainerin-begeistert-beim-zumba-110423862\" target=\"_self\" class=\"underline \" rel=\"nofollow noopener\">Erfolgsmeldung erhalten.<\/a>\n  <\/p>\n<ul data-module-id=\"DragDropModule\" class=\"flex flex-wrap justify-start group-[.no-bookmarks]:hidden\">\n<li class=\"mb-3 mr-3\">\n    Miriam Zissler<\/p>\n<p>      Icon Haken im Kreis gesetzt<\/p>\n<p>      Icon Plus im Kreis<\/p>\n<\/li>\n<li class=\"mb-3 mr-3\">\n    Ukraine<\/p>\n<p>      Icon Haken im Kreis gesetzt<\/p>\n<p>      Icon Plus im Kreis<\/p>\n<\/li>\n<li class=\"mb-3 mr-3\">\n    Augsburg<\/p>\n<p>      Icon Haken im Kreis gesetzt<\/p>\n<p>      Icon Plus im Kreis<\/p>\n<\/li>\n<\/ul>\n","protected":false},"excerpt":{"rendered":"Vor \u00fcber dreieinhalb Jahren startete Russland seinen Angriffskrieg auf die Ukraine. Seither sind Millionen Menschen von dort ins&hellip;\n","protected":false},"author":2,"featured_media":381114,"comment_status":"","ping_status":"","sticky":false,"template":"","format":"standard","meta":{"footnotes":""},"categories":[1846],"tags":[680,772,3364,29,548,663,3934,30,13,14,15,12],"class_list":{"0":"post-381113","1":"post","2":"type-post","3":"status-publish","4":"format-standard","5":"has-post-thumbnail","7":"category-augsburg","8":"tag-augsburg","9":"tag-bayern","10":"tag-de","11":"tag-deutschland","12":"tag-eu","13":"tag-europa","14":"tag-europe","15":"tag-germany","16":"tag-headlines","17":"tag-nachrichten","18":"tag-news","19":"tag-schlagzeilen"},"share_on_mastodon":{"url":"https:\/\/pubeurope.com\/@de\/115110103191074976","error":""},"_links":{"self":[{"href":"https:\/\/www.europesays.com\/de\/wp-json\/wp\/v2\/posts\/381113","targetHints":{"allow":["GET"]}}],"collection":[{"href":"https:\/\/www.europesays.com\/de\/wp-json\/wp\/v2\/posts"}],"about":[{"href":"https:\/\/www.europesays.com\/de\/wp-json\/wp\/v2\/types\/post"}],"author":[{"embeddable":true,"href":"https:\/\/www.europesays.com\/de\/wp-json\/wp\/v2\/users\/2"}],"replies":[{"embeddable":true,"href":"https:\/\/www.europesays.com\/de\/wp-json\/wp\/v2\/comments?post=381113"}],"version-history":[{"count":0,"href":"https:\/\/www.europesays.com\/de\/wp-json\/wp\/v2\/posts\/381113\/revisions"}],"wp:featuredmedia":[{"embeddable":true,"href":"https:\/\/www.europesays.com\/de\/wp-json\/wp\/v2\/media\/381114"}],"wp:attachment":[{"href":"https:\/\/www.europesays.com\/de\/wp-json\/wp\/v2\/media?parent=381113"}],"wp:term":[{"taxonomy":"category","embeddable":true,"href":"https:\/\/www.europesays.com\/de\/wp-json\/wp\/v2\/categories?post=381113"},{"taxonomy":"post_tag","embeddable":true,"href":"https:\/\/www.europesays.com\/de\/wp-json\/wp\/v2\/tags?post=381113"}],"curies":[{"name":"wp","href":"https:\/\/api.w.org\/{rel}","templated":true}]}}