{"id":381156,"date":"2025-08-29T04:34:18","date_gmt":"2025-08-29T04:34:18","guid":{"rendered":"https:\/\/www.europesays.com\/de\/381156\/"},"modified":"2025-08-29T04:34:18","modified_gmt":"2025-08-29T04:34:18","slug":"rueckschlag-bei-bonner-seilbahn-dhl-lehnt-pfeiler-ab","status":"publish","type":"post","link":"https:\/\/www.europesays.com\/de\/381156\/","title":{"rendered":"R\u00fcckschlag bei Bonner Seilbahn: DHL lehnt Pfeiler ab"},"content":{"rendered":"<p class=\"small date article__date\">Ver\u00f6ffentlicht:\u00a0Freitag, 29.08.2025 05:18<\/p>\n<p>Das Riesenprojekt Bonner Seilbahn muss einen neuen R\u00fcckschlag einstecken. Die DHL Group lehnt es ab, dass auf ihrem Gel\u00e4nde Pfeiler f\u00fcr die Bahn gebaut werden.<\/p>\n<p><img decoding=\"async\" alt=\"\" src=\"https:\/\/www.europesays.com\/de\/wp-content\/uploads\/2025\/08\/seilbahn_bonn.png&#038;crop=0x75x1200x750&#038;resize=1200x750&#038;dt=202404271101130.png\" data-size=\"1200x750\"\/>\u00a9 Uta Linnert, Montage: Marcus Gloger<\/p>\n<p>Das best\u00e4tigt eine Sprecherin auf RBRS-Anfrage. Es geht um zwei Pfeiler auf dem Areal rund um den Posttower. Das habe man der Stadt am 28. M\u00e4rz mitgeteilt, so eine DHL-Sprecherin. Auf eine Antwort warte man noch immer.<\/p>\n<p>Nicht der erste R\u00fcckschlag<\/p>\n<p>Die Stadt ist aktuell auf der Suche nach einem Seilbahn-Hersteller. Erst dann k\u00f6nnen die endg\u00fcltige Route und damit auch die Positionen f\u00fcr die insgesamt 34 St\u00fctzpfeiler festgelegt werden. Erst vergangenen Monat musste die Endhaltestelle an der Beueler Rheinseite umgeplant werden, weil eine Sicherheitsbeh\u00f6rde nicht wollte, dass Gondeln \u00fcber ihr Dach fahren. <\/p>\n","protected":false},"excerpt":{"rendered":"Ver\u00f6ffentlicht:\u00a0Freitag, 29.08.2025 05:18 Das Riesenprojekt Bonner Seilbahn muss einen neuen R\u00fcckschlag einstecken. Die DHL Group lehnt es ab,&hellip;\n","protected":false},"author":2,"featured_media":181531,"comment_status":"","ping_status":"","sticky":false,"template":"","format":"standard","meta":{"footnotes":""},"categories":[1842],"tags":[1741,3364,29,10076,30,1209,27632],"class_list":{"0":"post-381156","1":"post","2":"type-post","3":"status-publish","4":"format-standard","5":"has-post-thumbnail","7":"category-bonn","8":"tag-bonn","9":"tag-de","10":"tag-deutschland","11":"tag-dhl","12":"tag-germany","13":"tag-nordrhein-westfalen","14":"tag-seilbahn"},"share_on_mastodon":{"url":"https:\/\/pubeurope.com\/@de\/115110193696583464","error":""},"_links":{"self":[{"href":"https:\/\/www.europesays.com\/de\/wp-json\/wp\/v2\/posts\/381156","targetHints":{"allow":["GET"]}}],"collection":[{"href":"https:\/\/www.europesays.com\/de\/wp-json\/wp\/v2\/posts"}],"about":[{"href":"https:\/\/www.europesays.com\/de\/wp-json\/wp\/v2\/types\/post"}],"author":[{"embeddable":true,"href":"https:\/\/www.europesays.com\/de\/wp-json\/wp\/v2\/users\/2"}],"replies":[{"embeddable":true,"href":"https:\/\/www.europesays.com\/de\/wp-json\/wp\/v2\/comments?post=381156"}],"version-history":[{"count":0,"href":"https:\/\/www.europesays.com\/de\/wp-json\/wp\/v2\/posts\/381156\/revisions"}],"wp:featuredmedia":[{"embeddable":true,"href":"https:\/\/www.europesays.com\/de\/wp-json\/wp\/v2\/media\/181531"}],"wp:attachment":[{"href":"https:\/\/www.europesays.com\/de\/wp-json\/wp\/v2\/media?parent=381156"}],"wp:term":[{"taxonomy":"category","embeddable":true,"href":"https:\/\/www.europesays.com\/de\/wp-json\/wp\/v2\/categories?post=381156"},{"taxonomy":"post_tag","embeddable":true,"href":"https:\/\/www.europesays.com\/de\/wp-json\/wp\/v2\/tags?post=381156"}],"curies":[{"name":"wp","href":"https:\/\/api.w.org\/{rel}","templated":true}]}}