{"id":381157,"date":"2025-08-29T04:35:09","date_gmt":"2025-08-29T04:35:09","guid":{"rendered":"https:\/\/www.europesays.com\/de\/381157\/"},"modified":"2025-08-29T04:35:09","modified_gmt":"2025-08-29T04:35:09","slug":"cdu-trauert-um-ehemaligen-parteivorsitzenden-und-ratsherrn-joachim-fenger","status":"publish","type":"post","link":"https:\/\/www.europesays.com\/de\/381157\/","title":{"rendered":"CDU trauert um ehemaligen Parteivorsitzenden und Ratsherrn Joachim Fenger"},"content":{"rendered":"<p class=\"text_ohne_einzug richtext text-em-55 !leading-serif mx-6 desktop:mx-0\">  Die <a href=\"https:\/\/rp-online.de\/thema\/cdu\/\" target=\"_blank\" rel=\"noopener\">CDU<\/a> <a href=\"https:\/\/rp-online.de\/thema\/moers\/\" target=\"_blank\" rel=\"noopener\">Moers<\/a> trauert um ihren ehemaligen Parteivorsitzenden und langj\u00e4hrigen Ratsherrn Joachim Fenger. Er verstarb im Alter von 73 Jahren. Das hat die Partei jetzt mitgeteilt.<\/p>\n<p class=\"richtext text-em-55 !leading-serif mx-6 desktop:mx-0\">Schon fr\u00fch, hei\u00dft es, sei Fenger der Jungen Union beigetreten und habe dort f\u00fcr einen Mitgliederboom gesorgt. Die Freundschaft und der Austausch mit der Jungen Union Neustadt an der Weinstra\u00dfe seien bis heute legend\u00e4r.<\/p>\n<p class=\"richtext text-em-55 !leading-serif mx-6 desktop:mx-0\">Nachdem er beruflich \u00fcber viele Jahre stark eingebunden war, engagierte sich Fenger wieder verst\u00e4rkt in seiner Heimatstadt Moers. Vom 1. Oktober 2004 bis zu seinem Tod war er Ratsmitglied der Stadt Moers. Er leitete den Rechnungspr\u00fcfungsausschuss von 2014 bis 2020 und war zuletzt Vorsitzender des Sportausschusses seit dem 18. Mai 2022.<\/p>\n<p class=\"richtext text-em-55 !leading-serif mx-6 desktop:mx-0\">F\u00fcr sein langj\u00e4hriges kommunalpolitisches Engagement wurde ihm im Januar 2017 der Ehrenring der Stadt Moers verliehen. Parallel zu seinem politischen Wirken war Fenger ein leidenschaftlicher Musiker und dem <a href=\"https:\/\/rp-online.de\/thema\/karneval\/\" target=\"_blank\" rel=\"noopener\">Karneval<\/a> besonders verbunden. Zudem war er lange Jahre Gesch\u00e4ftsf\u00fchrer des Kulturausschusses Grafschafter Karneval.<\/p>\n<p class=\"richtext text-em-55 !leading-serif mx-6 desktop:mx-0\">Fenger f\u00fchrte den CDU-Ortsverband Moers, bevor er 2012 den Vorsitz des Stadtverbands \u00fcbernahm \u2013 in einer, wie es hei\u00dft, \u201enicht einfachen Phase f\u00fcr die Moerser Christdemokraten\u201c. Mit dem Gewinn der B\u00fcrgermeisterwahl von <a href=\"https:\/\/rp-online.de\/thema\/christoph-fleischhauer\/\" target=\"_blank\" rel=\"noopener\">Christoph Fleischhauer<\/a> und einem starken Ratswahlergebnis habe er die CDU Moers 2014 zur\u00fcck in die Erfolgsspur gef\u00fchrt.<\/p>\n<p class=\"richtext text-em-55 !leading-serif mx-6 desktop:mx-0\">Der damalige CDU-Fraktionsvorsitzende im Rat und heutige Landrat, Ingo Brohl, hob zu diesem Zeitpunkt Fengers F\u00e4higkeit hervor: \u201eJoachim Fenger zeichnete sich durch eine besondere F\u00e4higkeit aus: Er arbeitete intensiv an St\u00e4rken und spricht nicht viel \u00fcber Fehler und Schw\u00e4chen von Menschen\u201c. Brohl betonte, dass Fenger Wert darauf legte, sich auf die positiven Qualit\u00e4ten zu konzentrieren, statt auf menschliche Fehler hinzuweisen.<\/p>\n<p class=\"richtext text-em-55 !leading-serif mx-6 desktop:mx-0\">\u201eDie CDU Moers hat Joachim Fenger unendlich viel zu verdanken. Gemeinsam mit Weggef\u00e4hrten hat er unsere CDU modernisiert. Bis heute sind seine Leistungen das starke Fundament, auf dem wir weiter aufbauen d\u00fcrfen\u201c, betont die CDU-Parteivorsitzende und B\u00fcrgermeisterkandidatin Julia Zupancic.<\/p>\n<p class=\"richtext text-em-55 !leading-serif mx-6 desktop:mx-0\">Joachim Fenger habe Ehrenamt und Brauchtum in Moers gepr\u00e4gt, sagen die CDU-Fraktionsvorsitzenden Petra Kiehn und Michael Gawlik unisono. Er habe im Grafschafter Karneval, innerhalb der Partei und im Ratssaal besondere Verantwortung \u00fcbernommen. Ein gro\u00dfes politisches Herzensanliegen sei ihm zuletzt die Verhinderung einer Deponie auf der Lohmannsheide gewesen. Mit Joachim Fenger verliere die Stadt Moers einen ihrer engagiertesten B\u00fcrger.<\/p>\n","protected":false},"excerpt":{"rendered":"Die CDU Moers trauert um ihren ehemaligen Parteivorsitzenden und langj\u00e4hrigen Ratsherrn Joachim Fenger. Er verstarb im Alter von&hellip;\n","protected":false},"author":2,"featured_media":381158,"comment_status":"","ping_status":"","sticky":false,"template":"","format":"standard","meta":{"footnotes":""},"categories":[1838],"tags":[3807,13204,31,3364,29,3715,76672,103095,103093,47197,30,44006,15067,103096,1209,2403,29248,103097,103094,14282,28306],"class_list":{"0":"post-381157","1":"post","2":"type-post","3":"status-publish","4":"format-standard","5":"has-post-thumbnail","7":"category-duisburg","8":"tag-moers","9":"tag-karneval","10":"tag-cdu","11":"tag-de","12":"tag-deutschland","13":"tag-duisburg","14":"tag-engagierte","15":"tag-engagiertesten","16":"tag-fenger","17":"tag-fraktionsvorsitzende","18":"tag-germany","19":"tag-grafschafter","20":"tag-joachim","21":"tag-kulturausschusses","22":"tag-nordrhein-westfalen","23":"tag-partei","24":"tag-parteivorsitzende","25":"tag-parteivorsitzenden","26":"tag-ratsherrn","27":"tag-vorsitz","28":"tag-vorsitzender"},"share_on_mastodon":{"url":"https:\/\/pubeurope.com\/@de\/115110197722212541","error":""},"_links":{"self":[{"href":"https:\/\/www.europesays.com\/de\/wp-json\/wp\/v2\/posts\/381157","targetHints":{"allow":["GET"]}}],"collection":[{"href":"https:\/\/www.europesays.com\/de\/wp-json\/wp\/v2\/posts"}],"about":[{"href":"https:\/\/www.europesays.com\/de\/wp-json\/wp\/v2\/types\/post"}],"author":[{"embeddable":true,"href":"https:\/\/www.europesays.com\/de\/wp-json\/wp\/v2\/users\/2"}],"replies":[{"embeddable":true,"href":"https:\/\/www.europesays.com\/de\/wp-json\/wp\/v2\/comments?post=381157"}],"version-history":[{"count":0,"href":"https:\/\/www.europesays.com\/de\/wp-json\/wp\/v2\/posts\/381157\/revisions"}],"wp:featuredmedia":[{"embeddable":true,"href":"https:\/\/www.europesays.com\/de\/wp-json\/wp\/v2\/media\/381158"}],"wp:attachment":[{"href":"https:\/\/www.europesays.com\/de\/wp-json\/wp\/v2\/media?parent=381157"}],"wp:term":[{"taxonomy":"category","embeddable":true,"href":"https:\/\/www.europesays.com\/de\/wp-json\/wp\/v2\/categories?post=381157"},{"taxonomy":"post_tag","embeddable":true,"href":"https:\/\/www.europesays.com\/de\/wp-json\/wp\/v2\/tags?post=381157"}],"curies":[{"name":"wp","href":"https:\/\/api.w.org\/{rel}","templated":true}]}}