{"id":381290,"date":"2025-08-29T06:34:04","date_gmt":"2025-08-29T06:34:04","guid":{"rendered":"https:\/\/www.europesays.com\/de\/381290\/"},"modified":"2025-08-29T06:34:04","modified_gmt":"2025-08-29T06:34:04","slug":"rechtsextremismus-marla-svenja-liebich-muss-nicht-unbedingt-in-ein-gefaengnis-fuer-frauen","status":"publish","type":"post","link":"https:\/\/www.europesays.com\/de\/381290\/","title":{"rendered":"Rechtsextremismus: Marla-Svenja Liebich muss nicht unbedingt in ein Gef\u00e4ngnis f\u00fcr Frauen"},"content":{"rendered":"<p class=\"paragraph article__item\">Angesichts des erwarteten Haftantritts von Marla-Svenja Liebich aus der rechtsextremen Szene sieht das Bundesjustizministerium keinen zwingenden Grund, Liebich in einem Frauengef\u00e4ngnis unterzubringen. Beim Umgang mit <a href=\"https:\/\/www.zeit.de\/2020\/37\/transsexualitaet-transgender-haft-gefaengnis-einzelhaft\" class=\"\" target=\"_blank\" rel=\"noopener\">trans, inter und nicht bin\u00e4ren Gefangenen<\/a> m\u00fcssten sich die L\u00e4nder nicht allein am Geschlechtseintrag der betreffenden Person orientieren. Das sagte eine Ministeriumssprecherin dem RedaktionsNetzwerk Deutschland (RND).\u00a0\n<\/p>\n<p class=\"paragraph article__item\">Das Grundgesetz und die F\u00fcrsorgepflicht der Anstalt verlangten, bei der Unterbringung die Sicherheitsinteressen und Pers\u00f6nlichkeitsrechte aller Strafgefangenen zu ber\u00fccksichtigen, hie\u00df es weiter. Mehrere Bundesl\u00e4nder h\u00e4tten schon heute Regelungen geschaffen, die speziell die Unterbringung <a href=\"https:\/\/www.zeit.de\/zett\/queeres-leben\/2023-02\/trans-menschen-frau-haft-gefaengnis\" class=\"\" target=\"_blank\" rel=\"noopener\">transgeschlechtlicher Strafgefangener<\/a>\u00a0betreffen. Sie verwies auf die Bundesl\u00e4nder Berlin und Hessen. Demnach erm\u00f6glichen diese Regeln differenzierende L\u00f6sungen im Einzelfall.\n<\/p>\n<p>        Queerbeauftragte betont Einzelfallabw\u00e4gungen        <\/p>\n<p class=\"paragraph article__item\">&#8222;Das s\u00e4chsische Justizvollzugsgesetz erm\u00f6glicht explizit Einzelfallabw\u00e4gungen f\u00fcr solche F\u00e4lle&#8220;, teilte die Queerbeauftragte der Bundesregierung, <a href=\"https:\/\/www.zeit.de\/gesellschaft\/2025-08\/sophie-koch-queer-beauftragte-bundesregierung-csd-union\" class=\"\" target=\"_blank\" rel=\"noopener\">Sophie Koch (SPD)<\/a>, mit. Sie kritisierte Forderungen, unter anderem von Bundesinnenminister Alexander Dobrindt (CSU), <a href=\"https:\/\/www.zeit.de\/gesellschaft\/2025-08\/selbstbestimmungsgesetz-marla-svenja-sven-liebich-rechtextrem\" class=\"\" target=\"_blank\" rel=\"noopener\">wegen des Falles Liebich das Selbstbestimmungsgesetz zu \u00e4ndern<\/a>. &#8222;Rechten Stimmungsmachern sollte man nicht auf den Leim gehen. Sie nutzen alle m\u00f6glichen Mittel, um uns als Gesellschaft ver\u00e4chtlich zu machen und Hass und Hetze zu s\u00e4en. Wir sind gut beraten, solche extremen Einzelf\u00e4lle nicht zum Ma\u00dfstab unseres Handelns zu machen&#8220;, sagte sie.\u00a0\n<\/p>\n<p>                            \u00a9\u00a0Lea Dohle<\/p>\n<p>\n                                        Newsletter<br \/>\n                                        Was jetzt? \u2013 Der t\u00e4gliche Morgen\u00fcberblick<\/p>\n<p class=\"newsletter-signup__text\">Starten Sie mit unserem kurzen Nachrichten-Newsletter in den Tag. Erhalten Sie zudem freitags den US-Sonderletter &#8222;Was jetzt, America?&#8220; sowie das digitale Magazin ZEIT am Wochenende.<\/p>\n<p class=\"newsletter-signup__datapolicy\" hidden=\"\">\n            Mit Ihrer Registrierung nehmen Sie die <a href=\"https:\/\/datenschutz.zeit.de\/zon#Newsletter\" target=\"_blank\" rel=\"noopener\">Datenschutzerkl\u00e4rung<\/a> zur Kenntnis.\n        <\/p>\n<p>    Vielen Dank! Wir haben Ihnen eine E-Mail geschickt.<\/p>\n<p>Pr\u00fcfen Sie Ihr Postfach und best\u00e4tigen Sie das Newsletter-Abonnement.<\/p>\n<p class=\"paragraph article__item\">Dobrindt hatte Liebich im ZDF einen Missbrauch neuer Regelungen vorgeworfen und \u00c4nderungen des gerade erst in Kraft getretenen Selbstbestimmungsgesetzes gefordert. &#8222;Der Geschlechterwechsel scheint hier eindeutig ein Missbrauchstatbestand zu sein&#8220;, sagte er.\u00a0\n<\/p>\n<p class=\"paragraph article__item\">Im Juli 2023 war <a href=\"https:\/\/www.zeit.de\/gesellschaft\/2025-01\/selbstbestimmungsgesetz-rechtsextremist-marla-svenja-liebich-geschlechtseintrag\" class=\"\" target=\"_blank\" rel=\"noopener\">Liebich<\/a>, damals noch mit dem Vornamen Sven, vom Amtsgericht Halle <a href=\"https:\/\/www.zeit.de\/gesellschaft\/2024-08\/sachsen-anhalt-sven-liebich-rechtsextremist-urteil\" class=\"\" target=\"_blank\" rel=\"noopener\">zu einer Gesamtfreiheitsstrafe von einem Jahr und sechs Monaten<\/a> ohne Bew\u00e4hrung verurteilt worden. Liebich muss sich Volksverhetzung, \u00fcbler Nachrede und Beleidigung verantworten.\n<\/p>\n<p>            Marla-Svenja Liebich        <\/p>\n<p>Mehr zum Thema<\/p>\n<p>                <a href=\"https:\/\/www.zeit.de\/gesellschaft\/2025-08\/marla-svenja-liebich-gefaengnis-geschlechtswechsel-rechtsextremismus\" data-ct-label=\"Marla-Svenja Liebich: Ja, Liebich darf das\" target=\"_blank\" rel=\"noopener\"><\/p>\n<p>        Z+ (abopflichtiger Inhalt);<\/p>\n<p>    Marla-Svenja Liebich:<br \/>\n                        Ja, Liebich darf das<\/p>\n<p>                <\/a><\/p>\n<p>                <a href=\"https:\/\/www.zeit.de\/gesellschaft\/2025-01\/selbstbestimmungsgesetz-rechtsextremist-marla-svenja-liebich-geschlechtseintrag\" data-ct-label=\"Selbstbestimmungsgesetz: Rechtsextremist Liebich hei\u00dft jetzt Marla-Svenja\" target=\"_blank\" rel=\"noopener\"><\/p>\n<p>        Z+ (abopflichtiger Inhalt);<\/p>\n<p>    Selbstbestimmungsgesetz:<br \/>\n                        Rechtsextremist Liebich hei\u00dft jetzt Marla-Svenja<\/p>\n<p>                <\/a><\/p>\n","protected":false},"excerpt":{"rendered":"Angesichts des erwarteten Haftantritts von Marla-Svenja Liebich aus der rechtsextremen Szene sieht das Bundesjustizministerium keinen zwingenden Grund, Liebich&hellip;\n","protected":false},"author":2,"featured_media":381291,"comment_status":"","ping_status":"","sticky":false,"template":"","format":"standard","meta":{"footnotes":""},"categories":[5],"tags":[75452,331,332,66481,3364,29,103122,30,1724,13,1293,43092,14,15,770,12,3931],"class_list":{"0":"post-381290","1":"post","2":"type-post","3":"status-publish","4":"format-standard","5":"has-post-thumbnail","7":"category-nachrichten","8":"tag-unterbringung","9":"tag-aktuelle-nachrichten","10":"tag-aktuelle-news","11":"tag-bundesjustizministerium","12":"tag-de","13":"tag-deutschland","14":"tag-frauengefaengnis","15":"tag-germany","16":"tag-gesellschaft","17":"tag-headlines","18":"tag-justizministerium","19":"tag-marla-svenja-liebich","20":"tag-nachrichten","21":"tag-news","22":"tag-rechtsextremismus","23":"tag-schlagzeilen","24":"tag-sicherheit"},"share_on_mastodon":{"url":"https:\/\/pubeurope.com\/@de\/115110665589882547","error":""},"_links":{"self":[{"href":"https:\/\/www.europesays.com\/de\/wp-json\/wp\/v2\/posts\/381290","targetHints":{"allow":["GET"]}}],"collection":[{"href":"https:\/\/www.europesays.com\/de\/wp-json\/wp\/v2\/posts"}],"about":[{"href":"https:\/\/www.europesays.com\/de\/wp-json\/wp\/v2\/types\/post"}],"author":[{"embeddable":true,"href":"https:\/\/www.europesays.com\/de\/wp-json\/wp\/v2\/users\/2"}],"replies":[{"embeddable":true,"href":"https:\/\/www.europesays.com\/de\/wp-json\/wp\/v2\/comments?post=381290"}],"version-history":[{"count":0,"href":"https:\/\/www.europesays.com\/de\/wp-json\/wp\/v2\/posts\/381290\/revisions"}],"wp:featuredmedia":[{"embeddable":true,"href":"https:\/\/www.europesays.com\/de\/wp-json\/wp\/v2\/media\/381291"}],"wp:attachment":[{"href":"https:\/\/www.europesays.com\/de\/wp-json\/wp\/v2\/media?parent=381290"}],"wp:term":[{"taxonomy":"category","embeddable":true,"href":"https:\/\/www.europesays.com\/de\/wp-json\/wp\/v2\/categories?post=381290"},{"taxonomy":"post_tag","embeddable":true,"href":"https:\/\/www.europesays.com\/de\/wp-json\/wp\/v2\/tags?post=381290"}],"curies":[{"name":"wp","href":"https:\/\/api.w.org\/{rel}","templated":true}]}}