{"id":381363,"date":"2025-08-29T07:46:39","date_gmt":"2025-08-29T07:46:39","guid":{"rendered":"https:\/\/www.europesays.com\/de\/381363\/"},"modified":"2025-08-29T07:46:39","modified_gmt":"2025-08-29T07:46:39","slug":"two-and-a-half-men-die-wichtigsten-figuren-der-sitcom-im-ueberblick-unterhaltung","status":"publish","type":"post","link":"https:\/\/www.europesays.com\/de\/381363\/","title":{"rendered":"\u201eTwo and a Half Men\u201c: Die wichtigsten Figuren der Sitcom im \u00dcberblick | Unterhaltung"},"content":{"rendered":"<p><b>Drama, Chaos und jede Menge Humor&#8230;<\/b><\/p>\n<p>Die Sitcom, die von 2003 bis 2015 produziert wurde, hat bis heute Kultstatus. Dabei machen vor allem die unvergesslichen Charaktere \u201eTwo and a Half Men\u201c aus. Hier gibt es einen \u00dcberblick der wichtigsten Figuren aus \u201eTwo and a Half Men\u201c.<\/p>\n<p>Die wichtigsten Charaktere im \u00dcberblick<\/p>\n<p>Das sind die wichtigsten Charaktere von \u201e<a href=\"https:\/\/www.bild.de\/themen\/specials\/two-and-a-half-men\/unterhaltung-nachrichten-news-fotos-videos-19959454.bild.html\" class=\"text-link\" target=\"_blank\" rel=\"noopener\">Two and a Half Men<\/a>\u201c im \u00dcberblick:<\/p>\n<tr>CharakterSchauspieler<\/tr>\n<tr>\n<td>Charlie Harper<\/td>\n<td>Charlie Sheen (59) <\/td>\n<\/tr>\n<tr>\n<td>Jake Harper<\/td>\n<td>Angus T. Jones (31)<\/td>\n<\/tr>\n<tr>\n<td>Alan Harper<\/td>\n<td>Jon Cryer (60)<\/td>\n<\/tr>\n<tr>\n<td>Judith Harper-Melnick<\/td>\n<td>Marin Hinkle (59)<\/td>\n<\/tr>\n<tr>\n<td>Evelyn Harper<\/td>\n<td>Holland Taylor (82)<\/td>\n<\/tr>\n<tr>\n<td>Walden Schmidt<\/td>\n<td>Ashton Kutcher (47)<\/td>\n<\/tr>\n<tr>\n<td>Lyndsey McElroy<\/td>\n<td>Courtney Thorne-Smith (57)<\/td>\n<\/tr>\n<tr>\n<td>Berta<\/td>\n<td>Conchata Ferrell (\u202077)<\/td>\n<\/tr>\n<tr>\n<td>Rose<\/td>\n<td>Melanie Lynskey (48)<\/td>\n<\/tr>\n<tr>\n<td>Chelsea<\/td>\n<td>Jennifer Taylor (53)<\/td>\n<\/tr>\n<tr>\n<td>Melissa<\/td>\n<td>Kelly Stables (47)<\/td>\n<\/tr>\n<tr>\n<td>Dr. Herb Melnick<\/td>\n<td>Ryan Stiles (66)<\/td>\n<\/tr>\n<tr>\n<td>Kandi<\/td>\n<td>April Bowlby (45)<\/td>\n<\/tr>\n<tr>\n<td>Jenny Harper<\/td>\n<td>Amber Tamblyn (42)<\/td>\n<\/tr>\n<tr>\n<td>Kate<\/td>\n<td>Brooke D\u2019Orsay (43)<\/td>\n<\/tr>\n<tr>\n<td>Mia<\/td>\n<td>Emmanuelle Vaugier (49)<\/td>\n<\/tr>\n<p>Charlie Harper<img decoding=\"async\" width=\"992\" height=\"558\" alt=\"Charlie Harper wird gespielt von Charlie Sheen\" src=\"https:\/\/www.europesays.com\/de\/wp-content\/uploads\/2025\/08\/7b52bf01fcacf0a2ca23e1121e0f67bb,9c64093c\"   class=\"landscape\" loading=\"lazy\"\/><\/p>\n<p class=\"fig__caption__text\">Charlie Harper wird gespielt von Charlie Sheen<\/p>\n<p>Foto: CBS via Getty Images<\/p>\n<p>Charlie Harper wuchs mit seinem zwei Jahre j\u00fcngeren Bruder Alan, seiner Mutter Evelyn und seinem Vater Frank auf, der bereits fr\u00fch starb. Sein erstes Bier trank er bereits mit 13 Jahren und auch in der Schule hatte er schlechte Noten. Also beschloss er, Filmmusik zu komponieren. Als ein Werbefachmann einen Zahnpasta-Jingle von ihm wollte, schrieb Charlie fortan Jingles. <\/p>\n<p>Seinen Frust ertr\u00e4nkt er allerdings in Alkohol. Zwar hatte er auch schon l\u00e4ngere Beziehungen mit seiner Ex-Verlobten Chelsea, Mia oder seiner sp\u00e4teren Frau Rose \u2013 doch mit festen Bindungen hatte er immer Probleme. Grund daf\u00fcr ist seine und Alans Mutter Evelyn, die ihren S\u00f6hnen in ihrer Kindheit kaum Liebe schenkte.<\/p>\n<p>Charlie wird vom Schauspieler <a href=\"https:\/\/www.bild.de\/themen\/personen\/charlie-sheen\/kino-nachrichten-news-fotos-videos-15816746.bild.html\" class=\"text-link\" target=\"_blank\" rel=\"noopener\">Charlie Sheen<\/a> verk\u00f6rpert. Dieser wurde jedoch 2011 aufgrund mehrerer Skandale und Zoffs hinter den Kulissen vom <a href=\"https:\/\/www.bild.de\/unterhaltung\/tv\/charlie-sheen\/rauswurf-bei-two-and-a-half-men-bringt-ihm-100-millionen-20053154.bild.html\" class=\"text-link\" target=\"_blank\" rel=\"noopener\">Produktionsstudio Warner Bros. rausgeworfen<\/a>. An seiner Stelle stieg Ashton Kutcher als Walden Schmidt in die Serie ein.<\/p>\n<p>Alan Harper<img decoding=\"async\" width=\"992\" height=\"558\" alt=\"Alan Harper gespielt von Jon Cryer\" src=\"https:\/\/www.europesays.com\/de\/wp-content\/uploads\/2025\/08\/102d3cd5acd03b63cb373061f45cab22,5ec6e76c\"   class=\"landscape\" loading=\"lazy\"\/><\/p>\n<p class=\"fig__caption__text\">Alan Harper wird gespielt von Jon Cryer<\/p>\n<p>Foto: CBS via Getty Images<\/p>\n<p>Alan Harper ist Charlies j\u00fcngerer Bruder. Zusammen mit seiner Ex-Frau Judith hat er einen Sohn namens Jake. Nach einigen Ehejahren schmiss diese ihn raus. Alan zog daraufhin mit Jake bei seinem Bruder ein. Vor allem seine geizige Art und seine Pechstr\u00e4hne im Thema Liebe machen ihn zum perfekten Gegenst\u00fcck zu Charlie.<\/p>\n<p>Jake Harper<img decoding=\"async\" width=\"992\" height=\"558\" alt=\"Jake Harper wird gespielt von Angus T. Jones\" src=\"https:\/\/www.europesays.com\/de\/wp-content\/uploads\/2025\/08\/4eea55e9de9a51f91bc483027d611800,36b48c48\"   class=\"landscape\" loading=\"lazy\"\/><\/p>\n<p class=\"fig__caption__text\">Jake Harper wird gespielt von Angus T. Jones (m.)<\/p>\n<p>Foto: Steve Granitz\/WireImage.com<\/p>\n<p>Jacob David \u201eJake\u201c Harper ist Alans und Judiths Sohn. Jake ist bekannt f\u00fcr seine Faulheit, seine schlechten Noten und daf\u00fcr, dass er viel und gerne isst. Als er 10 Jahre alt war, trennten sich seine Eltern. Charlie nutzt Jake oft, um Frauen kennenzulernen, w\u00e4hrend die Familie st\u00e4ndig Witze \u00fcber Jakes Faulheit und Zukunft rei\u00dft. <\/p>\n<p>Evelyn Harper<img decoding=\"async\" width=\"992\" height=\"558\" alt=\"Holland Taylor verk\u00f6rperte Evelyn Harper\" src=\"https:\/\/www.europesays.com\/de\/wp-content\/uploads\/2025\/08\/5de7c22381fa77e33494a945ff1390c4,e2288956\"   class=\"landscape\" loading=\"lazy\"\/><\/p>\n<p class=\"fig__caption__text\">Holland Taylor verk\u00f6rperte Evelyn Harper<\/p>\n<p>Foto: imago\/ZUMA Press<\/p>\n<p>Evelyn Harper ist die egoistische Mutter von Charlie und Alan. Sie ist entt\u00e4uscht, dass ihre S\u00f6hne keinen Kontakt zu ihr wollen. Deshalb taucht sie einfach h\u00e4ufig ungefragt im Leben ihrer Kinder auf, sehr zu deren Unmut. Die beiden Br\u00fcder vergleichen sie oft mit dem Teufel. Sie war bereits mehrmals verheiratet, doch ihre M\u00e4nner lebten nie besonders lang.<\/p>\n<p>Judith Harper (sp\u00e4ter Harper-Melnick)<img decoding=\"async\" width=\"992\" height=\"558\" alt=\"Judith Harper gespielt von Marin Hinkle\" src=\"https:\/\/www.europesays.com\/de\/wp-content\/uploads\/2025\/08\/11a27117931cd7a5b4e2b2c7b8c4dd04,15117931\"   class=\"landscape\" loading=\"lazy\"\/><\/p>\n<p class=\"fig__caption__text\">Marin Hinkle spielt Judith Harper<\/p>\n<p>Foto: Warner Bros.<\/p>\n<p>Judith Harper ist Alans Ex-Frau und die Mutter von Jake. Mit Charlies Freiz\u00fcgigkeit hat sie allerdings ein gro\u00dfes Problem. Zu Alans \u00dcbel bekommt sie das gemeinsame Haus und er muss hohe Alimente zahlen. Sp\u00e4ter heiratet Judith Jakes Kinderarzt, Dr. Herb Melnick.<\/p>\n<p>Walden Schmidt<img decoding=\"async\" width=\"992\" height=\"558\" alt=\"Walden Schmidt gespielt von Ashton Kutcher\" src=\"https:\/\/www.europesays.com\/de\/wp-content\/uploads\/2025\/08\/52d1ae06e3226fda63c496a5ea3d1d99,9788ac55\"   class=\"landscape\" loading=\"lazy\"\/><\/p>\n<p class=\"fig__caption__text\">Walden Schmidt, gespielt von Ashton Kutcher<\/p>\n<p>Foto: CBS via Getty Images<\/p>\n<p>Walden Schmidt kauft nach Charlies Tod das Strandhaus in Malibu. Als erfolgreicher Internetunternehmer l\u00e4sst er Alan und Jake bei sich wohnen. Anfangs ist er kindisch und deprimiert wegen seiner Scheidung von Bridget. Doch im Laufe der <a href=\"https:\/\/www.bild.de\/themen\/specials\/serien\/news-fotos-videos-17010920.bild.html\" class=\"text-link\" target=\"_blank\" rel=\"noopener\">Serie<\/a> entwickelt er sich zu einer verantwortungsvolleren Person.<\/p>\n<p>Jenny Harper<img decoding=\"async\" width=\"992\" height=\"558\" alt=\"Jenny Harper gespielt von Amber Tamblyn\" src=\"https:\/\/www.europesays.com\/de\/wp-content\/uploads\/2025\/08\/434b4c97308578c144951f8e4bca1abd,ea034607\"   class=\"landscape\" loading=\"lazy\"\/><\/p>\n<p class=\"fig__caption__text\">Amber Tamblyn als Jenny Harper und Jon Cryer als Alan<\/p>\n<p>Foto: CBS via Getty Images<\/p>\n<p>Jenny Harper wird in \u201e<a href=\"https:\/\/www.bild.de\/unterhaltung\/tv-fernsehformate\/two-and-a-half-men-alle-infos-zur-show-charaktere-und-handlung-66962f0a34aa850b7b3498f6\" class=\"text-link\" target=\"_blank\" rel=\"noopener\">Two and a Half Men<\/a>\u201c von Schauspielerin Amber Tamblyn dargestellt. Sie wird erst in Staffel 11 der Serie als Charlies uneheliche Tochter eingef\u00fchrt. Schnell wird klar, dass sie viele Charakterz\u00fcge ihres Vaters \u00fcbernommen hat, wodurch sie f\u00fcr frischen Wind in der Serie sorgt.<\/p>\n<p>Berta<img decoding=\"async\" width=\"992\" height=\"558\" alt=\"Berta gespielt von Conchata Ferrell\" src=\"https:\/\/www.europesays.com\/de\/wp-content\/uploads\/2025\/08\/894959c53216b0fe9022903bcd57fc47,189745a8\"   class=\"landscape\" loading=\"lazy\"\/><\/p>\n<p class=\"fig__caption__text\">Berta, gespielt von Conchata Ferrell (l.), ist die Haush\u00e4lterin<\/p>\n<p>Foto: CBS via Getty Images<\/p>\n<p>Berta ist bekannt als die schlagfertige Haush\u00e4lterin von Charlie und sp\u00e4ter Walden. Mit ihrem trockenen Humor und ihrer l\u00e4ssigen Arbeitsmoral sorgt sie in einzelnen Episoden f\u00fcr lustige Momente.<\/p>\n<p>Rose<img decoding=\"async\" width=\"992\" height=\"558\" alt=\"Melanie Lynskey spielt Rose in \u201eTwo and a Half Men\u201c\" src=\"https:\/\/www.europesays.com\/de\/wp-content\/uploads\/2025\/08\/973a1d083bd007a758faf2ef696c7fc7,eeb66abb\"   class=\"landscape\" loading=\"lazy\"\/><\/p>\n<p class=\"fig__caption__text\">Melanie Lynskey spielt Rose in \u201eTwo and a Half Men\u201c<\/p>\n<p>Foto: CBS via Getty Images<\/p>\n<p>Rose ist in der Sendung vor allem als Charlies Nachbarin und Stalkerin bekannt. Seit sie einen One-Night-Stand hatten, ist Rose \u00fcberzeugt, dass Charlie und sie ein Paar sind. Au\u00dferdem ist sie ein h\u00e4ufiger Gast im Strandhaus. Doch statt durch die T\u00fcr ins Haus zu gehen, klettert sie lieber \u00fcber das Gel\u00e4nder. Rose hat zudem ein Masterdiplom in Verhaltenspsychologie und hat daher immer L\u00f6sungen f\u00fcr Charlies Probleme parat. Und auch f\u00fcr Jake spielt sie oft den Babysitter.<\/p>\n<p>Lyndsey McElroy <img decoding=\"async\" width=\"992\" height=\"558\" alt=\"Lyndsey McElroy  gespielt von Courtney Thorne-Smith\" src=\"https:\/\/www.europesays.com\/de\/wp-content\/uploads\/2025\/08\/afa50734012758f1e206bf56b6633b9d,3881092\"   class=\"landscape\" loading=\"lazy\"\/><\/p>\n<p class=\"fig__caption__text\">Lyndsey McElroy (r.) wird gespielt von Courtney Thorne-Smith<\/p>\n<p>Foto: CBS via Getty Images<\/p>\n<p>Lyndsey McElroy ist Alans langj\u00e4hrige Freundin. Sie ist eine engagierte Frau und bringt ihren Sohn Eldridge (Graham Patrick Martin, 33) mit in die Harper-Familie. Ihre Beziehung zu Alan ist von H\u00f6hen und Tiefen gepr\u00e4gt und bringt eine vern\u00fcnftige Note in das chaotische Umfeld der Harper-Familie.<\/p>\n","protected":false},"excerpt":{"rendered":"Drama, Chaos und jede Menge Humor&#8230; Die Sitcom, die von 2003 bis 2015 produziert wurde, hat bis heute&hellip;\n","protected":false},"author":2,"featured_media":381364,"comment_status":"","ping_status":"","sticky":false,"template":"","format":"standard","meta":{"footnotes":""},"categories":[1773],"tags":[29,214,40622,30,2286,471,1780,70785,45,684,2304,96682,215],"class_list":{"0":"post-381363","1":"post","2":"type-post","3":"status-publish","4":"format-standard","5":"has-post-thumbnail","7":"category-serien","8":"tag-deutschland","9":"tag-entertainment","10":"tag-evergreen","11":"tag-germany","12":"tag-seo-nicht-benutzen","13":"tag-serien","14":"tag-series","15":"tag-sheen-charlie","16":"tag-texttospeech","17":"tag-tv","18":"tag-tv-formate","19":"tag-two-and-a-half-men","20":"tag-unterhaltung"},"share_on_mastodon":{"url":"https:\/\/pubeurope.com\/@de\/115110949636926390","error":""},"_links":{"self":[{"href":"https:\/\/www.europesays.com\/de\/wp-json\/wp\/v2\/posts\/381363","targetHints":{"allow":["GET"]}}],"collection":[{"href":"https:\/\/www.europesays.com\/de\/wp-json\/wp\/v2\/posts"}],"about":[{"href":"https:\/\/www.europesays.com\/de\/wp-json\/wp\/v2\/types\/post"}],"author":[{"embeddable":true,"href":"https:\/\/www.europesays.com\/de\/wp-json\/wp\/v2\/users\/2"}],"replies":[{"embeddable":true,"href":"https:\/\/www.europesays.com\/de\/wp-json\/wp\/v2\/comments?post=381363"}],"version-history":[{"count":0,"href":"https:\/\/www.europesays.com\/de\/wp-json\/wp\/v2\/posts\/381363\/revisions"}],"wp:featuredmedia":[{"embeddable":true,"href":"https:\/\/www.europesays.com\/de\/wp-json\/wp\/v2\/media\/381364"}],"wp:attachment":[{"href":"https:\/\/www.europesays.com\/de\/wp-json\/wp\/v2\/media?parent=381363"}],"wp:term":[{"taxonomy":"category","embeddable":true,"href":"https:\/\/www.europesays.com\/de\/wp-json\/wp\/v2\/categories?post=381363"},{"taxonomy":"post_tag","embeddable":true,"href":"https:\/\/www.europesays.com\/de\/wp-json\/wp\/v2\/tags?post=381363"}],"curies":[{"name":"wp","href":"https:\/\/api.w.org\/{rel}","templated":true}]}}