{"id":381381,"date":"2025-08-29T07:59:19","date_gmt":"2025-08-29T07:59:19","guid":{"rendered":"https:\/\/www.europesays.com\/de\/381381\/"},"modified":"2025-08-29T07:59:19","modified_gmt":"2025-08-29T07:59:19","slug":"einsatz-am-haus-in-berlin-mitte-erfolgreich-beendet-anwohner-sollen-freitag-zurueckkehren","status":"publish","type":"post","link":"https:\/\/www.europesays.com\/de\/381381\/","title":{"rendered":"Einsatz am Haus in Berlin-Mitte \u201eerfolgreich beendet\u201c \u2013 Anwohner sollen Freitag zur\u00fcckkehren"},"content":{"rendered":"<p class=\"tspAOg2 tspAOg3\">Unweit des Friedrichstadtpalasts in Berlin-Mitte ist am Donnerstag ein Haus wegen akuter Einsturzgefahr des Dachstuhls ger\u00e4umt worden. Bis kurz vor Mitternacht haben Einsatzkr\u00e4fte des Technischen Hilfswerks (THW) den einsturzgef\u00e4hrdeten Dachstuhl abgesichert. \u201eDas THW konnte seinen Einsatz erfolgreich beenden\u201c, sagte eine Sprecherin dem Tagesspiegel am Freitagmorgen.<\/p>\n<p class=\"tspAOg2\">Es handelt sich um ein f\u00fcnfst\u00f6ckiges Wohn- und Gesch\u00e4ftsgeb\u00e4ude in der Reinhardtstra\u00dfe 6 nahe der Ecke zur Friedrichstra\u00dfe. Seit Donnerstagmorgen ist die Reinhardtstra\u00dfe zwischen der Friedrichstra\u00dfe und der Albrechtstra\u00dfe f\u00fcr den Verkehr komplett gesperrt. Wie die Verkehrsinformationszentrale Berlin am Freitagmorgen mitteilt, bleibt die Stra\u00dfe auch am Freitag bis auf Weiteres gesperrt.<\/p>\n<p>Bezirke-Newsletter: Mitte<\/p>\n<p><img decoding=\"async\" src=\"https:\/\/www.europesays.com\/de\/wp-content\/uploads\/2025\/04\/icon-mitte.png\" alt=\"\" class=\"tspCCg1\"\/><\/p>\n<p class=\"tspCCm7\"> Mehr Neuigkeiten zum Bezirk gibt es in unserem Newsletter \u2014 jede Woche per E-Mail. <\/p>\n<p class=\"tspAOg2\">Gegen 23 Uhr \u00fcberpr\u00fcfte ein Statiker vor Ort die Sicherungsvorkehrungen und gab dann bekannt: Die Lage ist stabil. \u201eDas Haus kann an den Eigent\u00fcmer \u00fcbergeben werden, damit Fachkr\u00e4fte aus der freien Wirtschaft weitere Ma\u00dfnahmen vornehmen k\u00f6nnen\u201c, sagte die Sprecherin. Das THW habe seinen Teil erf\u00fcllt und die Notlage stabilisiert. Der Einsatz sei einwandfrei und erfolgreich verlaufen. \u201eNun muss sich der Eigent\u00fcmer k\u00fcmmern\u201c, hie\u00df es. Ob die Stra\u00dfe noch gesperrt ist, konnte das THW nicht mitteilen.<\/p>\n<p class=\"tspAOg2\">Laut THW hatten 50 Einsatzkr\u00e4fte den Dachstuhl von innen mit Greifzangen und Stahlseilen gesichert. Von au\u00dfen brachte das THW zudem eine Barriere an, damit Teile nicht herabst\u00fcrzen konnten. Gegen 20 Uhr starteten die Sicherungsma\u00dfnahmen. Anders als zu Beginn angenommen mussten keine Teile des Daches abgetragen werden. Der Einsatz sei der Feuerwehr zufolge technisch und personell sehr aufwendig gewesen.<\/p>\n<p><img decoding=\"async\" src=\"https:\/\/www.europesays.com\/de\/wp-content\/uploads\/2025\/08\/1756454353_401_img-4595.jpeg\"   alt=\"\" aria-labelledby=\"caption-14243468\" width=\"440\" height=\"330\" loading=\"lazy\" class=\"tspBWlw\"\/> Gef\u00e4hrliche W\u00f6lbung: Das Dach hat die Fassade des Geb\u00e4udes nach vorne gedr\u00fcckt. <\/p>\n<p class=\"tspACfq\"> \u00a9 Jule Damaske <\/p>\n<p class=\"tspAOg2\">Am Freitagnachmittag sollen die Bewohner ihr Haus wieder betreten k\u00f6nnen. Allerdings m\u00fcsse das Geb\u00e4ude erst durch einen Baustatiker und die Bauaufsicht des Bezirks freigegeben werden, sagte ein Feuerwehrsprecher am Donnerstag. <\/p>\n<p class=\"tspAOg2\">Nach Angaben der Feuerwehr hatte sich der Dachstuhl des Geb\u00e4udes nach vorne geschoben und ein St\u00fcck der Fassade in Richtung Stra\u00dfe gedr\u00fcckt. Bereits vom Gehweg war erkennbar, dass sich die Fassade und das Dach w\u00f6lben. Ein Drohnenfoto aus der Luft zeigte, dass sich das Dach selbst auch nach innen w\u00f6lbt. Das Dach des Geb\u00e4udes galt zun\u00e4chst laut Feuerwehrsprecher als akut einsturzgef\u00e4hrdet.<\/p>\n<p>   Melanie Probandt \/ Jule Damaske <\/p>\n<p class=\"tspAOg2\">Das THW r\u00fcckte am Donnerstagnachmittag mit Spezialger\u00e4ten an, um den Dachstuhl abzusichern. Da bef\u00fcrchtet wurde, dass Teile des Dachs auf den Gehweg st\u00fcrzen k\u00f6nnten, wurden die Gesch\u00e4fte im Erdgeschoss der angrenzenden Geb\u00e4ude gesperrt \u2013 mehrere Restaurants, eine Apotheke und eine B\u00e4ckerei mussten schlie\u00dfen, ebenso die Bundesgesch\u00e4ftsstelle der FDP.<\/p>\n<p class=\"tspAOg2\">In dem Stra\u00dfenabschnitt mussten auch alle parkenden Autos weggefahren oder abgeschleppt werden, damit das THW genug Platz f\u00fcr seinen Einsatz hatte. Wer abgeschleppt werde, m\u00fcsse daf\u00fcr aber nicht zahlen, sagte ein Polizist vor Ort. Soweit m\u00f6glich, sollten die abgeschleppten Autos in Nebenstra\u00dfen umgesetzt werden.<\/p>\n<p><img decoding=\"async\" src=\"https:\/\/www.europesays.com\/de\/wp-content\/uploads\/2025\/08\/signal-2025-08-28-152952.jpeg\"   alt=\"\" aria-labelledby=\"caption-14242700\" width=\"440\" height=\"330\" loading=\"lazy\" class=\"tspBWlw\"\/> Die Reinhardtstra\u00dfe wurde gesperrt. Geparkte Autos mussten umgesetzt werden. <\/p>\n<p class=\"tspACfq\"> \u00a9 Jule Damaske <\/p>\n<p><img decoding=\"async\" src=\"https:\/\/www.europesays.com\/de\/wp-content\/uploads\/2025\/08\/1756454355_382_img-1916.jpeg\"   alt=\"\" aria-labelledby=\"caption-14243459\" width=\"440\" height=\"330\" loading=\"lazy\" class=\"tspBWlw\"\/> Die Feuerwehr r\u00fcckte mit einem Kran an. <\/p>\n<p class=\"tspACfq\"> \u00a9 Jule Damaske <\/p>\n<p class=\"tspAOg2\">Im Vordergrund des Einsatzes stand zun\u00e4chst, den Dachstuhl provisorisch zu sichern, damit keine Geb\u00e4udeteile abbrechen und Menschen verletzen k\u00f6nnen. Es gehe um die akute Gefahrenabwehr, hie\u00df es. Am sp\u00e4ten Nachmittag betraten drei Statiker vom THW und vom Bezirk Mitte den Dachstuhl, um zu pr\u00fcfen, wie weiter vorgegangen werden soll.<\/p>\n<p class=\"tspAOg2\">Am Donnerstagnachmittag hatte die Feuerwehr die Einsatzstelle gr\u00f6\u00dftenteils an das THW \u00fcbergeben, sagte ein Feuerwehrsprecher, und unterst\u00fctze die Kr\u00e4fte bei den Arbeiten am Dach mit einer Drehleiter und einem F\u00fchrungsdienst. Von Innen wurde die Holzkonstruktion des Dachstuhls von der Feuerwehr bereits provisorisch mit Gurten gesichert, dies wurde vom THW noch mit Stahlseilen verst\u00e4rkt.<\/p>\n<p class=\"tspAOg2\">Alle Mitglieder vom THW, die am Donnerstag und Freitag im Einsatz waren, arbeiten ehrenamtlich. Wie die Sprecherin dem Tagesspiegel mitteilte, gibt es bundesweit 88.000 ehrenamtliche Helferinnen und Helfer. Nur 2000 Menschen sind hauptamtlich t\u00e4tlich. Dementsprechend arbeiten 98 Prozent des THWs ehrenamtlich.<\/p>\n<p><img decoding=\"async\" src=\"https:\/\/www.europesays.com\/de\/wp-content\/uploads\/2025\/08\/1756454355_837_signal-2025-08-28-175009.jpeg\"   alt=\"\" aria-labelledby=\"caption-14243474\" width=\"440\" height=\"330\" loading=\"lazy\" class=\"tspBWlw\"\/> Auch das Technische Hilfswerk r\u00fcckte an. <\/p>\n<p class=\"tspACfq\"> \u00a9 Jule Damaske <\/p>\n<p><img decoding=\"async\" src=\"https:\/\/www.europesays.com\/de\/wp-content\/uploads\/2025\/08\/1756454356_722_img-1917.jpeg\"   alt=\"\" aria-labelledby=\"caption-14243489\" width=\"440\" height=\"330\" loading=\"lazy\" class=\"tspBWlw\"\/> Der Dachstuhl sollte von innen und au\u00dfen gesichert werden. <\/p>\n<p class=\"tspACfq\"> \u00a9 Jule Damaske <\/p>\n<p class=\"tspAOg2\">Ein Sensorsystem des THW sollte weitere statische Ver\u00e4nderungen am Haus scannen. Laser \u00fcberwachen dabei den Dachstuhl und registrieren jede Bewegung \u2013 so werden die Einsatzkr\u00e4fte im Notfall gewarnt, dass sie das Haus verlassen m\u00fcssen. <\/p>\n<p><img decoding=\"async\" src=\"https:\/\/www.europesays.com\/de\/wp-content\/uploads\/2025\/08\/1756454357_163_img-4597.jpeg\"   alt=\"\" aria-labelledby=\"caption-14243477\" width=\"440\" height=\"330\" loading=\"lazy\" class=\"tspBWlw\"\/> Das Technische Hilfswerk r\u00fcckte mit Spezialger\u00e4ten an. Von der Sperrung betroffen war auch die Gesch\u00e4ftsstelle der FDP. <\/p>\n<p class=\"tspACfq\"> \u00a9 Jule Damaske <\/p>\n<p><img decoding=\"async\" src=\"https:\/\/www.europesays.com\/de\/wp-content\/uploads\/2025\/08\/photo-2025-08-28-12-08-31-1.jpeg\"   alt=\"\" aria-labelledby=\"caption-14241269\" width=\"440\" height=\"330\" loading=\"lazy\" class=\"tspBWlw\"\/> Die Feuerwehr setzte zur Sichtung des Hauses eine Drohne ein. (Foto aktuell)  <\/p>\n<p class=\"tspACfq\"> \u00a9 Jule Damaske <\/p>\n<p class=\"tspAOg2\">13 Hausbewohner waren von der R\u00e4umung betroffen. Wie ein Feuerwehrsprecher sagte, wohnten noch mehr Menschen in dem Haus, waren aber am Morgen nicht anwesend und zum Beispiel im Urlaub. Von der Feuerwehr hie\u00df es am Abend, dass alle Anwohner Ersatzunterk\u00fcnfte bei Bekannten gefunden h\u00e4tten, das Bezirksamt habe keine Anwohner unterbringen m\u00fcssen.<\/p>\n<p class=\"tspAOg2\">\u201eDie Feuerwehr hat mich geweckt, sonst h\u00e4tten sie den Schl\u00fcsseldienst geholt\u201c, sagte ein junger Bewohner des Hauses der Nachrichtenagentur DPA, als er seine Wohnung verlassen musste. \u201eIch habe ein paar Anziehsachen eingepackt, Zahnb\u00fcrste. Was man halt so braucht.\u201c Den folgenreichen Schaden am Dach habe er nicht kommen sehen.<\/p>\n<p> Anwohner und Miteigent\u00fcmer beauftragten Statiker <\/p>\n<p class=\"tspAOg2\">Nach Auskunft eines Miteigent\u00fcmers sind sowohl er als auch weitere Anwohnende des Hauses vor einigen Tagen auf dem Dach gewesen und h\u00e4tten dort zuf\u00e4llig einen Schaden entdeckt. Sie h\u00e4tten daraufhin einen Statiker zur Einsch\u00e4tzung der Folgen beauftragt. \u201eEs ist nicht irgendjemand Drittes gekommen und hat das festgestellt, sondern wir haben das veranlasst. Sonst w\u00e4re wahrscheinlich nichts passiert.\u201c<\/p>\n<p class=\"tspAOg2\">\u201eWeil weitere Ver\u00e4nderungen nicht ausgeschlossen werden konnten, wurde heute auch die Feuerwehr mit hinzugezogen\u201c, sagte ein Feuerwehrsprecher am Donnerstag.\u00a0<\/p>\n<p class=\"tspAOg2\">Bilder auf der Plattform Google Streetview zeigen, dass bereits seit 2022 eine Verschiebung des Dachs erkennbar ist. Auch Oktay Rude kann das best\u00e4tigen. Er besitzt einen Laden auf der gegen\u00fcberliegenden Stra\u00dfenseite und sagt, dass die W\u00f6lbung seit knapp f\u00fcnf Jahren sichtbar sei.<\/p>\n<p><img decoding=\"async\" src=\"https:\/\/www.europesays.com\/de\/wp-content\/uploads\/2025\/08\/photo-2025-08-28-12-21-56.jpeg\"   alt=\"\" aria-labelledby=\"caption-14240522\" width=\"440\" height=\"330\" loading=\"lazy\" class=\"tspBWlw\"\/> Oktay Rude vor seinem Kiosk in der Reinhardtstra\u00dfe. <\/p>\n<p class=\"tspACfq\"> \u00a9 Jule Damaske \/ Tagesspiegel <\/p>\n<p class=\"tspAOg2\">Das Haus wurde nach Auskunft eines Anwohners vor 20 Jahren saniert. Er wohnt in der ersten Etage und hofft, dass er nicht in ein Hotel ziehen muss. Von dem Gro\u00dfeinsatz erfuhr er durch einen Nachbarn. Dieser hatte ihn auf der Arbeit angerufen und gefragt, ob er schon Bescheid w\u00fcsste. Zwei weitere Anwohner wurden in das Haus begleitet, um Sachen f\u00fcr die Nacht zu holen. <\/p>\n<p> Mehr aus Berlin: <a href=\"https:\/\/www.tagesspiegel.de\/berlin\/milliarden-vom-bund-wofur-berlin-senat-das-sondervermogen-ausgeben-will-14231009.html?icid=topic-list_14239424___\" data-gtm-class=\"article-mzt-link\" class=\"tspCMoe\" target=\"_blank\" rel=\"noopener\">Milliarden vom Bund Wof\u00fcr der Berliner Senat das Sonderverm\u00f6gen ausgeben will <\/a><a href=\"https:\/\/www.tagesspiegel.de\/berlin\/32-jahre-fur-32-kilometer-wie-berlin-mit-der-a100-verlangerung-geschichte-schrieb--eine-chronik-14230613.html?icid=topic-list_14239424___\" data-gtm-class=\"article-mzt-link\" class=\"tspCMoe\" target=\"_blank\" rel=\"noopener\">32 Jahre f\u00fcr 3,2 Kilometer Wie Berlin mit der A100-Verl\u00e4ngerung Geschichte schrieb <\/a><a href=\"https:\/\/www.tagesspiegel.de\/berlin\/schule\/zehn-jahre-nach-wir-schaffen-das-wie-gut-gelingt-berlins-schulen-die-integration-von-gefluchteten-14217530.html?icid=topic-list_14239424___\" data-gtm-class=\"article-mzt-link\" class=\"tspCMoe\" target=\"_blank\" rel=\"noopener\">Zehn Jahre nach \u201eWir schaffen das\u201c Wie gut gelingt Berlins Schulen die Integration von Gefl\u00fcchteten? <\/a><\/p>\n<p class=\"tspAOg2\">Der Vorfall erinnert an ein Haus in Berlin-Sch\u00f6neberg, das im April ebenfalls wegen Einsturzgefahr evakuiert werden musste. Damals waren Risse in dem Geb\u00e4ude an der Ecke Goltz-\/Grunewaldstra\u00dfe entdeckt worden. Die neun Mieterinnen und Mieter durften rund einen Monat lang nicht in ihre Wohnungen zur\u00fcck, bis ein Pr\u00fcfstatiker eine Stahlkonstruktion zur St\u00fctzung eines Erkers freigab. (mit dpa)<\/p>\n","protected":false},"excerpt":{"rendered":"Unweit des Friedrichstadtpalasts in Berlin-Mitte ist am Donnerstag ein Haus wegen akuter Einsturzgefahr des Dachstuhls ger\u00e4umt worden. Bis&hellip;\n","protected":false},"author":2,"featured_media":380175,"comment_status":"","ping_status":"","sticky":false,"template":"","format":"standard","meta":{"footnotes":""},"categories":[2],"tags":[29,985,30,13,7134,525,14,15,5173,12,10,8,9,11],"class_list":{"0":"post-381381","1":"post","2":"type-post","3":"status-publish","4":"format-standard","5":"has-post-thumbnail","7":"category-deutschland","8":"tag-deutschland","9":"tag-feuerwehr","10":"tag-germany","11":"tag-headlines","12":"tag-mieten","13":"tag-mitte","14":"tag-nachrichten","15":"tag-news","16":"tag-rettungswesen","17":"tag-schlagzeilen","18":"tag-top-news","19":"tag-top-meldungen","20":"tag-topmeldungen","21":"tag-topnews"},"share_on_mastodon":{"url":"https:\/\/pubeurope.com\/@de\/115110999943568578","error":""},"_links":{"self":[{"href":"https:\/\/www.europesays.com\/de\/wp-json\/wp\/v2\/posts\/381381","targetHints":{"allow":["GET"]}}],"collection":[{"href":"https:\/\/www.europesays.com\/de\/wp-json\/wp\/v2\/posts"}],"about":[{"href":"https:\/\/www.europesays.com\/de\/wp-json\/wp\/v2\/types\/post"}],"author":[{"embeddable":true,"href":"https:\/\/www.europesays.com\/de\/wp-json\/wp\/v2\/users\/2"}],"replies":[{"embeddable":true,"href":"https:\/\/www.europesays.com\/de\/wp-json\/wp\/v2\/comments?post=381381"}],"version-history":[{"count":0,"href":"https:\/\/www.europesays.com\/de\/wp-json\/wp\/v2\/posts\/381381\/revisions"}],"wp:featuredmedia":[{"embeddable":true,"href":"https:\/\/www.europesays.com\/de\/wp-json\/wp\/v2\/media\/380175"}],"wp:attachment":[{"href":"https:\/\/www.europesays.com\/de\/wp-json\/wp\/v2\/media?parent=381381"}],"wp:term":[{"taxonomy":"category","embeddable":true,"href":"https:\/\/www.europesays.com\/de\/wp-json\/wp\/v2\/categories?post=381381"},{"taxonomy":"post_tag","embeddable":true,"href":"https:\/\/www.europesays.com\/de\/wp-json\/wp\/v2\/tags?post=381381"}],"curies":[{"name":"wp","href":"https:\/\/api.w.org\/{rel}","templated":true}]}}