{"id":381514,"date":"2025-08-29T09:50:24","date_gmt":"2025-08-29T09:50:24","guid":{"rendered":"https:\/\/www.europesays.com\/de\/381514\/"},"modified":"2025-08-29T09:50:24","modified_gmt":"2025-08-29T09:50:24","slug":"abschoepfen-und-abhauen-infosperber","status":"publish","type":"post","link":"https:\/\/www.europesays.com\/de\/381514\/","title":{"rendered":"Absch\u00f6pfen und abhauen \u2013 infosperber"},"content":{"rendered":"<p class=\"author-meta\"><a href=\"https:\/\/www.infosperber.ch\/freiheit-recht\/abschoepfen-und-abhauen\/mailto:pascal.sigg@infosperber.ch\" rel=\"nofollow noopener\" target=\"_blank\">Pascal Sigg<\/a> \/ 29.08.2025\t\t\t\t<strong>\u00a0Ein hochaktueller Dokumentarfilm zeigt, wie eine globale Elite Gesellschaften aush\u00f6hlt \u2013 und wie sich dagegen Widerstand regt.<\/strong>\n\t\t\t<\/p>\n<p>Der schwedische Dokumentarfilmer Fredrik Gertten ist als widerst\u00e4ndig bekannt. 2009 erz\u00e4hlte er im Film \u00abBananas!\u00bb, wie ehemalige Arbeiter des Bananenproduzenten Dole ihren Ex-Arbeitgeber verklagten, da dieser das Pestizid DBCB trotz Verbots in den USA weiterhin in Nicaragua eingesetzt hatte. Dole wollte den Film stoppen und verklagte Gertten. Doch er wehrte sich und schlug mit dem Film \u00abBig Boys Gone Bananas!\u00bb zwei Jahre sp\u00e4ter zur\u00fcck. Dieser handelte von seinem letztlich erfolgreichen Kampf gegen den Versuch der Firma, ihn mundtot zu machen. Nun hagelte es Einladungen an grosse Festivals und Preise.<\/p>\n<\/p>\n<p>Der Trailer f\u00fcr Gerttens Dokfilm Big Boys Gone Bananas! (2011)<\/p>\n<p>Auch Gerttens neuster Film handelt von Gerechtigkeit und dem Kampf f\u00fcr freie Meinungs\u00e4usserung. \u00abBreaking Social\u00bb (derzeit gratis zu sehen in der <a href=\"https:\/\/www.arte.tv\/de\/videos\/122231-000-A\/breaking-social\/\" target=\"_blank\" rel=\"noreferrer noopener nofollow\">Arte-Mediathek<\/a>) handelt von Kleptokratie, Korruption und lokalen K\u00e4mpfen f\u00fcr gerechte Gesellschaften. Gertten ordnet damit bekannte Aufst\u00e4nde, Proteste und Skandale der letzten Jahre neu ein und stellt bisher wenig bekannte Zusammenh\u00e4nge her.<\/p>\n<p>Malta, Chile, West-Virginia<\/p>\n<p>Gertten reist nach Chile, wo 2019 riesige Demonstrationen f\u00fcr Gerechtigkeit das Land ver\u00e4nderten, und er reist er nach West-Virginia, wo 2018 die Lehrpersonen streikten. Ihr Lohn reichte kaum zum Leben, w\u00e4hrend Bergbaufirmen den rohstoffreichen US-Bundesstaat pl\u00fcnderten. An einer Kundgebung skandierten sie: \u00abWir lieben unsere Kinder!\u00bb<\/p>\n<p>In West-Virginia trifft Gertten auch <a href=\"https:\/\/en.wikipedia.org\/wiki\/Sarah_Chayes\" target=\"_blank\" rel=\"noreferrer noopener nofollow\">Sarah Chayes<\/a>, welche auf der ganzen Welt kleptokratische Regimes analysiert. Sie sagt ihm, dass sie ein Modell basierend auf korrupten Entwicklungsl\u00e4ndern entwickelt und auf die USA angewandt habe. \u00abDass es passt, h\u00e4tte ich erwartet. Aber nicht in diesem Ausmass.\u00bb Schwere, strukturelle Korruption folge einem Schema. In West-Virginia l\u00e4uft dies gem\u00e4ss Chayes nach dem Motto Extraktion: Nehmen und nichts zur\u00fcckgeben. Wenige Leute werden extrem reich. Aber nichts bleibt vor Ort. Kein Gewinn kommt den einfachen Leuten oder dem Land zugute.<\/p>\n<p><img loading=\"lazy\" decoding=\"async\" width=\"1024\" height=\"596\" src=\"https:\/\/www.europesays.com\/de\/wp-content\/uploads\/2025\/08\/Bildschirmfoto-2025-08-15-um-16.34.45-1024x596.png\" alt=\"\" class=\"wp-image-645493\"  \/><\/p>\n<p>Freier Verkehr f\u00fcr Reiche<\/p>\n<p>Dies zeigt sich auch in Malta, wo Gertten nach der Ermordung der Journalistin Daphne Caruana Galizia erf\u00e4hrt, wie sich eine kleine Kaste in kurzer Zeit auf Staatskosten <a href=\"https:\/\/www.theguardian.com\/commentisfree\/2019\/dec\/03\/malta-corruption-daphne-caruana-galizia-murder\" target=\"_blank\" rel=\"noreferrer noopener nofollow\">enorm bereicherte<\/a>. Zum kleptokratischen System Maltas z\u00e4hlt Gertten auch das Passprogramm, zu welchem Galizia zum Zeitpunkt <a href=\"https:\/\/www.ndr.de\/fernsehen\/sendungen\/panorama\/archiv\/2018\/Der-Passhandel-und-der-Mord-von-Malta,passhandel160.html\" target=\"_blank\" rel=\"noreferrer noopener nofollow\">ihrer Ermordung recherchierte<\/a>. Damit k\u00f6nnen reiche Ausl\u00e4nder in Malta f\u00fcr viel Geld einen EU-Pass kaufen.<\/p>\n<p>Dies f\u00fchrt ihn zur hierzulande noch wenig bekannten Geschichte des englischen Ex-Soldaten Sven Hughes, der in der Karibik Wahlk\u00e4mpfe plante und durchf\u00fchrte. Eines Tages erfuhr er, dass einer von ihnen fast komplett von der Firma Henley &amp; Partners finanziert wurde \u2013 einer Firma, die solventen \u00abWeltb\u00fcrgern\u00bb P\u00e4sse besorgt.<\/p>\n<\/p>\n<p>Ein Werbevideo der Firma Henley &amp; Partners (2020)<\/p>\n<p>Hughes sagt im Film: \u00abZur Vermeidung von Steuern wechseln Weltb\u00fcrger wie selbstverst\u00e4ndlich zwischen Identit\u00e4ten und Staatsb\u00fcrgerschaften. F\u00fcr alle m\u00f6glichen L\u00e4nder wie Portugal, Spanien, Grossbritannien, Karibikstaaten und Malta kann man P\u00e4sse kaufen und erwirbt so die Staatsb\u00fcrgerschaft. Diese neugeschaffenen B\u00fcrger existieren jenseits normaler internationaler Verantwortung und Rechenschaftspflicht.\u00bb<br \/>Gem\u00e4ss Hughes war <a href=\"https:\/\/www.swissinfo.ch\/ger\/aussenpolitik\/wie-ein-schweizer-anwalt-goldene-p%C3%A4sse-vermittelte-bis-die-eu-einschritt\/89392975\" target=\"_blank\" rel=\"noreferrer noopener nofollow\">der Schweizer Anwalt Christian K\u00e4lin<\/a> von Henley &amp; Partners in direktem Kontakt mit Politikern und formulierte ausdr\u00fccklich die W\u00fcnsche seiner milliardenschweren Klientel f\u00fcr grosse Ver\u00e4nderungen im Land.<\/p>\n<p><img loading=\"lazy\" decoding=\"async\" width=\"1012\" height=\"620\" src=\"https:\/\/www.europesays.com\/de\/wp-content\/uploads\/2025\/08\/hughes.png\" alt=\"\" class=\"wp-image-645491\"  \/><\/p>\n<p>Gem\u00e4ss Hughes haben diese globalen Eliten eine transnationale Welt geschaffen, die nur ihnen allein geh\u00f6rt. Technisch gesehen m\u00f6gen sie B\u00fcrger des einen oder anderen Staates sein. Aber selbst w\u00fcrden sie sich nicht so sehen. Sie lebten in ihren Jets, auf ihren Jachten und in Luxushotels. Sie f\u00fchlten sich keinem Land oder dessen B\u00fcrgern verpflichtet. \u00abSobald man kleptokratische Beamte oder Wirtschaftsf\u00fchrer ins System aufnimmt, f\u00e4rben ihre Praktiken ab.\u00bb<\/p>\n<p>\u00abDieses neuartige Gebilde \u00bb, so Hughes weiter, \u00abbringt Personen an die Macht und entfernt sie auch. Kein Gesetz wird diesen neuartigen Unternehmen gerecht. Weltweit kaufen reiche Leute P\u00e4sse und entscheiden, wer regiert und wer nicht. Es gibt einen Mechanismus daf\u00fcr.\u00bb Die ARD erkl\u00e4rte das Modell auch anderer Passh\u00e4ndler vor vier Jahren. Es d\u00fcrfte auch f\u00fcr die Schweiz relevant sein, weil EU-Angeh\u00f6rige beim Immobilienerwerb in der Schweiz die gleichen Freiheiten geniessen wie Schweizerinnen und Schweizer.<\/p>\n<\/p>\n<p>ARD-Beitrag \u00fcber den Passhandel auf Zypern (2020)<\/p>\n<p>Ein Verdienst Gerttens ist, dass er nicht in der Anklage verharrt. Er spricht auch mit dem holl\u00e4ndischen Historiker Rutger Bregman. Dieser erkl\u00e4rt im Film, dass Menschen nicht nat\u00fcrlich korrupt seien. Dass, wie in der Evolutionstheorie postuliert, die St\u00e4rkeren \u00fcberlebten, stimme nicht. Treffender w\u00e4re gem\u00e4ss ihm, von einem \u00dcberleben der Freundlicheren zu sprechen. \u00abWir sollten nutzen, was in uns angelegt ist. Die Evolution verlief in Richtung mehr N\u00e4he zueinander. Doch unsere Gesellschaften erh\u00f6hen die Distanz. Das erzeugt Stress und f\u00fchrt zu Problemen.\u00bb<\/p>\n<p>Der ausbeuterischen Individualisierung, zeigt Gertten anhand verschiedener Beispiele, kann denn auch erfolgreich mit kollektivem Handeln begegnet werden. Und, so suggeriert Bregman, mit einem Beharren auf N\u00e4he und Verantwortung.<\/p>\n<p>Themenbezogene Interessenbindung der Autorin\/des Autors<\/p>\n<p>Keine<br \/>_____________________<br \/>\u2794 Solche Artikel sind nur dank Ihren <a href=\"https:\/\/www.infosperber.ch\/spenden\/\" rel=\"nofollow noopener\" target=\"_blank\">SPENDEN<\/a> m\u00f6glich. Spenden an unsere Stiftung k\u00f6nnen Sie bei den Steuern abziehen.<\/p>\n<p>Mit Twint oder Bank-App auch gleich hier:<\/p>\n<p><img decoding=\"async\" src=\"https:\/\/www.europesays.com\/de\/wp-content\/uploads\/2025\/04\/QR-IS-150-px.png\"\/><\/p>\n<p>_____________________<br \/>Meinungen in Beitr\u00e4gen auf Infosperber entsprechen jeweils den pers\u00f6nlichen Einsch\u00e4tzungen der Autorin oder des Autors.<\/p>\n<p><img loading=\"lazy\" decoding=\"async\" src=\"https:\/\/www.europesays.com\/de\/wp-content\/uploads\/2025\/08\/28415470a5444c399baef36943328f7d.gif\" width=\"1\" height=\"1\" alt=\"\"\/><\/p>\n","protected":false},"excerpt":{"rendered":"Pascal Sigg \/ 29.08.2025 \u00a0Ein hochaktueller Dokumentarfilm zeigt, wie eine globale Elite Gesellschaften aush\u00f6hlt \u2013 und wie sich&hellip;\n","protected":false},"author":2,"featured_media":381515,"comment_status":"","ping_status":"","sticky":false,"template":"","format":"standard","meta":{"footnotes":""},"categories":[1771],"tags":[1778,29,214,30,95,1777,215],"class_list":{"0":"post-381514","1":"post","2":"type-post","3":"status-publish","4":"format-standard","5":"has-post-thumbnail","7":"category-kino","8":"tag-cinema","9":"tag-deutschland","10":"tag-entertainment","11":"tag-germany","12":"tag-kino","13":"tag-movie","14":"tag-unterhaltung"},"share_on_mastodon":{"url":"https:\/\/pubeurope.com\/@de\/115111436348546471","error":""},"_links":{"self":[{"href":"https:\/\/www.europesays.com\/de\/wp-json\/wp\/v2\/posts\/381514","targetHints":{"allow":["GET"]}}],"collection":[{"href":"https:\/\/www.europesays.com\/de\/wp-json\/wp\/v2\/posts"}],"about":[{"href":"https:\/\/www.europesays.com\/de\/wp-json\/wp\/v2\/types\/post"}],"author":[{"embeddable":true,"href":"https:\/\/www.europesays.com\/de\/wp-json\/wp\/v2\/users\/2"}],"replies":[{"embeddable":true,"href":"https:\/\/www.europesays.com\/de\/wp-json\/wp\/v2\/comments?post=381514"}],"version-history":[{"count":0,"href":"https:\/\/www.europesays.com\/de\/wp-json\/wp\/v2\/posts\/381514\/revisions"}],"wp:featuredmedia":[{"embeddable":true,"href":"https:\/\/www.europesays.com\/de\/wp-json\/wp\/v2\/media\/381515"}],"wp:attachment":[{"href":"https:\/\/www.europesays.com\/de\/wp-json\/wp\/v2\/media?parent=381514"}],"wp:term":[{"taxonomy":"category","embeddable":true,"href":"https:\/\/www.europesays.com\/de\/wp-json\/wp\/v2\/categories?post=381514"},{"taxonomy":"post_tag","embeddable":true,"href":"https:\/\/www.europesays.com\/de\/wp-json\/wp\/v2\/tags?post=381514"}],"curies":[{"name":"wp","href":"https:\/\/api.w.org\/{rel}","templated":true}]}}