{"id":381557,"date":"2025-08-29T10:12:19","date_gmt":"2025-08-29T10:12:19","guid":{"rendered":"https:\/\/www.europesays.com\/de\/381557\/"},"modified":"2025-08-29T10:12:19","modified_gmt":"2025-08-29T10:12:19","slug":"luminiscence-im-st-paulus-dom","status":"publish","type":"post","link":"https:\/\/www.europesays.com\/de\/381557\/","title":{"rendered":"Luminiscence im St. Paulus Dom"},"content":{"rendered":"<p>Das Innere des St. Paulus Dom ist ab dem 4. September kaum noch wiederzuerkennen: Das 360\u00b0-Illuminationserlebnis Luminiscence kommt erstmals nach Deutschland und verwandelt den M\u00fcnsteraner Dom in ein echtes Lichtermeer.<\/p>\n<p>Was erwartet mich bei Luminiscence in M\u00fcnster?<\/p>\n<p>Besucher:innen k\u00f6nnen dann die Geschichte des Doms in einem Zusammenspiel von innovativer Technologie, Lichtspiel und Musik erleben: Chor und Orgel treten live auf und sorgen f\u00fcr eine ganz besondere Atmosph\u00e4re.<\/p>\n<p>Durch die unterschiedlichen Epochen des Doms seit der Grundsteinlegung vor 800 Jahren f\u00fchrt dabei Mechthild Gro\u00dfmann als Stimme aus dem Off aus der Sicht der Kathedrale selbst. Gro\u00dfmann und ihre markante Stimme sind bekannt aus dem M\u00fcnster-Tatort. Dort spielt die in M\u00fcnster geborene Schauspielerin die rauchende Staatsanw\u00e4ltin. Ihr Auftritt als Stimme aus dem Off macht Gro\u00dfmann stolz: \u201eWenn das meine Mutter noch erlebt h\u00e4tte \u2013 als Kind musste ich immer ein Bl\u00fcmchen zum Kardinal von Galen bringen \u2013 und heute darf ich mit dem Weihbischof telefonieren und dem Dom in M\u00fcnster meine Stimme geben \u2013 toll!\u201c<\/p>\n<p>Luminiscence bleibt voraussichtlich bis Anfang 2026 im St. Paulus Dom in M\u00fcnster. Vorstellungen gibt es zwei- bis dreimal am Abend von Mittwoch bis Samstag.<\/p>\n<p>Ursprung in Frankreich<\/p>\n<p>Erfunden hat das Projekt der franz\u00f6sische Produzente LOTCHI. Dahinter steckt sein Wunsch, Kulturst\u00e4tten durch Emotion, Technologie und Storytelling neu zum Leben zu erwecken.\u00a0In Frankreich und mittlerweile auch Spanien hat Luminiscence schon \u00fcber 500.000 Besucher:innen in Kulturst\u00e4tten gelockt. Der Inhalt der Luminiscence-Show in M\u00fcnster ist in Zusammenarbeit mit dem Bistum M\u00fcnster entstanden.<\/p>\n<p>Hier bekommt ihr Einblicke in die bisherigen Veranstaltungen in Frankreich und Spanien:<\/p>\n<p>Luminiscence in Frankreich und SpanienHier gibt&#8217;s Tickets<\/p>\n<p>Die Tickets sind in die Kategorien &#8222;Silber&#8220;, &#8222;Gold&#8220; und &#8222;Platin&#8220; unterteilt und <a href=\"https:\/\/feverup.com\/m\/360254\" rel=\"noopener noreferrer nofollow\" target=\"_blank\">auf der Homepage von Luminiscence erh\u00e4ltlich<\/a>. Das sind die Ticketpreise:<\/p>\n<ul>\n<li>&#8222;Silber&#8220; &#8211; 29 Euro (unter 18 Jahren &#8211; 23 Euro)<\/li>\n<li>&#8222;Gold&#8220; &#8211; 39 Euro (unter 18 Jahren &#8211; 31 Euro)<\/li>\n<li>&#8222;Platin&#8220; &#8211; 49 Euro (unter 18 Jahren &#8211; 39 Euro)<\/li>\n<\/ul>\n<p>Gruppen ab zehn Personen sollen sich an die Mailadresse <a href=\"https:\/\/www.antennemuenster.de\/mailto:info@myshow.de\" rel=\"noopener noreferrer nofollow\" target=\"_blank\">info@myshow.de<\/a> wenden.<\/p>\n","protected":false},"excerpt":{"rendered":"Das Innere des St. Paulus Dom ist ab dem 4. September kaum noch wiederzuerkennen: Das 360\u00b0-Illuminationserlebnis Luminiscence kommt&hellip;\n","protected":false},"author":2,"featured_media":381558,"comment_status":"","ping_status":"","sticky":false,"template":"","format":"standard","meta":{"footnotes":""},"categories":[1843],"tags":[17344,5677,16222,103162,3364,29,74841,30,8970,1209],"class_list":{"0":"post-381557","1":"post","2":"type-post","3":"status-publish","4":"format-standard","5":"has-post-thumbnail","7":"category-muenster","8":"tag-mnstertipp","9":"tag-munster","10":"tag-dom","11":"tag-mnsteraner-dom","12":"tag-de","13":"tag-deutschland","14":"tag-domplatz","15":"tag-germany","16":"tag-muenster","17":"tag-nordrhein-westfalen"},"share_on_mastodon":{"url":"https:\/\/pubeurope.com\/@de\/115111522825456825","error":""},"_links":{"self":[{"href":"https:\/\/www.europesays.com\/de\/wp-json\/wp\/v2\/posts\/381557","targetHints":{"allow":["GET"]}}],"collection":[{"href":"https:\/\/www.europesays.com\/de\/wp-json\/wp\/v2\/posts"}],"about":[{"href":"https:\/\/www.europesays.com\/de\/wp-json\/wp\/v2\/types\/post"}],"author":[{"embeddable":true,"href":"https:\/\/www.europesays.com\/de\/wp-json\/wp\/v2\/users\/2"}],"replies":[{"embeddable":true,"href":"https:\/\/www.europesays.com\/de\/wp-json\/wp\/v2\/comments?post=381557"}],"version-history":[{"count":0,"href":"https:\/\/www.europesays.com\/de\/wp-json\/wp\/v2\/posts\/381557\/revisions"}],"wp:featuredmedia":[{"embeddable":true,"href":"https:\/\/www.europesays.com\/de\/wp-json\/wp\/v2\/media\/381558"}],"wp:attachment":[{"href":"https:\/\/www.europesays.com\/de\/wp-json\/wp\/v2\/media?parent=381557"}],"wp:term":[{"taxonomy":"category","embeddable":true,"href":"https:\/\/www.europesays.com\/de\/wp-json\/wp\/v2\/categories?post=381557"},{"taxonomy":"post_tag","embeddable":true,"href":"https:\/\/www.europesays.com\/de\/wp-json\/wp\/v2\/tags?post=381557"}],"curies":[{"name":"wp","href":"https:\/\/api.w.org\/{rel}","templated":true}]}}