{"id":381596,"date":"2025-08-29T10:33:09","date_gmt":"2025-08-29T10:33:09","guid":{"rendered":"https:\/\/www.europesays.com\/de\/381596\/"},"modified":"2025-08-29T10:33:09","modified_gmt":"2025-08-29T10:33:09","slug":"arbeitsmarkt-hoechste-quote-seit-2010-arbeitslosigkeit-in-bayern-steigt-bayern","status":"publish","type":"post","link":"https:\/\/www.europesays.com\/de\/381596\/","title":{"rendered":"Arbeitsmarkt &#8211; H\u00f6chste Quote seit 2010: Arbeitslosigkeit in Bayern steigt &#8211; Bayern"},"content":{"rendered":"<p data-manual=\"teaserText\" data-schema-org-speakable=\"true\">Der Arbeitsmarkt im Freistaat steht weiter unter Druck. Mit 4,2 Prozent ist die Arbeitslosenquote in einem August so hoch wie seit 15 Jahren nicht mehr.<\/p>\n<p data-manual=\"paragraph\" data-schema-org-speakable=\"true\" class=\"css-xboolz\">N\u00fcrnberg (dpa\/lby) &#8211; Die Arbeitslosenquote in <a href=\"https:\/\/www.sueddeutsche.de\/thema\/Bayern\" target=\"_blank\" rel=\"noopener\">Bayern<\/a> ist mit 4,2 Prozent auf den h\u00f6chsten Wert in einem August seit 2010 geklettert. Die Zahl der Arbeitslosen stieg auf 326.947, wie die Regionaldirektion Bayern der Bundesagentur f\u00fcr Arbeit in N\u00fcrnberg mitteilte. Das sind 14.923 oder 4,8 Prozent Arbeitslose mehr als noch im Juli.<\/p>\n<p data-manual=\"paragraph\" data-schema-org-speakable=\"true\" class=\"css-xboolz\">Im Vergleich zum Vorjahr verzeichnete die Beh\u00f6rde bei der Zahl der Arbeitslosen ein Plus von 9,1 Prozent. Die Arbeitslosenquote hatte im August 2024 noch bei 3,9 Prozent gelegen. Im bundesweiten Vergleich weist Bayern allerdings weiter die niedrigste Arbeitslosenquote auf.\u00a0<\/p>\n<p>\u201eArbeitgeber sind weiter zur\u00fcckhaltend\u201c<\/p>\n<p data-manual=\"paragraph\" data-schema-org-speakable=\"true\" class=\"css-xboolz\">\u201eAuch die Besch\u00e4ftigung w\u00e4chst weiterhin kaum noch, Arbeitgeber sind weiter zur\u00fcckhaltend mit der Besetzung offener Stellen\u201c, teilte der stellvertretende Chef der Regionaldirektion, Peter Michel, mit. Die Chance, eine Arbeitslosigkeit durch Aufnahme einer neuen Besch\u00e4ftigung zu beenden, sei weiter gesunken.\u00a0<\/p>\n<p data-manual=\"paragraph\" data-schema-org-speakable=\"true\" class=\"css-xboolz\">Der Anstieg im August kommt nicht unerwartet. Knapp die H\u00e4lfte des Zuwachses geht auf Menschen unter 25 Jahren zur\u00fcck, die sich im \u00dcbergang von der Schule zu einer Ausbildung oder einem Studium befinden oder nach dem Studium in den Beruf starten.\u00a0<\/p>\n<p data-manual=\"paragraph\" data-schema-org-speakable=\"true\" class=\"css-xboolz\">Laut Bayerns Arbeitsministerin Ulrike Scharf (CSU) sind noch einige junge Menschen ohne Ausbildungsplatz. Den 91.911 gemeldeten Ausbildungsstellen standen im August demnach 61.475 Bewerberinnen und Bewerber gegen\u00fcber. Als Grund f\u00fcr die eingetr\u00fcbte Lage am <a href=\"https:\/\/www.sueddeutsche.de\/thema\/Arbeitsmarkt\" target=\"_blank\" rel=\"noopener\">Arbeitsmarkt<\/a> sieht Scharf neben der \u00dcbergangszeit bei der Ausbildung die schwache Konjunktur.\u00a0<\/p>\n<p>Weniger Arbeitskr\u00e4fte gefragt<\/p>\n<p data-manual=\"paragraph\" data-schema-org-speakable=\"true\" class=\"css-xboolz\">Auch die Nachfrage nach Arbeitskr\u00e4ften hat in Bayern weiter nachgelassen. Die Zahl der neu gemeldeten Stellen ging im Vergleich zum Vorjahr um 8,2 Prozent auf 167.606 zur\u00fcck. Zu den besonders betroffenen Branchen z\u00e4hlen unter anderem der Handel, die Instandhaltung und Reparatur von Kraftfahrzeugen, die Metall- und Elektroindustrie sowie die Stahlindustrie.<\/p>\n<p data-manual=\"paragraph\" data-schema-org-speakable=\"true\" class=\"css-xboolz\">Die Vereinigung der Bayerischen Wirtschaft (vbw) sieht eine paradoxe Lage. \u201eWir haben einerseits eine sich verfestigende Arbeitslosigkeit. Andererseits haben bayerische Unternehmen der Regionaldirektion einen Bestand von \u00fcber 112.000 offenen Arbeitsstellen gemeldet\u201c, teilte vbw-Hauptgesch\u00e4ftsf\u00fchrer Bertram Brossardt mit.\u00a0<\/p>\n<p data-manual=\"paragraph\" data-schema-org-speakable=\"true\" class=\"css-xboolz\">Er zeigte sich zuversichtlich, wieder mehr Menschen in Arbeit zu bekommen. Daf\u00fcr seien eine gezielte Vermittlung durch die Arbeitsagenturen und Transfergesellschaften sowie passende Qualifizierungsma\u00dfnahmen und berufliche Weiterbildung notwendig.<\/p>\n<p data-manual=\"paragraph\" data-schema-org-speakable=\"true\" class=\"css-xboolz\">\u00a9 dpa-infocom, dpa:250829-930-970332\/2<\/p>\n","protected":false},"excerpt":{"rendered":"Der Arbeitsmarkt im Freistaat steht weiter unter Druck. Mit 4,2 Prozent ist die Arbeitslosenquote in einem August so&hellip;\n","protected":false},"author":2,"featured_media":381597,"comment_status":"","ping_status":"","sticky":false,"template":"","format":"standard","meta":{"footnotes":""},"categories":[1837],"tags":[12616,620,772,3364,29,30,3783,103175,149],"class_list":{"0":"post-381596","1":"post","2":"type-post","3":"status-publish","4":"format-standard","5":"has-post-thumbnail","7":"category-nuernberg","8":"tag-arbeit-und-soziales","9":"tag-arbeitsmarkt","10":"tag-bayern","11":"tag-de","12":"tag-deutschland","13":"tag-germany","14":"tag-nuernberg","15":"tag-regionaldirektion-bayern-der-bundesagentur-fuer-arbeit","16":"tag-sueddeutsche-zeitung"},"share_on_mastodon":{"url":"https:\/\/pubeurope.com\/@de\/115111605439094071","error":""},"_links":{"self":[{"href":"https:\/\/www.europesays.com\/de\/wp-json\/wp\/v2\/posts\/381596","targetHints":{"allow":["GET"]}}],"collection":[{"href":"https:\/\/www.europesays.com\/de\/wp-json\/wp\/v2\/posts"}],"about":[{"href":"https:\/\/www.europesays.com\/de\/wp-json\/wp\/v2\/types\/post"}],"author":[{"embeddable":true,"href":"https:\/\/www.europesays.com\/de\/wp-json\/wp\/v2\/users\/2"}],"replies":[{"embeddable":true,"href":"https:\/\/www.europesays.com\/de\/wp-json\/wp\/v2\/comments?post=381596"}],"version-history":[{"count":0,"href":"https:\/\/www.europesays.com\/de\/wp-json\/wp\/v2\/posts\/381596\/revisions"}],"wp:featuredmedia":[{"embeddable":true,"href":"https:\/\/www.europesays.com\/de\/wp-json\/wp\/v2\/media\/381597"}],"wp:attachment":[{"href":"https:\/\/www.europesays.com\/de\/wp-json\/wp\/v2\/media?parent=381596"}],"wp:term":[{"taxonomy":"category","embeddable":true,"href":"https:\/\/www.europesays.com\/de\/wp-json\/wp\/v2\/categories?post=381596"},{"taxonomy":"post_tag","embeddable":true,"href":"https:\/\/www.europesays.com\/de\/wp-json\/wp\/v2\/tags?post=381596"}],"curies":[{"name":"wp","href":"https:\/\/api.w.org\/{rel}","templated":true}]}}