{"id":381621,"date":"2025-08-29T10:51:16","date_gmt":"2025-08-29T10:51:16","guid":{"rendered":"https:\/\/www.europesays.com\/de\/381621\/"},"modified":"2025-08-29T10:51:16","modified_gmt":"2025-08-29T10:51:16","slug":"stadtverwaltung-startet-ins-studien-und-ausbildungsjahr-2025-stadt-leipzig","status":"publish","type":"post","link":"https:\/\/www.europesays.com\/de\/381621\/","title":{"rendered":"Stadtverwaltung startet ins Studien- und Ausbildungsjahr 2025\u00a0&#8211; Stadt Leipzig"},"content":{"rendered":"<p>In einem mehrstufigen Verfahren hat sich jede\/-r im Schnitt gegen etwa 19 Mitbewerberinnen und -bewerber durchgesetzt. Derzeit bildet die Stadt rund 350 Nachwuchskr\u00e4fte in 25 Ausbildungs- und Studienrichtungen aus. Auch in der aktuellen Haushaltslage verpflichtet sich die Stadtverwaltung Leipzig dazu, Fachkr\u00e4fte auszubilden und setzt damit ein klares Zeichen f\u00fcr nachhaltige Personalentwicklung und Zukunftssicherung.\u00a0<\/p>\n<p>Die Veranstaltung im Neuen Rathaus dient dazu, dass sich die Auszubildenden und die Studentinnen und Studenten vernetzen. Zudem erhalten sie grundlegende Informationen, beispielsweise zum Betrieblichen Gesundheitsmanagement.\u00a0<\/p>\n<p>Bandbreite an Ausbildungsberufen und Studienf\u00e4chern<\/p>\n<p>Die Stadt Leipzig bietet Ausbildungs- und Studienchancen f\u00fcr Absolventen aller Schularten. Die angebotenen Pl\u00e4tze reichen vom klassischen Verwaltungsberuf \u00fcber soziale Berufe hin zum gewerblich-technischen Bereich. Dazu geh\u00f6ren etwa die Studieng\u00e4nge Digitale Verwaltung, Sozialverwaltung und Bauingenieurwesen, aber auch die Ausbildungsfachrichtungen Vermessungstechnik oder Fachangestellte f\u00fcr Informationsdienste in den Fachrichtungen Bibliothek oder Archiv. \u00a0Zudem sucht auch der Einsatz- und Rettungsdienst der Branddirektion Nachwuchs.<\/p>\n<p>In diesem Jahr sind unter den Auszubildenden erstmals drei angehende Elektroniker, die unter anderem im Mobilit\u00e4ts- und Tiefbauamt sowie im Amt f\u00fcr Geb\u00e4udemanagement lernen werden.\u00a0<\/p>\n<p>Neue Bewerbungsrunde f\u00fcr Ausbildungs- und Studienjahr 2026<\/p>\n<p>Parallel zum Ausbildungsbeginn sucht die Verwaltung bereits neue Bewerberinnen und Bewerber, die sich ab dem kommenden Jahr bei der Stadt ausbilden lassen m\u00f6chten.\u00a0<\/p>\n<p>Interessierte k\u00f6nnen sich unter <a href=\"https:\/\/karriere.leipzig.de\/ausbildung-und-duales-studium\" target=\"_blank\" rel=\"noopener\">https:\/\/www.leipzig.de\/ausbildung<\/a> zu den Angeboten informieren und ab sofort auch bewerben.\u00a0<\/p>\n","protected":false},"excerpt":{"rendered":"In einem mehrstufigen Verfahren hat sich jede\/-r im Schnitt gegen etwa 19 Mitbewerberinnen und -bewerber durchgesetzt. Derzeit bildet&hellip;\n","protected":false},"author":2,"featured_media":381622,"comment_status":"","ping_status":"","sticky":false,"template":"","format":"standard","meta":{"footnotes":""},"categories":[1832],"tags":[3886,3364,29,30,71,859,7557,4938],"class_list":{"0":"post-381621","1":"post","2":"type-post","3":"status-publish","4":"format-standard","5":"has-post-thumbnail","7":"category-leipzig","8":"tag-ausbildung","9":"tag-de","10":"tag-deutschland","11":"tag-germany","12":"tag-leipzig","13":"tag-sachsen","14":"tag-stadtverwaltung","15":"tag-studium"},"share_on_mastodon":{"url":"https:\/\/pubeurope.com\/@de\/115111676123255711","error":""},"_links":{"self":[{"href":"https:\/\/www.europesays.com\/de\/wp-json\/wp\/v2\/posts\/381621","targetHints":{"allow":["GET"]}}],"collection":[{"href":"https:\/\/www.europesays.com\/de\/wp-json\/wp\/v2\/posts"}],"about":[{"href":"https:\/\/www.europesays.com\/de\/wp-json\/wp\/v2\/types\/post"}],"author":[{"embeddable":true,"href":"https:\/\/www.europesays.com\/de\/wp-json\/wp\/v2\/users\/2"}],"replies":[{"embeddable":true,"href":"https:\/\/www.europesays.com\/de\/wp-json\/wp\/v2\/comments?post=381621"}],"version-history":[{"count":0,"href":"https:\/\/www.europesays.com\/de\/wp-json\/wp\/v2\/posts\/381621\/revisions"}],"wp:featuredmedia":[{"embeddable":true,"href":"https:\/\/www.europesays.com\/de\/wp-json\/wp\/v2\/media\/381622"}],"wp:attachment":[{"href":"https:\/\/www.europesays.com\/de\/wp-json\/wp\/v2\/media?parent=381621"}],"wp:term":[{"taxonomy":"category","embeddable":true,"href":"https:\/\/www.europesays.com\/de\/wp-json\/wp\/v2\/categories?post=381621"},{"taxonomy":"post_tag","embeddable":true,"href":"https:\/\/www.europesays.com\/de\/wp-json\/wp\/v2\/tags?post=381621"}],"curies":[{"name":"wp","href":"https:\/\/api.w.org\/{rel}","templated":true}]}}