{"id":381717,"date":"2025-08-29T11:43:11","date_gmt":"2025-08-29T11:43:11","guid":{"rendered":"https:\/\/www.europesays.com\/de\/381717\/"},"modified":"2025-08-29T11:43:11","modified_gmt":"2025-08-29T11:43:11","slug":"arbeitslosigkeit-in-bochum-hoechster-stand-seit-zwei-jahren","status":"publish","type":"post","link":"https:\/\/www.europesays.com\/de\/381717\/","title":{"rendered":"Arbeitslosigkeit in Bochum: H\u00f6chster Stand seit zwei Jahren"},"content":{"rendered":"<p>Auch weniger neue Stellen gemeldet<\/p>\n<p>Die Zahl der Arbeitslosen in Bochum hat im August 2025 den h\u00f6chsten Stand der letzten zwei Jahre erreicht. Laut der am Freitag (29.8.) ver\u00f6ffentlichten Statistik der Agentur f\u00fcr Arbeit Bochum waren 18.562 Menschen ohne Job, was einem Anstieg von fast 250 Personen im Vergleich zum Vorjahr entspricht. Die Arbeitslosenquote stieg leicht auf 9,3 Prozent. <\/p>\n<blockquote><p>&#8222;Der Anstieg der Arbeitslosigkeit im August ist nichts Ungew\u00f6hnliches. Entscheidend ist der \u00dcbergang in den Herbst: Dann setzen Ausbildung, Weiterbildung und saisonale Effekte ein. Wichtig bleibt, dass Unternehmen die Chancen nutzen, Nachwuchskr\u00e4fte auszubilden.&#8220; &#8211; Christopher Meier, Vorsitzender Gesch\u00e4ftsf\u00fchrer der Agentur f\u00fcr Arbeit Bochum.<\/p><\/blockquote>\n<p>Zudem wurden weniger neue offene Stellen gemeldet als im Vorjahr.<\/p>\n","protected":false},"excerpt":{"rendered":"Auch weniger neue Stellen gemeldet Die Zahl der Arbeitslosen in Bochum hat im August 2025 den h\u00f6chsten Stand&hellip;\n","protected":false},"author":2,"featured_media":381718,"comment_status":"","ping_status":"","sticky":false,"template":"","format":"standard","meta":{"footnotes":""},"categories":[1839],"tags":[25029,1043,620,7507,3364,29,30,1209],"class_list":{"0":"post-381717","1":"post","2":"type-post","3":"status-publish","4":"format-standard","5":"has-post-thumbnail","7":"category-bochum","8":"tag-arbeitsagentur","9":"tag-arbeitslosenzahlen","10":"tag-arbeitsmarkt","11":"tag-bochum","12":"tag-de","13":"tag-deutschland","14":"tag-germany","15":"tag-nordrhein-westfalen"},"share_on_mastodon":{"url":"https:\/\/pubeurope.com\/@de\/115111880546115919","error":""},"_links":{"self":[{"href":"https:\/\/www.europesays.com\/de\/wp-json\/wp\/v2\/posts\/381717","targetHints":{"allow":["GET"]}}],"collection":[{"href":"https:\/\/www.europesays.com\/de\/wp-json\/wp\/v2\/posts"}],"about":[{"href":"https:\/\/www.europesays.com\/de\/wp-json\/wp\/v2\/types\/post"}],"author":[{"embeddable":true,"href":"https:\/\/www.europesays.com\/de\/wp-json\/wp\/v2\/users\/2"}],"replies":[{"embeddable":true,"href":"https:\/\/www.europesays.com\/de\/wp-json\/wp\/v2\/comments?post=381717"}],"version-history":[{"count":0,"href":"https:\/\/www.europesays.com\/de\/wp-json\/wp\/v2\/posts\/381717\/revisions"}],"wp:featuredmedia":[{"embeddable":true,"href":"https:\/\/www.europesays.com\/de\/wp-json\/wp\/v2\/media\/381718"}],"wp:attachment":[{"href":"https:\/\/www.europesays.com\/de\/wp-json\/wp\/v2\/media?parent=381717"}],"wp:term":[{"taxonomy":"category","embeddable":true,"href":"https:\/\/www.europesays.com\/de\/wp-json\/wp\/v2\/categories?post=381717"},{"taxonomy":"post_tag","embeddable":true,"href":"https:\/\/www.europesays.com\/de\/wp-json\/wp\/v2\/tags?post=381717"}],"curies":[{"name":"wp","href":"https:\/\/api.w.org\/{rel}","templated":true}]}}