{"id":381762,"date":"2025-08-29T12:07:11","date_gmt":"2025-08-29T12:07:11","guid":{"rendered":"https:\/\/www.europesays.com\/de\/381762\/"},"modified":"2025-08-29T12:07:11","modified_gmt":"2025-08-29T12:07:11","slug":"feuerwehr-freundschaft-in-essen-ein-wilder-fussmarsch-nach-essen","status":"publish","type":"post","link":"https:\/\/www.europesays.com\/de\/381762\/","title":{"rendered":"Feuerwehr-Freundschaft in Essen &#8211; ein wilder Fu\u00dfmarsch nach Essen"},"content":{"rendered":"<p class=\"small date article__date\">Ver\u00f6ffentlicht:\u00a0Freitag, 29.08.2025 14:02<\/p>\n<p>Eine leicht verr\u00fcckte Idee, ein Feuerwehrmann aus Leidenschaft und eine Freundschaft nach Essen &#8211; und schon ist ein besonderer Fu\u00dfmarsch von Euskirchen nach Essen geboren. Matthias Stupp erz\u00e4hlt seine Geschichte.<\/p>\n<p><img decoding=\"async\" alt=\"\" src=\"https:\/\/www.europesays.com\/de\/wp-content\/uploads\/2025\/08\/p1030952.jpg&#038;crop=0x288x4608x2880&#038;resize=1280x800&#038;dt=202402271829510.jpeg\" data-size=\"1280x800\"\/>\u00a9 Radio EssenBesonderer Fu\u00dfmarsch nach Essen \u00fcber 119 Kilometer<\/p>\n<p>Die Freiwillige Feuerwehr Essen-Burgaltendorf und die Feuerwehrkameradschaft L\u00f6schgruppe Gro\u00dfb\u00fcllesheim (bei Euskirchen) sind seit der Flutkatastrophe im Ahrtal 2021 gute Verb\u00fcndete und Freunde. Beide Wachen haben damals tatkr\u00e4ftig bei den Rettungs- und Aufr\u00e4umarbeiten geholfen. Seitdem ist daraus eine echte Feuerwehrfamilie geworden, sagt Matthias Stupp von der L\u00f6schgruppe Gro\u00dfb\u00fcllesheim. Deshalb m\u00f6chte er jetzt auch am Tag der offenen T\u00fcr der Burgaltendorfer dabei sein &#8211; der findet vor allem am Samstag, 30. August 2025, statt.<\/p>\n<p>Allerdings wird Stupp nicht einfach hinfahren, sondern er geht den ganzen Weg von Gro\u00dfb\u00fcllesheim nach Essen zu Fu\u00df &#8211; rund 119 Kilometer, realistisch aber vielleicht doch eher 130km, schreibt er auf seiner Facebook-Seite. Die Idee dazu kam ihm nach dem Wandern, etwas zu viel Malzbier und einem anregenden Plausch mit den Burgaltendorfer Feuerwehrkr\u00e4ften.<\/p>\n<blockquote><p>Wie weit ist es eigentlich bis nach Essen zu Fu\u00df?<\/p><\/blockquote>\n<p>Kaum war diese Frage in seinem Kopf aufgetaucht, fasste Matthias Stupp schon den Plan, diesen Weg zu gehen, mit dem Ziel, einen Freundschaftsbaum am Tag der offenen T\u00fcr in Burgaltendorf zu \u00fcberbringen. Nur er, sein Rucksack und seine Mission. Die ganze Geschichte hat er Radio Essen-Moderator Tobias Bitter am Telefon von unterwegs erz\u00e4hlt.<\/p>\n<p>Mehr Themen aus Essen<\/p>\n","protected":false},"excerpt":{"rendered":"Ver\u00f6ffentlicht:\u00a0Freitag, 29.08.2025 14:02 Eine leicht verr\u00fcckte Idee, ein Feuerwehrmann aus Leidenschaft und eine Freundschaft nach Essen &#8211; und&hellip;\n","protected":false},"author":2,"featured_media":381763,"comment_status":"","ping_status":"","sticky":false,"template":"","format":"standard","meta":{"footnotes":""},"categories":[1834],"tags":[103200,4657,3364,29,3688,985,3911,30,2134,1209],"class_list":{"0":"post-381762","1":"post","2":"type-post","3":"status-publish","4":"format-standard","5":"has-post-thumbnail","7":"category-essen","8":"tag-fumarsch","9":"tag-stadtreporter","10":"tag-de","11":"tag-deutschland","12":"tag-essen","13":"tag-feuerwehr","14":"tag-freundschaft","15":"tag-germany","16":"tag-interview","17":"tag-nordrhein-westfalen"},"share_on_mastodon":{"url":"https:\/\/pubeurope.com\/@de\/115111974980120891","error":""},"_links":{"self":[{"href":"https:\/\/www.europesays.com\/de\/wp-json\/wp\/v2\/posts\/381762","targetHints":{"allow":["GET"]}}],"collection":[{"href":"https:\/\/www.europesays.com\/de\/wp-json\/wp\/v2\/posts"}],"about":[{"href":"https:\/\/www.europesays.com\/de\/wp-json\/wp\/v2\/types\/post"}],"author":[{"embeddable":true,"href":"https:\/\/www.europesays.com\/de\/wp-json\/wp\/v2\/users\/2"}],"replies":[{"embeddable":true,"href":"https:\/\/www.europesays.com\/de\/wp-json\/wp\/v2\/comments?post=381762"}],"version-history":[{"count":0,"href":"https:\/\/www.europesays.com\/de\/wp-json\/wp\/v2\/posts\/381762\/revisions"}],"wp:featuredmedia":[{"embeddable":true,"href":"https:\/\/www.europesays.com\/de\/wp-json\/wp\/v2\/media\/381763"}],"wp:attachment":[{"href":"https:\/\/www.europesays.com\/de\/wp-json\/wp\/v2\/media?parent=381762"}],"wp:term":[{"taxonomy":"category","embeddable":true,"href":"https:\/\/www.europesays.com\/de\/wp-json\/wp\/v2\/categories?post=381762"},{"taxonomy":"post_tag","embeddable":true,"href":"https:\/\/www.europesays.com\/de\/wp-json\/wp\/v2\/tags?post=381762"}],"curies":[{"name":"wp","href":"https:\/\/api.w.org\/{rel}","templated":true}]}}