{"id":381910,"date":"2025-08-29T13:25:12","date_gmt":"2025-08-29T13:25:12","guid":{"rendered":"https:\/\/www.europesays.com\/de\/381910\/"},"modified":"2025-08-29T13:25:12","modified_gmt":"2025-08-29T13:25:12","slug":"werder-bremen-heimspiel-premiere-das-ist-alles-neu-bei-werder-sport","status":"publish","type":"post","link":"https:\/\/www.europesays.com\/de\/381910\/","title":{"rendered":"Werder Bremen: Heimspiel-Premiere! Das ist alles neu bei Werder | Sport"},"content":{"rendered":"<p>F\u00fcr Werder steht der Heimspiel-Auftakt in der neuen Bundesliga-Saison kurz bevor. Am Samstag um 15.30 Uhr rollt der Ball auch wieder im Weserstadion. Dabei d\u00fcrfen sich die Fans gegen Leverkusen und auch im weiteren Saisonverlauf auf einige Neuerungen gefasst machen. <\/p>\n<p><b>BILD verschafft Ihnen einen \u00dcberblick.<\/b><\/p>\n<p>Alle aus 23 Metern!: Die Traumtore des 1. Spieltags im Video<a href=\"https:\/\/www.bild.de\/sport\/fussball\/alle-aus-23-metern-die-traumtore-des-1-spieltags-im-video-68aa0e0e2c3b990731e382fd\" class=\"anchor\" target=\"_blank\" rel=\"noopener\"><img decoding=\"async\" width=\"992\" height=\"558\" alt=\"Alle aus 23 Metern! Die Traumtore des 1. Spieltags im Video\" src=\"https:\/\/www.europesays.com\/de\/wp-content\/uploads\/2025\/08\/34ce05f496464191d6b0d3811b37df05,4c756675\"   class=\"landscape teaser__image\" loading=\"lazy\"\/><\/a><\/p>\n<p>Quelle: bild\/sd\/dfl25.08.2025<\/p>\n<p>DAS ist neu bei Werder<\/p>\n<p><b>Trainer<\/b>: Mit <a href=\"https:\/\/www.bild.de\/sport\/fussball\/werder-bremen-steffen-kann-auch-anders-trainer-erklaert-wut-anfall-68b15b3b5d3e123a945af15c\" class=\"text-link\" target=\"_blank\" rel=\"noopener\">Horst Steffen<\/a> (56) steht ein neuer Werder-Coach an der Seitenlinie. Der Werner-Nachfolger feiert gegen Leverkusen seine Heimspiel-Premiere. \u201eIch freue mich sehr auf die Unterst\u00fctzung und ein volles Stadion\u201c, sagte Steffen im Vorfeld.<\/p>\n<p>Auch interessant<\/p>\n<p>Anzeige<\/p>\n<p>Auch interessant<\/p>\n<p>Anzeige<\/p>\n<p><b>Anreise<\/b>: Die Zufahrt \u00fcber die Franz-B\u00f6hmert-Stra\u00dfe zu den Parkpl\u00e4tzen P2 und P2A wird ab zweieinhalb Stunden vor dem Anpfiff gesperrt. Diese sind ab dann nur noch \u00fcber die Rampe Ost erreichbar. Grund daf\u00fcr ist eine neue Verkehrsordnung.<\/p>\n<p><b>Sicherheit<\/b>: \u00dcber die App \u201eSafenow\u201c k\u00f6nnen sich Fans k\u00fcnftig direkt an das Sicherheitspersonal wenden. Dadurch sollen Hilfema\u00dfnahmen in Notf\u00e4llen beschleunigt werden.<\/p>\n<p><b>Beleuchtung<\/b>: Werder musste auf Dr\u00e4ngen der DFL das Flutlicht modernisieren. K\u00fcnftig kommt die Beleuchtung nicht mehr nur von den Masten, sondern von LED-Leuchten, die am gesamten Kranz des Stadiondachs angebracht wurden. Eine weitere Besonderheit: Das <a href=\"https:\/\/www.bild.de\/sport\/fussball\/werder-bremen-unerwarteter-geldregen-so-laeuft-der-neue-stadion-deal-68933c315bfd36554e9e8d9c\" class=\"text-link\" target=\"_blank\" rel=\"noopener\">Weserstadion<\/a> wird bei Flutlicht-N\u00e4chten in den Vereinsfarben gr\u00fcn und wei\u00df erstrahlen.<\/p>\n<p>Mehr zum Thema<\/p>\n<p><b>Essen-Preise:<\/b> Die Bratwurst wird um 30 Cent (von 4 auf 4,30 Euro) teurer. F\u00fcr die Currywurst muss k\u00fcnftig 20 Cent mehr gezahlt werden (4,50), genauso bei den Pommes (4). Der Bierpreis bleibt hingegen bei 5,50 Euro pro halben Liter gleich.<\/p>\n<p><b>Spieler<\/b>: Gleich drei Neue d\u00fcrften gegen Leverkusen ihre Premiere feiern. Samuel Mbangula (21) und Yukinari Sugawara (25) stehen in der Startelf, Isaac Schmidt (25) ist ein Kandidat von der Bank. Auch die Talente Mio Backhaus (21) und Karim Coulibaly (18) stehen vor ihrem Weserstadion-Deb\u00fct in der Bundesliga.<\/p>\n","protected":false},"excerpt":{"rendered":"F\u00fcr Werder steht der Heimspiel-Auftakt in der neuen Bundesliga-Saison kurz bevor. Am Samstag um 15.30 Uhr rollt der&hellip;\n","protected":false},"author":2,"featured_media":381911,"comment_status":"","ping_status":"","sticky":false,"template":"","format":"standard","meta":{"footnotes":""},"categories":[1824],"tags":[2420,3364,29,538,30,542,15553,45,537,23233,78470],"class_list":{"0":"post-381910","1":"post","2":"type-post","3":"status-publish","4":"format-standard","5":"has-post-thumbnail","7":"category-bremen","8":"tag-bremen","9":"tag-de","10":"tag-deutschland","11":"tag-erste-bundesliga","12":"tag-germany","13":"tag-sport-leuchtturm-hamburg","14":"tag-steffen-horst","15":"tag-texttospeech","16":"tag-werder-bremen","17":"tag-weserstadion","18":"tag-woeber-maximilian"},"share_on_mastodon":{"url":"https:\/\/pubeurope.com\/@de\/115112282096964290","error":""},"_links":{"self":[{"href":"https:\/\/www.europesays.com\/de\/wp-json\/wp\/v2\/posts\/381910","targetHints":{"allow":["GET"]}}],"collection":[{"href":"https:\/\/www.europesays.com\/de\/wp-json\/wp\/v2\/posts"}],"about":[{"href":"https:\/\/www.europesays.com\/de\/wp-json\/wp\/v2\/types\/post"}],"author":[{"embeddable":true,"href":"https:\/\/www.europesays.com\/de\/wp-json\/wp\/v2\/users\/2"}],"replies":[{"embeddable":true,"href":"https:\/\/www.europesays.com\/de\/wp-json\/wp\/v2\/comments?post=381910"}],"version-history":[{"count":0,"href":"https:\/\/www.europesays.com\/de\/wp-json\/wp\/v2\/posts\/381910\/revisions"}],"wp:featuredmedia":[{"embeddable":true,"href":"https:\/\/www.europesays.com\/de\/wp-json\/wp\/v2\/media\/381911"}],"wp:attachment":[{"href":"https:\/\/www.europesays.com\/de\/wp-json\/wp\/v2\/media?parent=381910"}],"wp:term":[{"taxonomy":"category","embeddable":true,"href":"https:\/\/www.europesays.com\/de\/wp-json\/wp\/v2\/categories?post=381910"},{"taxonomy":"post_tag","embeddable":true,"href":"https:\/\/www.europesays.com\/de\/wp-json\/wp\/v2\/tags?post=381910"}],"curies":[{"name":"wp","href":"https:\/\/api.w.org\/{rel}","templated":true}]}}