{"id":381942,"date":"2025-08-29T13:41:20","date_gmt":"2025-08-29T13:41:20","guid":{"rendered":"https:\/\/www.europesays.com\/de\/381942\/"},"modified":"2025-08-29T13:41:20","modified_gmt":"2025-08-29T13:41:20","slug":"florence-the-machine-spielen-2026-konzert-in-olympiahalle","status":"publish","type":"post","link":"https:\/\/www.europesays.com\/de\/381942\/","title":{"rendered":"Florence + The Machine spielen 2026 Konzert in Olympiahalle"},"content":{"rendered":"<p>Tour durch Europa <\/p>\n<p>Florence + The Machine kommen 2026 f\u00fcr Konzert nach M\u00fcnchen<\/p>\n<p>Aktualisiert am 29.08.2025 &#8211; 15:16 UhrLesedauer: 2 Min.<\/p>\n<p><a href=\"#focus-0\" class=\"transition-colors duration-200 focus-within:text-magenta block text-current relative\" data-sctrack=\"FocusGalleryImage.Reference\"><img fetchpriority=\"high\" data-testid=\"Opener.Image\" style=\"--lqipURL:url('https:\/\/images.t-online.de\/2025\/08\/Sesl4QmDxQqR\/0x206:4000x2250\/fit-in\/150x0\/filters:blur(25)\/saengerin-florence-welch-archivbild.jpg')\"   loading=\"eager\" src=\"https:\/\/www.europesays.com\/de\/wp-content\/uploads\/2025\/08\/saengerin-florence-welch-archivbild.jpg\" alt=\"S\u00e4ngerin Florence Welch (Archivbild):\" title=\"S\u00e4ngerin Florence Welch (Archivbild):\" width=\"4000\" height=\"2250\" class=\"bg-[url:var(--lqipURL)] bg-cover bg-center flex h-full w-full max-w-full\" decoding=\"async\"\/><img style=\"--width:32;--height:32\" loading=\"lazy\" src=\"https:\/\/muenchen.t-online.de\/s\/paper\/_next\/static\/media\/zoom-in.f7dae02f.svg\" alt=\"Vergr\u00f6\u00dfern des Bildes\" title=\"Vergr\u00f6\u00dfern des Bildes\" class=\"block h-[calc(var(--height)_\/_16_*_1rem)] w-[calc(var(--width)_\/_16_*_1rem)] max-w-none absolute bottom-8 right-8 rounded-4 bg-snow p-8\" decoding=\"async\"\/><\/a><\/p>\n<p>S\u00e4ngerin Florence Welch (Archivbild): Bekannt ist die Gruppe durch Songs wie &#8222;Shake It Out&#8220; und &#8222;Dog Days Are Over&#8220;. (Quelle: IMAGO \/ Depositphotos)<\/p>\n<p class=\"font-bold text-18 leading-17\">Ende Oktober ver\u00f6ffentlichen Florence + The Machine ihr sechstes Studioalbum. Mit diesem gehen sie im kommenden Jahr auf Tour \u2013 und machen dabei auch in M\u00fcnchen Halt.<\/p>\n<p class=\"text-18 leading-17\">Die britische Indierock-Band Florence + The Machine geht im kommenden Jahr auf Europatournee und macht dabei auch in Deutschland Halt. F\u00fcr Ende Februar und Anfang M\u00e4rz 2026 sind Konzerte in K\u00f6ln (26.2.), der M\u00fcnchner Olympiahalle (4.3.) und Berlin (9.3.) geplant, wie die Gruppe um S\u00e4ngerin Florence Welch am Freitag in den sozialen Medien mitteilte.<\/p>\n<p class=\"text-18 leading-17\">Auf Tour wird die Band auch Lieder vom neuen Album &#8222;Everybody Scream&#8220; spielen, das am 31. Oktober ver\u00f6ffentlicht wird. Tickets f\u00fcr die Tournee mit insgesamt 18 Konzerten in Gro\u00dfbritannien, Deutschland, Belgien, Frankreich, Niederlande, \u00d6sterreich, Tschechien und Polen sind ab 5. September erh\u00e4ltlich.<\/p>\n<p class=\"text-18 leading-17\">Florence + The Machine wurden 2007 in London gegr\u00fcndet und sind unter anderem durch Songs wie &#8222;Shake It Out&#8220; und &#8222;Dog Days Are Over&#8220; bekannt geworden. Ihr Deb\u00fctalbum &#8222;Lungs \/ Between Two Lungs&#8220; aus dem Jahr 2009 erreichte in Deutschland Platinstatus, die beiden Nachfolger &#8222;Ceremonials&#8220; (2011) und &#8222;How Big, How Blue, How Beautiful&#8220; (2015) wurden jeweils mit Gold ausgezeichnet. Insgesamt hat die Band mittlerweile f\u00fcnf Studioalben ver\u00f6ffentlicht.<\/p>\n<p class=\"text-18 leading-17\">Neben Florence + The Machine haben bereits andere Stars f\u00fcr 2026 ihre Auftritte in M\u00fcnchen angek\u00fcndigt: So kommen etwa die Kultband PUR und Nina Chuba in die Olympiahalle, <a target=\"_blank\" class=\"transition-colors duration-200 cursor-pointer text-inherit no-underline text-salemsfur md:hover:text-magenta md:hover:border-magenta md:focus:text-magenta border-current border-b border-solid break-words\" href=\"https:\/\/muenchen.t-online.de\/region\/muenchen\/id_100891462\/konzert-in-muenchen-materia-spielt-2026-in-zenithhalle-infos-zu-tickets.html\" data-sctrack=\"BodyAnchor\" rel=\"nofollow noopener\">Rapper Marteria spielt ein Konzert im Zenith<\/a>. Zudem tritt die US-Rockband Linkin Park zweimal in der Allianz Arena auf, auch Schlagerstar Helene Fischer plant dort eine gro\u00dfe Show zu spielen.<\/p>\n","protected":false},"excerpt":{"rendered":"Tour durch Europa Florence + The Machine kommen 2026 f\u00fcr Konzert nach M\u00fcnchen Aktualisiert am 29.08.2025 &#8211; 15:16&hellip;\n","protected":false},"author":2,"featured_media":381943,"comment_status":"","ping_status":"","sticky":false,"template":"","format":"standard","meta":{"footnotes":""},"categories":[1827],"tags":[522,772,29,663,103252,30,1268],"class_list":{"0":"post-381942","1":"post","2":"type-post","3":"status-publish","4":"format-standard","5":"has-post-thumbnail","7":"category-muenchen","8":"tag-522","9":"tag-bayern","10":"tag-deutschland","11":"tag-europa","12":"tag-florence-welch","13":"tag-germany","14":"tag-muenchen"},"share_on_mastodon":{"url":"https:\/\/pubeurope.com\/@de\/115112344939411812","error":""},"_links":{"self":[{"href":"https:\/\/www.europesays.com\/de\/wp-json\/wp\/v2\/posts\/381942","targetHints":{"allow":["GET"]}}],"collection":[{"href":"https:\/\/www.europesays.com\/de\/wp-json\/wp\/v2\/posts"}],"about":[{"href":"https:\/\/www.europesays.com\/de\/wp-json\/wp\/v2\/types\/post"}],"author":[{"embeddable":true,"href":"https:\/\/www.europesays.com\/de\/wp-json\/wp\/v2\/users\/2"}],"replies":[{"embeddable":true,"href":"https:\/\/www.europesays.com\/de\/wp-json\/wp\/v2\/comments?post=381942"}],"version-history":[{"count":0,"href":"https:\/\/www.europesays.com\/de\/wp-json\/wp\/v2\/posts\/381942\/revisions"}],"wp:featuredmedia":[{"embeddable":true,"href":"https:\/\/www.europesays.com\/de\/wp-json\/wp\/v2\/media\/381943"}],"wp:attachment":[{"href":"https:\/\/www.europesays.com\/de\/wp-json\/wp\/v2\/media?parent=381942"}],"wp:term":[{"taxonomy":"category","embeddable":true,"href":"https:\/\/www.europesays.com\/de\/wp-json\/wp\/v2\/categories?post=381942"},{"taxonomy":"post_tag","embeddable":true,"href":"https:\/\/www.europesays.com\/de\/wp-json\/wp\/v2\/tags?post=381942"}],"curies":[{"name":"wp","href":"https:\/\/api.w.org\/{rel}","templated":true}]}}