{"id":381944,"date":"2025-08-29T13:42:12","date_gmt":"2025-08-29T13:42:12","guid":{"rendered":"https:\/\/www.europesays.com\/de\/381944\/"},"modified":"2025-08-29T13:42:12","modified_gmt":"2025-08-29T13:42:12","slug":"volksentscheid-in-hamburg-so-denkt-peter-tschentscher-ueber-neuen-klima-plan-regional","status":"publish","type":"post","link":"https:\/\/www.europesays.com\/de\/381944\/","title":{"rendered":"Volksentscheid in Hamburg: So denkt Peter Tschentscher \u00fcber neuen Klima-Plan | Regional"},"content":{"rendered":"<p>Hamburg \u2013 <b>Die B\u00fcrger der Hansestadt m\u00fcssen sich entscheiden: Wollen sie k\u00fcnftig einen h\u00e4rteren Klima-Fahrplan? Einerseits k\u00f6nnte Hamburg f\u00fcnf Jahre fr\u00fcher als geplant klimaneutral werden. Aber anderseits w\u00e4re die Umsetzung dieses Ziels mit enormen Kosten f\u00fcr ALLE B\u00fcrger verbunden. Wie steht B\u00fcrgermeister Tschentscher zu diesen Pl\u00e4nen?  <\/b><\/p>\n<p>Auch interessant<\/p>\n<p>Anzeige<\/p>\n<p>Auch interessant<\/p>\n<p>Anzeige<\/p>\n<p>Am 12. Oktober findet der sogenannte \u201eZukunftsentscheid\u201c statt. Hinter dem Volksentscheid steht ein B\u00fcndnis aus \u201eFridays for Future\u201c, NABU, der Gewerkschaft Verdi und dem Mieterverein Hamburg. Das <a href=\"https:\/\/www.bild.de\/regional\/hamburg\/volksentscheid-erhaelt-hamburg-einen-haerteren-klima-fahrplan-68a814d4199a4530b5d91eaf\" class=\"text-link\" rel=\"nofollow noopener\" target=\"_blank\">Ziel der Abstimmung<\/a>: Der Klimaschutz soll in <a href=\"https:\/\/www.bild.de\/regional\/hamburg\/hamburg-regional\/home-16344102.bild.html\" class=\"text-link\" rel=\"nofollow noopener\" target=\"_blank\">Hamburg<\/a> massiv versch\u00e4rft werden. Statt bis 2045 mit vielen Toleranzen soll die Stadt schon 2040 komplett CO\u2082-neutral sein.<\/p>\n<p>Geplant ist ein strikter Fahrplan, um welchen genauen Prozentsatz j\u00e4hrlich der CO\u2082\u2011Aussto\u00df sinken soll. W\u00fcrden diese Ziele verfehlt werden, droht ein Strafenkatalog. So k\u00f6nnten z.\u00a0B. Fahrverbote kommen oder Hausbesitzer verpflichtet werden, sofort ihre <a href=\"https:\/\/www.bild.de\/politik\/heizhammer-kommt-weg-kann-ich-meine-oel-und-gas-heizung-behalten-67f8cc7438c3276cfc93929c\" class=\"text-link\" rel=\"nofollow noopener\" target=\"_blank\">Gas- oder \u00d6lheizung<\/a> abzustellen und auszutauschen.<\/p>\n<p>Mehr zum Thema<\/p>\n<p>Hamburgs B\u00fcrgermeister, Peter Tschentscher (59, <a href=\"https:\/\/www.bild.de\/politik\/inland\/spd\/spd-alle-infos-76661710.bild.html\" class=\"text-link\" rel=\"nofollow noopener\" target=\"_blank\">SPD<\/a>) hadert noch, wie er mit dem  Volksentscheid und seinen m\u00f6glichen Folgen umgehen soll.<\/p>\n<p>Auf eine BILD-Anfrage l\u00e4sst der Rathaus-Chef aus dem Urlaub ausrichten: \u201eHamburgs <a href=\"https:\/\/www.bild.de\/themen\/ereignisse\/klimawandel\/news-nachrichten-news-fotos-videos-16877746.bild.html\" class=\"text-link\" rel=\"nofollow noopener\" target=\"_blank\">Klimaschutzgesetz<\/a> und Klimaplan sind sehr ambitioniert. Eine weitere Erh\u00f6hung der CO\u2082-Ziele bzw. eine noch fr\u00fchere Zielerreichung sind nach den Gutachten und Erkenntnissen des Senats nicht m\u00f6glich. Klimapl\u00e4ne m\u00fcssen realistisch sein.\u201c Das hei\u00dft: Tschentscher ist gegen den Volksentscheid.<\/p>\n<p>Aber: F\u00fchrende SPD-Politiker bef\u00fcrchten, dass der B\u00fcrgermeister nicht allzu offensiv gegen den Entscheid vorgeht. Er hoffe offenbar, dass sich das Thema dadurch erledige, dass nicht gen\u00fcgend Leute zur Wahl gingen, hei\u00dft es.<\/p>\n<p>Initiatoren haben rund 200.000 Mitglieder<\/p>\n<p>Eine heikle Kalkulation: Denn die vier Initiatoren haben zusammen in Hamburg rund 200.000 Mitglieder. Dazu kommen viele engagierte Sympathisanten aus der gr\u00fcnen und linken Szene. Und: Die Kampagne f\u00fcr den Volksentscheid werde hochprofessionell organisiert.<\/p>\n<p><img decoding=\"async\" width=\"992\" height=\"558\" alt=\"Auch die wichtige Hafenwirtschaft w\u00e4re massiv von einer Versch\u00e4rfung der Klimaziele betroffen\" src=\"https:\/\/www.europesays.com\/de\/wp-content\/uploads\/2025\/08\/e60beac476a00826e9ef99978488f3c1,a96cbcc5\"   class=\"landscape\" loading=\"lazy\"\/><\/p>\n<p class=\"fig__caption__text\">Auch die wichtige Hafenwirtschaft w\u00e4re massiv von einer Versch\u00e4rfung der Klimaziele betroffen<\/p>\n<p>Foto: Getty Images<\/p>\n<p>Es k\u00f6nnte Koalitionskrach drohen<\/p>\n<p><b>Und dann ist da auch noch das: Tschentschers Ablehnung des Volksentscheids k\u00f6nnte zu einem Koalitionskrach f\u00fchren. Denn <\/b><a href=\"https:\/\/www.bild.de\/politik\/inland\/die-gruenen\/die-gruenen-alle-infos-76661904.bild.html\" class=\"text-link\" rel=\"nofollow noopener\" target=\"_blank\"><b>die Gr\u00fcnen<\/b><\/a><b> haben sich per Parteitagsbeschluss hinter die Ziele der Klimainitiative gestellt und wollen sie aktiv unterst\u00fctzen. W\u00fcrden das auch die gr\u00fcnen Senatoren tun, w\u00e4re der Zoff vorprogrammiert.<\/b><\/p>\n","protected":false},"excerpt":{"rendered":"Hamburg \u2013 Die B\u00fcrger der Hansestadt m\u00fcssen sich entscheiden: Wollen sie k\u00fcnftig einen h\u00e4rteren Klima-Fahrplan? Einerseits k\u00f6nnte Hamburg&hellip;\n","protected":false},"author":2,"featured_media":381945,"comment_status":"","ping_status":"","sticky":false,"template":"","format":"standard","meta":{"footnotes":""},"categories":[1826],"tags":[3985,8389,29,1152,30,693,692,2260,1548,103253,3318,17695,45,2261,22468,1968,1139],"class_list":{"0":"post-381944","1":"post","2":"type-post","3":"status-publish","4":"format-standard","5":"has-post-thumbnail","7":"category-hamburg","8":"tag-autos","9":"tag-buergermeister","10":"tag-deutschland","11":"tag-die-gruenen","12":"tag-germany","13":"tag-hafen","14":"tag-hamburg","15":"tag-hamburger-rathaus","16":"tag-klimaschutz","17":"tag-koalitions-krise","18":"tag-mieterrecht","19":"tag-nabu","20":"tag-texttospeech","21":"tag-tschentscher-peter","22":"tag-verkehrsteilnehmer","23":"tag-volksentscheid","24":"tag-waermepumpe"},"share_on_mastodon":{"url":"https:\/\/pubeurope.com\/@de\/115112348718544245","error":""},"_links":{"self":[{"href":"https:\/\/www.europesays.com\/de\/wp-json\/wp\/v2\/posts\/381944","targetHints":{"allow":["GET"]}}],"collection":[{"href":"https:\/\/www.europesays.com\/de\/wp-json\/wp\/v2\/posts"}],"about":[{"href":"https:\/\/www.europesays.com\/de\/wp-json\/wp\/v2\/types\/post"}],"author":[{"embeddable":true,"href":"https:\/\/www.europesays.com\/de\/wp-json\/wp\/v2\/users\/2"}],"replies":[{"embeddable":true,"href":"https:\/\/www.europesays.com\/de\/wp-json\/wp\/v2\/comments?post=381944"}],"version-history":[{"count":0,"href":"https:\/\/www.europesays.com\/de\/wp-json\/wp\/v2\/posts\/381944\/revisions"}],"wp:featuredmedia":[{"embeddable":true,"href":"https:\/\/www.europesays.com\/de\/wp-json\/wp\/v2\/media\/381945"}],"wp:attachment":[{"href":"https:\/\/www.europesays.com\/de\/wp-json\/wp\/v2\/media?parent=381944"}],"wp:term":[{"taxonomy":"category","embeddable":true,"href":"https:\/\/www.europesays.com\/de\/wp-json\/wp\/v2\/categories?post=381944"},{"taxonomy":"post_tag","embeddable":true,"href":"https:\/\/www.europesays.com\/de\/wp-json\/wp\/v2\/tags?post=381944"}],"curies":[{"name":"wp","href":"https:\/\/api.w.org\/{rel}","templated":true}]}}