{"id":381954,"date":"2025-08-29T13:47:11","date_gmt":"2025-08-29T13:47:11","guid":{"rendered":"https:\/\/www.europesays.com\/de\/381954\/"},"modified":"2025-08-29T13:47:11","modified_gmt":"2025-08-29T13:47:11","slug":"verein-schlaegt-alarm-indexmieten-koennten-um-30-prozent-steigen","status":"publish","type":"post","link":"https:\/\/www.europesays.com\/de\/381954\/","title":{"rendered":"Verein schl\u00e4gt Alarm \u2013 Indexmieten k\u00f6nnten um 30 Prozent steigen"},"content":{"rendered":"<p class=\"expressive-copy-lg-body\">Der <a href=\"https:\/\/www.morgenpost.de\/bezirke\/mitte\/article409178415\/berliner-mietergemeinschaft-drei-fatale-wohn-trends-in-berlin.html\" data-category-full-path=\"https:\/\/www.morgenpost.de\/bezirke\/mitte\/\" data-paid-status=\"free\" data-article-publish-date=\"1749026389\" rel=\"nofollow noopener\" target=\"_blank\">Berliner Mieterverein<\/a> beobachtet eine Zunahme sogenannter Indexmietvertr\u00e4ge. Das sind Vertr\u00e4ge, bei denen sich Mieterh\u00f6hungen nach der Entwicklung des allgemeinen Verbraucherpreisindexes richten, wobei g\u00e4ngige Instrumente zur Begrenzung des Mietenanstiegs nicht gelten. In den Beratungsgespr\u00e4chen des Vereins werde diese Entwicklung deutlich, erkl\u00e4rte Gesch\u00e4ftsf\u00fchrerin Wibke Werner. Das sei problematisch, denn: Indexmietvertr\u00e4ge seien aus Sicht der <a href=\"https:\/\/www.morgenpost.de\/berlin\/mieten-und-wohnen-berlin\/\" data-category-full-path=\"https:\/\/www.morgenpost.de\/berlin\/\" data-paid-status=\"free\" data-article-publish-date=\"1625144913\" rel=\"nofollow noopener\" target=\"_blank\">Mieter<\/a> die schlechteste L\u00f6sung.\u00a0<\/p>\n<p>   Morgenpost Sp\u00e4ti<\/p>\n<p class=\"text-body2 mt-2\">Hier steckt alles drin: Ihr Berlin-Update zum Feierabend \u2013 montags bis freitags um 18 Uhr.<\/p>\n<p class=\"text-caption text-copy-secondary\">\n          Mit meiner Anmeldung zum Newsletter stimme ich der<br \/>\n          <a href=\"https:\/\/www.morgenpost.de\/service\/newsletter-adconsent\" class=\"text-overline text-copy-accent-negative dark:underline\" rel=\"nofollow noopener\" target=\"_blank\">Werbevereinbarung<\/a><br \/>\n          zu.\n        <\/p>\n<p class=\"expressive-copy-lg-body\">\u201eBei einer Indexmieterh\u00f6hung m\u00fcssen Vermietende weder die orts\u00fcbliche Vergleichsmiete noch die Kappungsgrenze beachten, nach der bei Mieterh\u00f6hungen (&#8230;) in Berlin die Miete in drei Jahren um maximal 15 Prozent steigen darf\u201c, erl\u00e4uterte Werner. Voraussetzung sei lediglich, dass im Mietvertrag eine wirksame Indexklausel vereinbart ist und zwischen zwei Mieterh\u00f6hungen die Miete zw\u00f6lf Monate unver\u00e4ndert gewesen sein muss.<\/p>\n<p>    Auch interessant<\/p>\n<p>    <img decoding=\"async\" src=\"https:\/\/www.europesays.com\/de\/wp-content\/uploads\/2025\/08\/409431749_1751639759_v1_1_200.jpeg\" class=\"block w-full object-cover relative z-10 aspect-[1\/1] \" alt=\"Mietwohnungen in Berlin\" title=\"In einem Bezirk wurde inzwischen ein Bu\u00dfgeld wegen Mietwucher verh\u00e4ngt. \" loading=\"lazy\"\/><\/p>\n<p>  Indexmieten: Spr\u00fcnge von 30 Prozent m\u00f6glich<\/p>\n<p class=\"expressive-copy-lg-body\">Wurde eine Indexmiete mehrere Jahre nicht erh\u00f6ht, obwohl der Verbraucherpreisindex gestiegen ist, kann dies mit einer Mieterh\u00f6hung entsprechend der Entwicklung des Verbraucherpreises der letzten Jahre nachgeholt werden. \u201eDas f\u00fchrt in einigen F\u00e4llen dazu, dass die Nettokaltmiete mit einem Schlag um 25 bis 30 Prozent erh\u00f6ht wird\u201c, so Werner. \u201eSolche Mieterh\u00f6hungsspr\u00fcnge k\u00f6nnen viele Haushalte schlichtweg nicht zahlen.\u201c<\/p>\n<p class=\"expressive-copy-lg-body\">Gerade in den vergangenen Jahren sind die Verbraucherpreise unter anderem infolge der Corona-Pandemie und des Ukraine-Kriegs sehr stark gestiegen. Der Mieterverein fordert vor diesem Hintergrund vom Bund, wohnungspolitisch t\u00e4tig zu werden. \u201eEs bedarf dringend einer Kappungsgrenze auch f\u00fcr Indexmieterh\u00f6hungen. F\u00fcr zuk\u00fcnftige Wohnraummietverh\u00e4ltnisse sollte die Indexmiete ausgeschlossen werden\u201c erkl\u00e4rte Werner.<\/p>\n<p rel=\"author\" class=\"text-brand\">lth\/dpa<\/p>\n","protected":false},"excerpt":{"rendered":"Der Berliner Mieterverein beobachtet eine Zunahme sogenannter Indexmietvertr\u00e4ge. Das sind Vertr\u00e4ge, bei denen sich Mieterh\u00f6hungen nach der Entwicklung&hellip;\n","protected":false},"author":2,"featured_media":381955,"comment_status":"","ping_status":"","sticky":false,"template":"","format":"standard","meta":{"footnotes":""},"categories":[1825],"tags":[296,29,30],"class_list":{"0":"post-381954","1":"post","2":"type-post","3":"status-publish","4":"format-standard","5":"has-post-thumbnail","7":"category-berlin","8":"tag-berlin","9":"tag-deutschland","10":"tag-germany"},"share_on_mastodon":{"url":"https:\/\/pubeurope.com\/@de\/115112368421991998","error":""},"_links":{"self":[{"href":"https:\/\/www.europesays.com\/de\/wp-json\/wp\/v2\/posts\/381954","targetHints":{"allow":["GET"]}}],"collection":[{"href":"https:\/\/www.europesays.com\/de\/wp-json\/wp\/v2\/posts"}],"about":[{"href":"https:\/\/www.europesays.com\/de\/wp-json\/wp\/v2\/types\/post"}],"author":[{"embeddable":true,"href":"https:\/\/www.europesays.com\/de\/wp-json\/wp\/v2\/users\/2"}],"replies":[{"embeddable":true,"href":"https:\/\/www.europesays.com\/de\/wp-json\/wp\/v2\/comments?post=381954"}],"version-history":[{"count":0,"href":"https:\/\/www.europesays.com\/de\/wp-json\/wp\/v2\/posts\/381954\/revisions"}],"wp:featuredmedia":[{"embeddable":true,"href":"https:\/\/www.europesays.com\/de\/wp-json\/wp\/v2\/media\/381955"}],"wp:attachment":[{"href":"https:\/\/www.europesays.com\/de\/wp-json\/wp\/v2\/media?parent=381954"}],"wp:term":[{"taxonomy":"category","embeddable":true,"href":"https:\/\/www.europesays.com\/de\/wp-json\/wp\/v2\/categories?post=381954"},{"taxonomy":"post_tag","embeddable":true,"href":"https:\/\/www.europesays.com\/de\/wp-json\/wp\/v2\/tags?post=381954"}],"curies":[{"name":"wp","href":"https:\/\/api.w.org\/{rel}","templated":true}]}}