{"id":381956,"date":"2025-08-29T13:48:13","date_gmt":"2025-08-29T13:48:13","guid":{"rendered":"https:\/\/www.europesays.com\/de\/381956\/"},"modified":"2025-08-29T13:48:13","modified_gmt":"2025-08-29T13:48:13","slug":"berlin-atonal-2025-wenn-musik-kunst-und-clubkultur-verschmelzen","status":"publish","type":"post","link":"https:\/\/www.europesays.com\/de\/381956\/","title":{"rendered":"Berlin Atonal 2025: Wenn Musik, Kunst und Clubkultur verschmelzen"},"content":{"rendered":"<p><strong>Berlin Atonal 2025: Mehr als nur ein Festival<\/strong><\/p>\n<p>Vom 27. bis 31. August 2025 zeigt Berlin Atonal einmal mehr, dass das Festival nicht auf Genre oder Bereiche festgelegt werden kann. Ob immersive Orchester-Sounds, audiovisuelle Shows oder experimentelle Clubsets \u2013 das Ziel ist es, neue Formen des Zuh\u00f6rens und Zusammenkommens zu schaffen.\u00a0<\/p>\n<p>Berlin Atonal zeigt sich damit als eine Biennale, die nicht nur Kunst ausstellt, sondern Nachtkultur als kollektives Experiment versteht, wobei 2025 dabei ein ganz neues Kapitel aufschl\u00e4gt: Mit der Aufnahme in die International Biennial Association positioniert sich das Festival endg\u00fcltig als weltweite Plattform f\u00fcr moderne Klang- und Kunstexperimente.<\/p>\n<p>Die ersten Eindr\u00fccke von Berlin Atonal 2025 findest du hier:<\/p>\n<p><strong>Musikprogramm: Experimentelle Darstellungen im XXL-Format\u00a0<\/strong><\/p>\n<p>Das Herzst\u00fcck bei Berlin Atonal bleibt die gigantische Hauptb\u00fchne im Kraftwerk \u2013 70.000 m\u00b3 gef\u00fcllt mit Nebel, Klang und K\u00f6rpern. Hier treffen Legenden wie Merzbow und Igor Cavalera (Sepultura) auf futuristische Kollaborationen wie das Projekt Griend von Puce Mary und Rainy Miller oder die erste gemeinsame Performance von Bendik Giske &amp; Barker. Ebenso spannend sind das neue Werk von Amnesia Scanner, eine audiovisuelle Reise von Lord Spikeheart &amp; NMR und eine improvisierte Performance von Djrum mit selbst entwickelten Maschinen.<\/p>\n<p><strong>Third Surface: Kunst zwischen den Welten<\/strong><\/p>\n<p>Parallel \u00f6ffnet das Kunstprogramm \u201eThird Surface\u201c, eine hybride Ausstellung, die sich an den Nachtlokalen des Weimarer Berlins orientiert. Statt klassischer White-Cube-Formate gibt es Installationen und skulpturale Performances inmitten einer d\u00fcsteren Szenerie. Arbeiten von Kristoffer Akselbo, Joanna Rajkowska oder Roberto Cuoghi verbinden Allt\u00e4gliches mit Abgr\u00fcndigem, politischer Relevanz und surrealem Humor.<\/p>\n<p><strong>Clubs: Rave-Momente im Tresor, Globus und OHM\u00a0<\/strong><\/p>\n<p>Auch die Clubn\u00e4chte sind Teil der Identit\u00e4t des Festivals. Zahlreiche Szene-Ikonen wie Rrose, Pinch und Calibre sowie aufstrebenden Artists wie livwutang oder Baby Sy sind unter anderem dabei. Dazu gibt es au\u00dfergew\u00f6hnliche B2B-Sets, beispielsweise von Vlada x Skee Mask oder Moritz von Oswald x Azu Tiwaline als auch ein B2B2B von Anthony Linell, DJ Red und Neel.<\/p>\n<p>Tickets<\/p>\n<p>Du m\u00f6chtest Berlin Atonal live erleben? Dann kannst du <a href=\"https:\/\/de.ra.co\/events\/2103534\" rel=\"nofollow noopener\" target=\"_blank\">hier<\/a> noch P\u00e4sse f\u00fcr die letzten Tage des Festivals ergattern. <\/p>\n<p>Fotocredit: Helge Mundt<\/p>\n","protected":false},"excerpt":{"rendered":"Berlin Atonal 2025: Mehr als nur ein Festival Vom 27. bis 31. August 2025 zeigt Berlin Atonal einmal&hellip;\n","protected":false},"author":2,"featured_media":381957,"comment_status":"","ping_status":"","sticky":false,"template":"","format":"standard","meta":{"footnotes":""},"categories":[1825],"tags":[296,29,30],"class_list":{"0":"post-381956","1":"post","2":"type-post","3":"status-publish","4":"format-standard","5":"has-post-thumbnail","7":"category-berlin","8":"tag-berlin","9":"tag-deutschland","10":"tag-germany"},"share_on_mastodon":{"url":"https:\/\/pubeurope.com\/@de\/115112372585048969","error":""},"_links":{"self":[{"href":"https:\/\/www.europesays.com\/de\/wp-json\/wp\/v2\/posts\/381956","targetHints":{"allow":["GET"]}}],"collection":[{"href":"https:\/\/www.europesays.com\/de\/wp-json\/wp\/v2\/posts"}],"about":[{"href":"https:\/\/www.europesays.com\/de\/wp-json\/wp\/v2\/types\/post"}],"author":[{"embeddable":true,"href":"https:\/\/www.europesays.com\/de\/wp-json\/wp\/v2\/users\/2"}],"replies":[{"embeddable":true,"href":"https:\/\/www.europesays.com\/de\/wp-json\/wp\/v2\/comments?post=381956"}],"version-history":[{"count":0,"href":"https:\/\/www.europesays.com\/de\/wp-json\/wp\/v2\/posts\/381956\/revisions"}],"wp:featuredmedia":[{"embeddable":true,"href":"https:\/\/www.europesays.com\/de\/wp-json\/wp\/v2\/media\/381957"}],"wp:attachment":[{"href":"https:\/\/www.europesays.com\/de\/wp-json\/wp\/v2\/media?parent=381956"}],"wp:term":[{"taxonomy":"category","embeddable":true,"href":"https:\/\/www.europesays.com\/de\/wp-json\/wp\/v2\/categories?post=381956"},{"taxonomy":"post_tag","embeddable":true,"href":"https:\/\/www.europesays.com\/de\/wp-json\/wp\/v2\/tags?post=381956"}],"curies":[{"name":"wp","href":"https:\/\/api.w.org\/{rel}","templated":true}]}}