{"id":382088,"date":"2025-08-29T15:01:16","date_gmt":"2025-08-29T15:01:16","guid":{"rendered":"https:\/\/www.europesays.com\/de\/382088\/"},"modified":"2025-08-29T15:01:16","modified_gmt":"2025-08-29T15:01:16","slug":"wehrdienst-in-deutschland-warum-sollten-nicht-auch-junge-frauen-zur-bundeswehr-muenchen","status":"publish","type":"post","link":"https:\/\/www.europesays.com\/de\/382088\/","title":{"rendered":"Wehrdienst in Deutschland: Warum sollten nicht auch junge Frauen zur Bundeswehr? &#8211; M\u00fcnchen"},"content":{"rendered":"<p data-manual=\"teaserText\" data-schema-org-speakable=\"true\">Eva-Maria Kern hat als Pr\u00e4sidentin der Bundeswehr-Universit\u00e4t M\u00fcnchen t\u00e4glich mit jungen Soldatinnen und Soldaten zu tun. Warum sie eine Wehrpflicht f\u00fcr unvermeidlich h\u00e4lt und was sie Frauen raten w\u00fcrde.<\/p>\n<p data-manual=\"paragraph\" data-schema-org-speakable=\"true\" class=\"css-13ksqr8\">Eva-Maria Kern, 54, ist seit Januar 2023 Pr\u00e4sidentin der Universit\u00e4t der <a href=\"https:\/\/www.sueddeutsche.de\/thema\/Bundeswehr\" target=\"_blank\" rel=\"noopener\">Bundeswehr<\/a> <a href=\"https:\/\/www.sueddeutsche.de\/thema\/M%C3%BCnchen\" target=\"_blank\" rel=\"noopener\">M\u00fcnchen<\/a>. F\u00fcr sie ist zur Verteidigung unserer Gesellschaft die Verst\u00e4rkung der Truppe unabdingbar, auch die Wiedereinf\u00fchrung der vor 15 Jahren ausgesetzten Wehrplicht sieht sie kommen. Die geb\u00fcrtige \u00d6sterreicherin macht sich vor allem aber stark f\u00fcr ein Umdenken pro Bundeswehr, um potenzielle Aggressoren abzuschrecken.<\/p>\n","protected":false},"excerpt":{"rendered":"Eva-Maria Kern hat als Pr\u00e4sidentin der Bundeswehr-Universit\u00e4t M\u00fcnchen t\u00e4glich mit jungen Soldatinnen und Soldaten zu tun. Warum sie&hellip;\n","protected":false},"author":2,"featured_media":382089,"comment_status":"","ping_status":"","sticky":false,"template":"","format":"standard","meta":{"footnotes":""},"categories":[1827],"tags":[772,685,29,30,1268,3661,6473,149,686,9414,2635],"class_list":{"0":"post-382088","1":"post","2":"type-post","3":"status-publish","4":"format-standard","5":"has-post-thumbnail","7":"category-muenchen","8":"tag-bayern","9":"tag-bundeswehr","10":"tag-deutschland","11":"tag-germany","12":"tag-muenchen","13":"tag-politik-muenchen","14":"tag-sicherheitspolitik","15":"tag-sueddeutsche-zeitung","16":"tag-verteidigungspolitik","17":"tag-wehrdienst","18":"tag-wirtschaft-in-muenchen"},"share_on_mastodon":{"url":"https:\/\/pubeurope.com\/@de\/115112659156823679","error":""},"_links":{"self":[{"href":"https:\/\/www.europesays.com\/de\/wp-json\/wp\/v2\/posts\/382088","targetHints":{"allow":["GET"]}}],"collection":[{"href":"https:\/\/www.europesays.com\/de\/wp-json\/wp\/v2\/posts"}],"about":[{"href":"https:\/\/www.europesays.com\/de\/wp-json\/wp\/v2\/types\/post"}],"author":[{"embeddable":true,"href":"https:\/\/www.europesays.com\/de\/wp-json\/wp\/v2\/users\/2"}],"replies":[{"embeddable":true,"href":"https:\/\/www.europesays.com\/de\/wp-json\/wp\/v2\/comments?post=382088"}],"version-history":[{"count":0,"href":"https:\/\/www.europesays.com\/de\/wp-json\/wp\/v2\/posts\/382088\/revisions"}],"wp:featuredmedia":[{"embeddable":true,"href":"https:\/\/www.europesays.com\/de\/wp-json\/wp\/v2\/media\/382089"}],"wp:attachment":[{"href":"https:\/\/www.europesays.com\/de\/wp-json\/wp\/v2\/media?parent=382088"}],"wp:term":[{"taxonomy":"category","embeddable":true,"href":"https:\/\/www.europesays.com\/de\/wp-json\/wp\/v2\/categories?post=382088"},{"taxonomy":"post_tag","embeddable":true,"href":"https:\/\/www.europesays.com\/de\/wp-json\/wp\/v2\/tags?post=382088"}],"curies":[{"name":"wp","href":"https:\/\/api.w.org\/{rel}","templated":true}]}}