{"id":382100,"date":"2025-08-29T15:07:11","date_gmt":"2025-08-29T15:07:11","guid":{"rendered":"https:\/\/www.europesays.com\/de\/382100\/"},"modified":"2025-08-29T15:07:11","modified_gmt":"2025-08-29T15:07:11","slug":"prozess-in-berlin-sozialhilfe-empfaenger-kauft-fuer-300-000-euro-drogen-regional","status":"publish","type":"post","link":"https:\/\/www.europesays.com\/de\/382100\/","title":{"rendered":"Prozess in Berlin: Sozialhilfe-Empf\u00e4nger kauft f\u00fcr 300 000 Euro Drogen | Regional"},"content":{"rendered":"<p>Berlin \u2013\u00a0<b>Von der \u00f6ffentlichen Hand leben, aber f\u00fcr Hunderttausende einkaufen: Ein arbeitsloser Familienvater aus Wei\u00dfensee gibt in sechs Wochen fast 300 000 Euro f\u00fcr Kokain und Cannabis aus. Vor Gericht gibt er sich gel\u00e4utert.<\/b><\/p>\n<p><b>Kriminalgericht, Saal 504. <\/b>Angeklagt: Kadir E. (33). T\u00fcrke. Verheiratet. Drei Kinder. Lebt in Wei\u00dfensee. Kein Beruf. Seit Jahren ohne Arbeit. Seit Jahren Sozialhilfe.<\/p>\n<p>Am 23. Februar 2024 wird der Familienvater verurteilt: 3 Jahre und 6 Monate Knast. Es geht um fette Drogenk\u00e4ufe. Von M\u00e4rz bis Mai 2020 gab der Familienvater daf\u00fcr im Schnitt \u00fcber 6500 Euro aus \u2013 am Tag!<\/p>\n<p>Arm wie eine Kirchenmaus, schmei\u00dft aber mit Geld um sich \u2013 kann das sein? Doch die Beweise gegen ihn waren erdr\u00fcckend \u2013 und stammten von ihm selbst.<\/p>\n<p>So wurde der Sozialhilfe-Empf\u00e4nger \u00fcberf\u00fchrt<\/p>\n<p>Das kam so: Wer damals als Krimineller etwas auf sich hielt, nutzte EncroChat. Ein Kryptodienst, teuer, aber abh\u00f6rsicher. Bis er 2020 von franz\u00f6sischen Ermittlern geknackt wurde. Die belauschten die Kriminellen wochenlang, ohne dass die das merkten. Die Protokolle gingen an Ermittler in aller Welt: harte Beweise, auf dem Silbertablett pr\u00e4sentiert. EncroChat hatte 60.000 Nutzer. Allein in <a href=\"https:\/\/www.bild.de\/regional\/berlin\/berlin-regional\/home-15823246.bild.html\" class=\"text-link\" target=\"_blank\" rel=\"noopener\">Berlin<\/a> gibt es deshalb 191 Beschuldigte. Kadir E. ist einer davon.<\/p>\n<p>Ihm war die Strafe zu hoch. Der Staatsanwaltschaft war die Strafe zu niedrig. Beide gingen erfolgreich in Revision. Der Bundesgerichtshof entschied: neue Verhandlung.<\/p>\n<p>Drogen-Dealer gibt sich gel\u00e4utert<\/p>\n<p>Er lebt immer noch von Sozialhilfe. Nehme jetzt aber keine <a href=\"https:\/\/www.bild.de\/themen\/themen-uebersicht\/drogen\/drogen-infos-sucht-illegale-substanzen-36176776.bild.html\" class=\"text-link\" target=\"_blank\" rel=\"noopener\">Drogen<\/a> mehr und pflege seine Schwester, sagt er. Der Staatsanwalt beantragt 4 Jahre Haft: hohe kriminelle Energie, Straftaten unter einschl\u00e4giger Bew\u00e4hrung, \u201eeintr\u00e4gliches Gesch\u00e4ftsmodell\u201c, leben von Sozialhilfe und \u201enebenher ganz gut verdienen\u201c.<\/p>\n<p>Der Verteidiger beantragt 3 Jahre Haft: \u201eEr l\u00e4sst sich jetzt nicht nur von Sozialgeldern querfinanzieren, er macht jetzt auch etwas: K\u00fcmmert sich um seine schwer kranke gewaltt\u00e4tige Schwester. Das ist bemerkenswert!\u201c<\/p>\n<p>Das Urteil<\/p>\n<p><a href=\"https:\/\/www.bild.de\/themen\/ereignisse\/gerichtliche-entscheidung\/news-fotos-videos-17024538.bild.html\" class=\"text-link\" target=\"_blank\" rel=\"noopener\">Urteil<\/a> im Namen des Volkes: 3 Jahre und 6 Monate Haft, Einziehung von 291.475 Euro aus Taterl\u00f6sen bleibt angeordnet.<\/p>\n","protected":false},"excerpt":{"rendered":"Berlin \u2013\u00a0Von der \u00f6ffentlichen Hand leben, aber f\u00fcr Hunderttausende einkaufen: Ein arbeitsloser Familienvater aus Wei\u00dfensee gibt in sechs&hellip;\n","protected":false},"author":2,"featured_media":382101,"comment_status":"","ping_status":"","sticky":false,"template":"","format":"standard","meta":{"footnotes":""},"categories":[1825],"tags":[296,29,433,30,4603,121,1269,45],"class_list":{"0":"post-382100","1":"post","2":"type-post","3":"status-publish","4":"format-standard","5":"has-post-thumbnail","7":"category-berlin","8":"tag-berlin","9":"tag-deutschland","10":"tag-drogen","11":"tag-germany","12":"tag-organisiertes-verbrechen","13":"tag-polizei","14":"tag-prozess","15":"tag-texttospeech"},"share_on_mastodon":{"url":"https:\/\/pubeurope.com\/@de\/115112683087655777","error":""},"_links":{"self":[{"href":"https:\/\/www.europesays.com\/de\/wp-json\/wp\/v2\/posts\/382100","targetHints":{"allow":["GET"]}}],"collection":[{"href":"https:\/\/www.europesays.com\/de\/wp-json\/wp\/v2\/posts"}],"about":[{"href":"https:\/\/www.europesays.com\/de\/wp-json\/wp\/v2\/types\/post"}],"author":[{"embeddable":true,"href":"https:\/\/www.europesays.com\/de\/wp-json\/wp\/v2\/users\/2"}],"replies":[{"embeddable":true,"href":"https:\/\/www.europesays.com\/de\/wp-json\/wp\/v2\/comments?post=382100"}],"version-history":[{"count":0,"href":"https:\/\/www.europesays.com\/de\/wp-json\/wp\/v2\/posts\/382100\/revisions"}],"wp:featuredmedia":[{"embeddable":true,"href":"https:\/\/www.europesays.com\/de\/wp-json\/wp\/v2\/media\/382101"}],"wp:attachment":[{"href":"https:\/\/www.europesays.com\/de\/wp-json\/wp\/v2\/media?parent=382100"}],"wp:term":[{"taxonomy":"category","embeddable":true,"href":"https:\/\/www.europesays.com\/de\/wp-json\/wp\/v2\/categories?post=382100"},{"taxonomy":"post_tag","embeddable":true,"href":"https:\/\/www.europesays.com\/de\/wp-json\/wp\/v2\/tags?post=382100"}],"curies":[{"name":"wp","href":"https:\/\/api.w.org\/{rel}","templated":true}]}}