{"id":382185,"date":"2025-08-29T15:53:21","date_gmt":"2025-08-29T15:53:21","guid":{"rendered":"https:\/\/www.europesays.com\/de\/382185\/"},"modified":"2025-08-29T15:53:21","modified_gmt":"2025-08-29T15:53:21","slug":"trump-ist-von-den-schweren-angriffen-auf-kiew-nicht-ueberrascht","status":"publish","type":"post","link":"https:\/\/www.europesays.com\/de\/382185\/","title":{"rendered":"Trump ist von den schweren Angriffen auf Kiew &#8222;nicht \u00fcberrascht&#8220;"},"content":{"rendered":"<p>                    Mindestens 23 Tote<br \/>\n                Trump von Angriffen auf Kiew &#8222;nicht \u00fcberrascht&#8220;<\/p>\n<p>\t\t\t\t              29.08.2025, 15:44 Uhr<\/p>\n<p>\t\t\t\t\t       Artikel anh\u00f6ren<\/p>\n<p>\t\t\t\t\t\t\tDiese Audioversion wurde k\u00fcnstlich generiert. <a href=\"https:\/\/www.n-tv.de\/23249898\" rel=\"nofollow noopener\" target=\"_blank\">Mehr Infos<\/a><\/p>\n<p><strong>Mittwochnacht fliegt Russland schwere Angriffe auf Kiew. Viele Menschen sterben. Pr\u00e4sident Trump zeigt sich seiner Sprecherin Leavitt zufolge \u00fcber diese Angriffe nicht \u00fcberrascht. Das Wei\u00dfe Haus betont, dass sowohl Putin als auch Selenskyj sich um den Frieden bem\u00fchen m\u00fcssten.<\/strong><\/p>\n<p>US-Pr\u00e4sident Donald Trump hat angesichts der russischen Angriffswelle auf die Ukraine mit mindestens 19 Toten seine Unzufriedenheit bekundet. &#8222;Er war nicht gl\u00fccklich \u00fcber diese Nachricht, aber auch nicht \u00fcberrascht&#8220;, sagte die Sprecherin des Wei\u00dfen Hauses, Karoline Leavitt, am Donnerstag (Ortszeit) vor Journalisten. Der US-Pr\u00e4sident fordere &#8222;beide Seiten&#8220; dazu auf, den von Moskau begonnenen Krieg in der Ukraine zu beenden.<\/p>\n<p>Bei der mutma\u00dflich zweitgr\u00f6\u00dften Welle russischer Luftangriffe auf die Ukraine seit Beginn des \u00dcberfalls auf das Nachbarland waren in der Nacht zum Donnerstag allein in der Hauptstadt Kiew 23 Menschen get\u00f6tet worden. 53 weitere Menschen wurden schwer verletzt und 8 Menschen werden noch immer vermisst, wie Pr\u00e4sident Selenskyj erkl\u00e4rte. Die Angriffe wurden international scharf verurteilt, unter anderem von Bundeskanzler Friedrich Merz.<\/p>\n<p>&#8222;Russland hat diesen Angriff auf Kiew gestartet, und ebenso hat die Ukraine den russischen \u00d6lraffinerien k\u00fcrzlich einen Schlag versetzt&#8220;, sagte Leavitt. Es handele sich um &#8222;zwei L\u00e4nder, die sich seit sehr langer Zeit im Krieg befinden&#8220;. Trump wolle, dass der Krieg endet, &#8222;aber die F\u00fchrer dieser beiden L\u00e4nder m\u00fcssen das auch wollen&#8220;, sagte die Sprecherin.<\/p>\n<p>Selenskyj: Weitere Gespr\u00e4che in New York<\/p>\n<p>Im US-Pr\u00e4sidentschaftswahlkampf 2024 hatte Trump angek\u00fcndigt, er werde den Ukraine-Krieg &#8222;in 24 Stunden&#8220; beenden. Seine Friedensbem\u00fchungen haben bislang aber keine greifbaren Ergebnisse gebracht. Auch ein Gipfeltreffen mit Kreml-Chef Wladimir Putin in Alaska Mitte des Monats brachte keinen Durchbruch.<\/p>\n<p>Den russischen Streitkr\u00e4ften war es in den vergangenen Monaten gelungen, weitere Gebiete in der Ukraine einzunehmen. Forderungen nach einer Waffenruhe hat Putin bislang stets zur\u00fcckgewiesen. Der ukrainische Pr\u00e4sident Wolodymyr Selenskyj hatte am Mittwoch erkl\u00e4rt, Mitglieder seiner Regierung w\u00fcrden am Freitag zu weiteren Gespr\u00e4chen mit der US-Regierung nach New York reisen.<\/p>\n","protected":false},"excerpt":{"rendered":"Mindestens 23 Tote Trump von Angriffen auf Kiew &#8222;nicht \u00fcberrascht&#8220; 29.08.2025, 15:44 Uhr Artikel anh\u00f6ren Diese Audioversion wurde&hellip;\n","protected":false},"author":2,"featured_media":382186,"comment_status":"","ping_status":"","sticky":false,"template":"","format":"standard","meta":{"footnotes":""},"categories":[5],"tags":[331,332,661,3364,29,106,30,13,5793,14,15,16,12,107],"class_list":{"0":"post-382185","1":"post","2":"type-post","3":"status-publish","4":"format-standard","5":"has-post-thumbnail","7":"category-nachrichten","8":"tag-aktuelle-nachrichten","9":"tag-aktuelle-news","10":"tag-angriff-auf-die-ukraine","11":"tag-de","12":"tag-deutschland","13":"tag-donald-trump","14":"tag-germany","15":"tag-headlines","16":"tag-kiew","17":"tag-nachrichten","18":"tag-news","19":"tag-politik","20":"tag-schlagzeilen","21":"tag-wolodymyr-selenskyj"},"share_on_mastodon":{"url":"https:\/\/pubeurope.com\/@de\/115112863754376711","error":""},"_links":{"self":[{"href":"https:\/\/www.europesays.com\/de\/wp-json\/wp\/v2\/posts\/382185","targetHints":{"allow":["GET"]}}],"collection":[{"href":"https:\/\/www.europesays.com\/de\/wp-json\/wp\/v2\/posts"}],"about":[{"href":"https:\/\/www.europesays.com\/de\/wp-json\/wp\/v2\/types\/post"}],"author":[{"embeddable":true,"href":"https:\/\/www.europesays.com\/de\/wp-json\/wp\/v2\/users\/2"}],"replies":[{"embeddable":true,"href":"https:\/\/www.europesays.com\/de\/wp-json\/wp\/v2\/comments?post=382185"}],"version-history":[{"count":0,"href":"https:\/\/www.europesays.com\/de\/wp-json\/wp\/v2\/posts\/382185\/revisions"}],"wp:featuredmedia":[{"embeddable":true,"href":"https:\/\/www.europesays.com\/de\/wp-json\/wp\/v2\/media\/382186"}],"wp:attachment":[{"href":"https:\/\/www.europesays.com\/de\/wp-json\/wp\/v2\/media?parent=382185"}],"wp:term":[{"taxonomy":"category","embeddable":true,"href":"https:\/\/www.europesays.com\/de\/wp-json\/wp\/v2\/categories?post=382185"},{"taxonomy":"post_tag","embeddable":true,"href":"https:\/\/www.europesays.com\/de\/wp-json\/wp\/v2\/tags?post=382185"}],"curies":[{"name":"wp","href":"https:\/\/api.w.org\/{rel}","templated":true}]}}