{"id":382241,"date":"2025-08-29T16:22:11","date_gmt":"2025-08-29T16:22:11","guid":{"rendered":"https:\/\/www.europesays.com\/de\/382241\/"},"modified":"2025-08-29T16:22:11","modified_gmt":"2025-08-29T16:22:11","slug":"muenchen-heute-nachrichten-vom-29-08-2025-muenchen","status":"publish","type":"post","link":"https:\/\/www.europesays.com\/de\/382241\/","title":{"rendered":"M\u00fcnchen heute &#8211; Nachrichten vom 29.08.2025 &#8211; M\u00fcnchen"},"content":{"rendered":"<p data-manual=\"teaserText\" data-schema-org-speakable=\"true\">Was Jugendliche zur Wehrdienst-Debatte sagen, ob Frauen auch zur Bundeswehr sollten, wie man an g\u00fcnstige Pl\u00e4tze in Gourmetrestaurants kommt und mehr.<\/p>\n<p> div:not([style*=&#8217;display: none&#8216;]):not(.iqdnoad)){margin-bottom:60px;margin-top:60px;}}]]> div:not([style*=&#8217;display: none&#8216;]):not(.iqdnoad))::before{content:none;}@media screen and (min-width: 768px){.css-wglhfu{margin-bottom:0;margin-top:0;}}@media screen and (min-width: 768px){.css-wglhfu{margin-left:0;margin-right:0;}}@media screen and (min-width: 1000px){.css-wglhfu{margin-left:-180px;width:1000px;}.css-wglhfu:has(> div:not([style*=&#8217;display: none&#8216;]):not(.iqdnoad)){margin-bottom:60px;margin-top:60px;}}]]> div:not([style*=&#8217;display: none&#8216;]):not(.iqdnoad))::before{content:none;}@media screen and (min-width: 768px){.css-1qhsfhd{margin-bottom:0;margin-top:0;}}@media screen and (min-width: 768px){.css-1qhsfhd{display:block;}}@media screen and (min-width: 768px){.css-1qhsfhd{margin-left:0;margin-right:0;}}@media screen and (min-width: 1000px){.css-1qhsfhd{margin-left:-180px;width:1000px;}.css-1qhsfhd:has(> div:not([style*=&#8217;display: none&#8216;]):not(.iqdnoad)){margin-bottom:60px;margin-top:60px;}}]]><\/p>\n<p data-manual=\"paragraph\" data-schema-org-speakable=\"true\" class=\"css-xboolz\"><strong>DER TAG IN <\/strong><strong><a href=\"https:\/\/www.sueddeutsche.de\/thema\/M%C3%BCnchen\" target=\"_blank\" rel=\"noopener\">M\u00dcNCHEN<\/a><\/strong><\/p>\n<p data-manual=\"paragraph\" data-schema-org-speakable=\"true\" class=\"css-xboolz\"><strong>\u201eUnser Land verteidigt sich nicht von alleine\u201c<\/strong> Die Bundeswehr braucht dringend mehr Personal, junge Deutsche sollen deshalb wieder verpflichtend gemustert werden. <a href=\"https:\/\/www.sueddeutsche.de\/projekte\/artikel\/muenchen\/wehrdienst-debatte-junge-muenchner-reaktionen-e640068\/\" target=\"_blank\" rel=\"noopener\">Wie stehen sie zum Wehrdienst und w\u00fcrden sie im Ernstfall zur Waffe greifen?<\/a>\u00a0(SZ Plus)<\/p>\n<p data-manual=\"paragraph\" data-schema-org-speakable=\"true\" class=\"css-xboolz\"><strong>Warum sollten nicht auch junge Frauen zur Bundeswehr?<\/strong> Eva-Maria Kern hat als Pr\u00e4sidentin der Bundeswehr-Universit\u00e4t M\u00fcnchen t\u00e4glich mit jungen Soldatinnen und Soldaten zu tun. <a href=\"https:\/\/www.sueddeutsche.de\/muenchen\/bundeswehr-muenchen-kern-wehrpflicht-rekrutierung-li.3304509\" target=\"_blank\" rel=\"noopener\">Warum sie eine Wehrpflicht f\u00fcr unvermeidlich h\u00e4lt und was sie Frauen raten w\u00fcrde.<\/a>\u00a0(SZ Plus)<\/p>\n<p data-manual=\"paragraph\" data-schema-org-speakable=\"true\" class=\"css-xboolz\"><strong>Wie man an g\u00fcnstige Pl\u00e4tze in der Sternegastronomie kommt<\/strong> Die App \u201eHidden Table\u201c vermittelt Pl\u00e4tze in Gourmetrestaurants \u2013 und das zu verg\u00fcnstigten Preisen. Seit M\u00e4rz gibt es sie in M\u00fcnchen. <a href=\"https:\/\/www.sueddeutsche.de\/muenchen\/muenchen-hidden-table-fine-dining-restaurants-li.3297342\" target=\"_blank\" rel=\"noopener\">Welche Lokale dabei sind und warum das Konzept bei Gastronomen umstritten ist.<\/a>\u00a0(SZ Plus)<\/p>\n<p data-manual=\"paragraph\" data-schema-org-speakable=\"true\" class=\"css-xboolz\"><strong>Bankangestellte gesteht Diebstahl \u2013 aber wo ist das Geld?<\/strong> Schlimme famili\u00e4re Verh\u00e4ltnisse, Mobbing und Schulden nennt die heute 23-j\u00e4hrige Maria P. als Grund f\u00fcr den Raub und den vorget\u00e4uschten \u00dcberfall im Tresorraum der Genossenschaftsbank. <a href=\"https:\/\/www.sueddeutsche.de\/muenchen\/bankangestellte-maria-p-diebstahl-obermenzing-geld-li.3302191\" target=\"_blank\" rel=\"noopener\">Zu Prozessbeginn bringt sie einen gro\u00dfen Unbekannten ins Spiel.<\/a><\/p>\n<p data-manual=\"paragraph\" data-schema-org-speakable=\"true\" class=\"css-xboolz\"><strong>WEITERE NACHRICHTEN<\/strong><\/p>\n<p data-manual=\"paragraph\" data-schema-org-speakable=\"true\" class=\"css-xboolz\"><strong>Polizei:<\/strong> <a href=\"https:\/\/www.sueddeutsche.de\/muenchen\/muenchen-polizei-domagkpark-versuchtes-toetungsdelikt-festnahme-li.3305034\" target=\"_blank\" rel=\"noopener\">Versuchtes T\u00f6tungsdelikt im Domagkpark &#8211; Tatverd\u00e4chtiger festgenommen<\/a><\/p>\n<p data-manual=\"paragraph\" data-schema-org-speakable=\"true\" class=\"css-xboolz\"><strong>Neuperlach<\/strong>: <a href=\"https:\/\/www.sueddeutsche.de\/muenchen\/neuperlach-kiosk-betreiber-raubueberfall-polizei-li.3305143\" target=\"_blank\" rel=\"noopener\">Kiosk-Betreiber schl\u00e4gt R\u00e4uber in die Flucht<\/a><\/p>\n<p data-manual=\"paragraph\" data-schema-org-speakable=\"true\" class=\"css-xboolz\"><strong>Prozess um sexuellen Missbrauch:<\/strong> <a href=\"https:\/\/www.sueddeutsche.de\/muenchen\/muenchen-missbrauch-maedchen-knuddels-urteil-li.3304741\" target=\"_blank\" rel=\"noopener\">Peter F. suchte sein Opfer auf \u201eKnuddels\u201c<\/a><\/p>\n<p data-manual=\"paragraph\" data-schema-org-speakable=\"true\" class=\"css-xboolz\"><strong>M\u00dcNCHEN ERLESEN<\/strong><\/p>\n<p><a href=\"https:\/\/www.sueddeutsche.de\/muenchen\/muenchen-liedermacher-konstantin-wecker-neues-buch-interview-li.3295200\" aria-label=\"Artikelverlinkung:\" data-track-szde=\"{&quot;event&quot;:&quot;teaser_clicked&quot;,&quot;teaser_clicked&quot;:{&quot;article_title&quot;:&quot;der_richtige_moment_um_aufzuraeumen&quot;,&quot;doctype&quot;:&quot;&quot;,&quot;label&quot;:&quot;szplus&quot;,&quot;main_topic&quot;:&quot;leben_und_gesellschaft_in_muenchen&quot;,&quot;object_id&quot;:&quot;li.3295200&quot;,&quot;pcat&quot;:&quot;paid&quot;,&quot;section&quot;:&quot;muenchen&quot;,&quot;teaser_type&quot;:&quot;article_teaser_top&quot;}}\" data-manual=\"teaser-url\" data-tb-link=\"\" aria-labelledby=\"teaser-httpswwwsueddeutschedemuenchenmuenchen-liedermacher-konstantin-wecker-neues-buch-interview-li3295200\" class=\"css-14tg8sh\" target=\"_blank\" rel=\"noopener\"><img decoding=\"async\" src=\"https:\/\/www.europesays.com\/de\/wp-content\/uploads\/2025\/08\/e2284c68-e744-4432-a3ed-da76ab019981.jpg\"   alt=\"\" loading=\"lazy\" class=\"css-8atqhb\"\/><\/p>\n<p>Konstantin Wecker<\/p>\n<p>:\u201eDer richtige Moment, um aufzur\u00e4umen\u201c<\/p>\n<p class=\"css-a6ecqs\" data-manual=\"teaser-text\" data-tb-description=\"\" data-schema-org-speakable=\"true\">Der Liedermacher Konstantin Wecker hat ein neues Buch geschrieben, in dem er radikal ehrlich von seinem Suchtverhalten erz\u00e4hlt. In \u201eDer Liebe zuliebe\u201c erkl\u00e4rt er auch, warum er nicht mehr Klavier spielen kann und was das f\u00fcr ihn bedeutet.<\/p>\n<p>SZ PlusInterview von Florian Kinast&#8230;<a href=\"https:\/\/www.sueddeutsche.de\/muenchen\/urlaub-autofahrt-kinder-musik-hoeren-sprachassistentin-lustige-songtitel-li.3245070\" aria-label=\"Artikelverlinkung:\" data-track-szde=\"{&quot;event&quot;:&quot;teaser_clicked&quot;,&quot;teaser_clicked&quot;:{&quot;article_title&quot;:&quot;ich_kenne_keinen_song_namens_uschi&quot;,&quot;doctype&quot;:&quot;&quot;,&quot;label&quot;:&quot;szplus&quot;,&quot;main_topic&quot;:&quot;familie&quot;,&quot;object_id&quot;:&quot;li.3245070&quot;,&quot;pcat&quot;:&quot;paid&quot;,&quot;section&quot;:&quot;muenchen&quot;,&quot;teaser_type&quot;:&quot;article_teaser_top&quot;}}\" data-manual=\"teaser-url\" data-tb-link=\"\" aria-labelledby=\"teaser-httpswwwsueddeutschedemuenchenurlaub-autofahrt-kinder-musik-hoeren-sprachassistentin-lustige-songtitel-li3245070\" class=\"css-14tg8sh\" target=\"_blank\" rel=\"noopener\"><img decoding=\"async\" src=\"https:\/\/www.europesays.com\/de\/wp-content\/uploads\/2025\/08\/9d72d3d4-a702-45ef-910b-f1cde9686f00.jpg\"   alt=\"\" loading=\"lazy\" class=\"css-8atqhb\"\/><\/p>\n<p>Musik auf langen Autofahrten<\/p>\n<p>:\u201eIch kenne keinen Song namens Uschi\u201c<\/p>\n<p class=\"css-a6ecqs\" data-manual=\"teaser-text\" data-tb-description=\"\" data-schema-org-speakable=\"true\">Wenn die Kinder im Auto nerven, wird es Zeit f\u00fcr ein Wunschkonzert. Bl\u00f6d blo\u00df, wenn die Handy-Sprachassistentin st\u00e4ndig die Songtitel falsch versteht.<\/p>\n<p>SZ PlusGlosse von Nadeschda Scharfenberg<\/p>\n<p data-manual=\"paragraph\" data-schema-org-speakable=\"true\" class=\"css-xboolz\"><strong>UNSER KULTURTIPP<\/strong><\/p>\n<p><a href=\"https:\/\/www.sueddeutsche.de\/muenchen\/ayliva-tour-konzert-muenchen-olympiahalle-setlist-tickets-li.3296888\" aria-label=\"Artikelverlinkung:\" data-track-szde=\"{&quot;event&quot;:&quot;teaser_clicked&quot;,&quot;teaser_clicked&quot;:{&quot;article_title&quot;:&quot;das_wichtigste_zum_doppelkonzert_von_ayliva_in_muenchen&quot;,&quot;doctype&quot;:&quot;&quot;,&quot;label&quot;:&quot;&quot;,&quot;main_topic&quot;:&quot;kultur_in_muenchen&quot;,&quot;object_id&quot;:&quot;li.3296888&quot;,&quot;pcat&quot;:&quot;metered&quot;,&quot;section&quot;:&quot;muenchen&quot;,&quot;teaser_type&quot;:&quot;article_teaser_top&quot;}}\" data-manual=\"teaser-url\" data-tb-link=\"\" aria-labelledby=\"teaser-httpswwwsueddeutschedemuenchenayliva-tour-konzert-muenchen-olympiahalle-setlist-tickets-li3296888\" class=\"css-14tg8sh\" target=\"_blank\" rel=\"noopener\"><img decoding=\"async\" src=\"https:\/\/www.europesays.com\/de\/wp-content\/uploads\/2025\/08\/1756484531_315_cc296f4a-1ec3-4153-b5a8-e39cd6ebdabd.jpg\"   alt=\"\" loading=\"lazy\" class=\"css-8atqhb\"\/><\/p>\n<p>Tiktok-Star in der Olympiahalle<\/p>\n<p>:Das Wichtigste zum Doppelkonzert von Ayliva in M\u00fcnchen<\/p>\n<p class=\"css-a6ecqs\" data-manual=\"teaser-text\" data-tb-description=\"\" data-schema-org-speakable=\"true\">Ayliva ist die deutsche  Selfmade-Pop-Sensation \u2013 wie wurde sie dazu? Was war ihr emotionalster Moment als \u201eThe Voice\u201c-Jurorin? Wie kommt man noch an Tickets f\u00fcr die ausverkaufte Tournee durch 30 St\u00e4dte? Und das Wichtigste: Wie geht es Ihr?<\/p>\n<p data-manual=\"paragraph\" data-schema-org-speakable=\"true\" class=\"css-xboolz\"><a href=\"https:\/\/www.sueddeutsche.de\/thema\/Restaurants\" target=\"_blank\" rel=\"noopener\">Restaurants in M\u00fcnchen<\/a> | <a href=\"https:\/\/www.sueddeutsche.de\/thema\/Bars\" target=\"_blank\" rel=\"noopener\">Bars in M\u00fcnchen<\/a> | <a href=\"https:\/\/www.sueddeutsche.de\/thema\/Fr%C3%BChst%C3%BCck_und_Brunch\" target=\"_blank\" rel=\"noopener\">Fr\u00fchst\u00fcck und Brunch<\/a><strong>Zu den Landkreisen:<\/strong> <a href=\"https:\/\/www.sueddeutsche.de\/muenchen\/wolfratshausen\" target=\"_blank\" rel=\"noopener\">Bad T\u00f6lz-Wolfratshausen<\/a> | <a href=\"https:\/\/www.sueddeutsche.de\/muenchen\/dachau\" target=\"_blank\" rel=\"noopener\">Dachau<\/a> | <a href=\"https:\/\/www.sueddeutsche.de\/muenchen\/ebersberg\" target=\"_blank\" rel=\"noopener\">Ebersberg<\/a> | <a href=\"https:\/\/www.sueddeutsche.de\/muenchen\/erding\" target=\"_blank\" rel=\"noopener\">Erding<\/a> | <a href=\"https:\/\/www.sueddeutsche.de\/muenchen\/freising\" target=\"_blank\" rel=\"noopener\">Freising<\/a> | <a href=\"https:\/\/www.sueddeutsche.de\/muenchen\/fuerstenfeldbruck\" target=\"_blank\" rel=\"noopener\">F\u00fcrstenfeldbruck<\/a> | <a href=\"https:\/\/www.sueddeutsche.de\/muenchen\/landkreismuenchen\" target=\"_blank\" rel=\"noopener\">M\u00fcnchen<\/a> | <a href=\"https:\/\/www.sueddeutsche.de\/muenchen\/starnberg\" target=\"_blank\" rel=\"noopener\">Starnberg<\/a><\/p>\n","protected":false},"excerpt":{"rendered":"Was Jugendliche zur Wehrdienst-Debatte sagen, ob Frauen auch zur Bundeswehr sollten, wie man an g\u00fcnstige Pl\u00e4tze in Gourmetrestaurants&hellip;\n","protected":false},"author":2,"featured_media":2312,"comment_status":"","ping_status":"","sticky":false,"template":"","format":"standard","meta":{"footnotes":""},"categories":[1827],"tags":[772,29,30,1268,2338,2339,149],"class_list":{"0":"post-382241","1":"post","2":"type-post","3":"status-publish","4":"format-standard","5":"has-post-thumbnail","7":"category-muenchen","8":"tag-bayern","9":"tag-deutschland","10":"tag-germany","11":"tag-muenchen","12":"tag-newsletter","13":"tag-oberbayern","14":"tag-sueddeutsche-zeitung"},"share_on_mastodon":{"url":"https:\/\/pubeurope.com\/@de\/115112977941452938","error":""},"_links":{"self":[{"href":"https:\/\/www.europesays.com\/de\/wp-json\/wp\/v2\/posts\/382241","targetHints":{"allow":["GET"]}}],"collection":[{"href":"https:\/\/www.europesays.com\/de\/wp-json\/wp\/v2\/posts"}],"about":[{"href":"https:\/\/www.europesays.com\/de\/wp-json\/wp\/v2\/types\/post"}],"author":[{"embeddable":true,"href":"https:\/\/www.europesays.com\/de\/wp-json\/wp\/v2\/users\/2"}],"replies":[{"embeddable":true,"href":"https:\/\/www.europesays.com\/de\/wp-json\/wp\/v2\/comments?post=382241"}],"version-history":[{"count":0,"href":"https:\/\/www.europesays.com\/de\/wp-json\/wp\/v2\/posts\/382241\/revisions"}],"wp:featuredmedia":[{"embeddable":true,"href":"https:\/\/www.europesays.com\/de\/wp-json\/wp\/v2\/media\/2312"}],"wp:attachment":[{"href":"https:\/\/www.europesays.com\/de\/wp-json\/wp\/v2\/media?parent=382241"}],"wp:term":[{"taxonomy":"category","embeddable":true,"href":"https:\/\/www.europesays.com\/de\/wp-json\/wp\/v2\/categories?post=382241"},{"taxonomy":"post_tag","embeddable":true,"href":"https:\/\/www.europesays.com\/de\/wp-json\/wp\/v2\/tags?post=382241"}],"curies":[{"name":"wp","href":"https:\/\/api.w.org\/{rel}","templated":true}]}}